{"id":951,"date":"2012-02-06T10:43:00","date_gmt":"2012-02-06T10:43:00","guid":{"rendered":"http:\/\/www.chpuye.com\/?p=951"},"modified":"2012-02-06T10:43:00","modified_gmt":"2012-02-06T10:43:00","slug":"chpde-uzumleri-yiyenbagciyi-dovenbagi-yok-edenbatum-gibileridir","status":"publish","type":"post","link":"https:\/\/www.chpuye.com\/?p=951","title":{"rendered":"CHPde \u00fcz\u00fcmleri yiyen,ba\u011fc\u0131y\u0131 d\u00f6ven,ba\u011f\u0131 yok eden,Batum gibileridir."},"content":{"rendered":"<p>Say\u0131n Batum Ulasal kanalda \u00d6nder sav ve kurultay \u00fcyelerini ba\u011fc\u0131y\u0131 d\u00f6vmekle su\u00e7luyorsunuz. (5.2.12 aksam\u0131,neler oluyor program\u0131.)<br \/>\nSay\u0131n ilsever, bu CHP\u2019den bir \u015fey olmaz dedi.<br \/>\nSizde Partinin yapmad\u0131\u011f\u0131n\u0131 5 gen\u00e7 yapt\u0131, TTK na atanan\u0131 istifa ettirdi dediniz.<br \/>\nBir \u015fey olmaz, yapmad\u0131 dedi\u011finiz partiyi sizler y\u00f6netiyorsunuz.Baykal yada Sav m\u0131 y\u00f6netiyor, d\u00f6n\u00fcp onlar\u0131 d\u00f6v\u00fcyorsunuz. \u00dcyelerde yeni anayasa istemiyorlar diyor, \u00fcyeleri de d\u00f6v\u00fcyorsunuz.Anayasa konusunda fikrimi s\u00f6ylemi\u015ftim Bak\u0131n\u0131z: <a href=\"http:\/\/www.chpuye.com\/?p=510CHPliler\">http:\/\/www.chpuye.com\/?p=510<br \/>\nCHPliler<\/a> Sizin cebinizden \u00e7\u0131kard\u0131\u011f\u0131n\u0131z anayasaya kar\u015f\u0131lar.<br \/>\nAnayasa sucu islemi\u015f iktidarla anayasa yapmay\u0131n diyorlar.<br \/>\nSiz hangi ba\u011fa geldiniz? Ba\u011fc\u0131lar kimdi? Yoksa ba\u011f sahipsiz miydi?<br \/>\nBa\u011f dedi\u011finiz CHP,ba\u011fc\u0131 dedi\u011finiz, Baykal, Sav ve Baykalc\u0131lar. Sizleri bu ba\u011fa getiren Baykalc\u0131lar oldu\u011fu i\u00e7in size yeni Baykalc\u0131lar diyorum.<br \/>\nBu ba\u011fda \u00fcz\u00fcmleri \u00fcreten, partinin ger\u00e7ek sahibi \u00fcyeler, T\u00fcrk milleti var. Kurultay,genel merkez,il, ilce \u00f6rg\u00fctlerimiz de, ba\u011fda \u00fcretilen \u00fcz\u00fcmleri halk\u0131m\u0131z\u0131n yemesi i\u00e7in gerekli \u00e7al\u0131\u015fmay\u0131 yapmaktad\u0131r.(Yanl\u0131\u015flar\u0131n fark\u0131nday\u0131m)<br \/>\n<span style=\"color: #ff0000;\">Siz daha d\u00fcn bu\u00a0 ba\u011fa geldiniz.ba\u011fc\u0131y\u0131 d\u00f6v\u00fcyorlar diye ba\u011f\u0131r\u0131yorsunuz.pes yani:<\/span><br \/>\n3.11.10 de PM ne darbe vurup, sizi ba\u011fa getirenlere tekmeyi vurmad\u0131n\u0131z m\u0131?<br \/>\nY\u0131lmaz \u00d6zdil\u2019in dedi\u011fi gibi para\u015f\u00fctle ba\u011fa inen ba\u011fc\u0131n\u0131n(Sav\u2019\u0131n) koltu\u011funa oturan siz de\u011fil misiniz. \u00d6vg\u00fcler dizdi\u011finiz sav ba\u011fc\u0131 d\u00f6ven, siz ba\u011f sahibi oldunuz.Bizleri bal\u0131k haf\u0131zal\u0131 yapmay\u0131n.Bunlar\u0131 unutmad\u0131k<br \/>\n18 aral\u0131k 2010 da bask\u0131n kurultay\u0131nda ba\u011fc\u0131lar\u0131\u00a0 ba\u011fdan att\u0131n\u0131z.<br \/>\n\u00dcz\u00fcmlere yerken, ba\u011f\u0131n di\u011fer sahipleri ses \u00e7\u0131karmas\u0131n diye onlar\u0131 d\u00f6vmeye ba\u015flad\u0131n\u0131z. \u0130l ve il\u00e7elerdeki operasyonlar da bunun i\u00e7in yap\u0131ld\u0131.Ba\u011f\u0131n en g\u00fczel \u00fcz\u00fcmlerini yiyip vekil oldunuz.<br \/>\n<span style=\"color: #ff0000;\">Y\u0131lard\u0131r ba\u011fda emek verenler ba\u011fc\u0131 d\u00f6ven, d\u00fcn gelenler ba\u011fc\u0131 oluyor.<\/span>\u00dcz\u00fcmleri yiyip ba\u011f\u0131m\u0131z\u0131 yok etti\u011finizin fark\u0131nday\u0131m.<br \/>\nCHPli belediyelerin oldu\u011fu yerlerde de \u00fcz\u00fcm var. Oradaki \u00fcz\u00fcmleri yiyip, oradaki ba\u011flar\u0131 da yok edece\u011finizi g\u00f6rmekteyim.\u00dcz\u00fcmleri yemekle is bitmiyor, ba\u011flar\u0131 da yok etmek gerekiyor ki, halk\u0131m\u0131z\u0131n umudu olan \u00fcz\u00fcmler yeti\u015fmesin. Bunlar\u0131 g\u00f6r\u00fcyorum.<br \/>\nUzaktan ba\u011fa gelirken bir itiraz\u0131m yoktu. Nas\u0131l ki partimin anayasas\u0131n\u0131 bir kenara at\u0131p cebinizdeki anayasay\u0131 uygulamaya ba\u015flad\u0131n\u0131z, iste o zaman sizi g\u00f6rd\u00fcm.<br \/>\nSiz \u00fcz\u00fcm yeti\u015ftirip,sonra onu yemeye gelmemi\u015ftiniz.Var olan \u00fcz\u00fcmleri yiyip ba\u011f\u0131 yok etmeye gelmi\u015ftiniz.Her gecen g\u00fcn ba\u011f\u0131n yok edildi\u011fini g\u00f6ren CHPli say\u0131s\u0131 art\u0131yor.<br \/>\nMedya deste\u011fi ile teneke \u00e7al\u0131p kargalar\u0131 ka\u00e7\u0131rmaya \u00e7al\u0131\u015f\u0131yorsunuz. CHPlileri karga\u00a0 san\u0131yorsan\u0131z aldan\u0131yorsunuz. CHPliler montaj filme teslim olamaz.<br \/>\nCHPlileri\u00a0 26 \u015fubat ta arenaya \u00e7a\u011f\u0131r\u0131yorsunuz.Medya destekli,teneke \u00e7alaca\u011f\u0131n\u0131z sizin ba\u011f\u0131n\u0131za gelmeyece\u011fiz. Arena \u015fovu Kurultaya darbe vurmak i\u00e7in yap\u0131lmaktad\u0131r.Akl\u0131 s\u0131ra, daha \u00e7ok teneke \u00e7alarak bizleri ka\u00e7\u0131rmay\u0131 d\u00fc\u015f\u00fcn\u00fcyorsunuz.Ne teneke \u00e7alacak, nede karga olup ka\u00e7aca\u011f\u0131m; bunu bilin.<br \/>\n<span style=\"color: #ff0000;\">CHPliler, ba\u011fc\u0131lar\u0131n\u0131 d\u00f6ven, \u00fcz\u00fcmlerini yiyen, ba\u011f\u0131n\u0131 yok edenleri, ba\u011flar\u0131ndan kovmak i\u00e7in y\u00fcr\u00fcy\u00fc\u015fe ba\u015flam\u0131\u015ft\u0131r. 1 marta\u00a0 ba\u011flar\u0131na sahip \u00e7\u0131kacak, ba\u011fa\u00a0 zarar veren herkesi ba\u011fdan atacak,ba\u011f\u0131n ger\u00e7ek sahiplerine,ba\u011flar\u0131n\u0131 teslim edecektir.Etmelidirler.<br \/>\n<\/span>Ba\u011fda olmayan Baykal ve sav\u0131 d\u00f6vmek partiyi d\u00f6vmektir.Durun bakal\u0131m,Sizin onlara bir \u015fey s\u00f6yleme hakk\u0131n\u0131z yok.Ki\u015filer \u00fczerinden partiye d\u00f6vmeyi b\u0131rak\u0131n. Sonradan gelip benim ba\u011fc\u0131lar\u0131m\u0131\u00a0 d\u00f6vemezsiniz.<br \/>\nPartiyi, Sav\u0131 sahipsiz sanmay\u0131n,kimse yoksa, ben var\u0131m.Sahip \u00e7\u0131k\u0131yorum.<br \/>\n\u00dcyeler kars\u0131ma ge\u00e7sin yeni anayasay\u0131 neden istemiyorlar anlats\u0131nlar diyorsunuz<br \/>\n<span style=\"color: #ff0000;\">\u00c7a\u011fr\u0131n\u0131z\u0131 kabul ediyorum.\u00dcye olarak\u00a0 Ulusal kanal da bunlar\u0131 konusal\u0131m<\/span>.<br \/>\nUzaktan ba\u011fc\u0131 d\u00f6vmekle olamaz,B\u00fcy\u00fcklerimin hakl\u0131 olarak bana ataca\u011f\u0131 tokatlar\u0131,herkesin \u00f6n\u00fcnde yemeye haz\u0131r\u0131m.Politikan\u0131n nabz\u0131,neler oluyor yada ba\u015fka bir programda olabilir.<br \/>\nKurultay partinin en y\u00fcksek organ\u0131d\u0131r.Gazi Mustafa Kemalin yapt\u0131\u011f\u0131 gibi kongreler kurultaylar yaparak, partimizi halk\u0131m\u0131z\u0131n \u00f6zledi\u011fi parti yapaca\u011f\u0131z.<br \/>\nAhmet Taner k\u0131\u015flal\u0131\u2019n\u0131n \u201cBir T\u00fcrk\u00fcn \u00d6l\u00fcm\u00fc\u2019nde\u201d dedi\u011fi gibi ger\u00e7ek kurultaylar yaparak.Ola\u011fan dan\u0131\u015fma kurultay\u0131n\u0131 yapmay\u0131p bask\u0131n kurultaylar yapanlar\u0131n neden kurultaylara kars\u0131 oldu\u011funu g\u00f6rmekteyim.Her CHPli\u00a0 g\u00f6rmelidir<br \/>\nAtam\u0131z\u0131n bizlere emanet etti\u011fi 2 ba\u011f\u0131 var. T\u00fcrkiye Cumhuriyeti ve CHP.<br \/>\nCHPye sahip \u00e7\u0131kamayanlar, T\u00fcrkiye Cumhuriyetine sahip \u00e7\u0131kabilir mi?<br \/>\nCHPliler,Kemalistler ba\u011flar\u0131na sahip \u00e7\u0131kmal\u0131d\u0131r.<br \/>\nsayg\u0131lar\u0131mla<br \/>\n06.02.2012<br \/>\nMazlum Vural CHP \u0130stanbul\/Ey\u00fcp il\u00e7esi \u00fcyesi<\/p>\n","protected":false},"excerpt":{"rendered":"<p>Say\u0131n Batum Ulasal kanalda \u00d6nder sav ve kurultay \u00fcyelerini ba\u011fc\u0131y\u0131 d\u00f6vmekle su\u00e7luyorsunuz. (5.2.12 aksam\u0131,neler oluyor program\u0131.) Say\u0131n ilsever, bu CHP\u2019den bir \u015fey olmaz dedi. Sizde Partinin yapmad\u0131\u011f\u0131n\u0131 5 gen\u00e7 yapt\u0131, TTK na atanan\u0131 istifa ettirdi dediniz. Bir \u015fey olmaz, yapmad\u0131 &hellip; <a href=\"https:\/\/www.chpuye.com\/?p=951\">Okumaya devam et <span class=\"meta-nav\">&rarr;<\/span><\/a><\/p>\n","protected":false},"author":1,"featured_media":0,"comment_status":"closed","ping_status":"open","sticky":false,"template":"","format":"gallery","meta":[],"categories":[11],"tags":[],"_links":{"self":[{"href":"https:\/\/www.chpuye.com\/index.php?rest_route=\/wp\/v2\/posts\/951"}],"collection":[{"href":"https:\/\/www.chpuye.com\/index.php?rest_route=\/wp\/v2\/posts"}],"about":[{"href":"https:\/\/www.chpuye.com\/index.php?rest_route=\/wp\/v2\/types\/post"}],"author":[{"embeddable":true,"href":"https:\/\/www.chpuye.com\/index.php?rest_route=\/wp\/v2\/users\/1"}],"replies":[{"embeddable":true,"href":"https:\/\/www.chpuye.com\/index.php?rest_route=%2Fwp%2Fv2%2Fcomments&post=951"}],"version-history":[{"count":0,"href":"https:\/\/www.chpuye.com\/index.php?rest_route=\/wp\/v2\/posts\/951\/revisions"}],"wp:attachment":[{"href":"https:\/\/www.chpuye.com\/index.php?rest_route=%2Fwp%2Fv2%2Fmedia&parent=951"}],"wp:term":[{"taxonomy":"category","embeddable":true,"href":"https:\/\/www.chpuye.com\/index.php?rest_route=%2Fwp%2Fv2%2Fcategories&post=951"},{"taxonomy":"post_tag","embeddable":true,"href":"https:\/\/www.chpuye.com\/index.php?rest_route=%2Fwp%2Fv2%2Ftags&post=951"}],"curies":[{"name":"wp","href":"https:\/\/api.w.org\/{rel}","templated":true}]}}