{"id":936,"date":"2012-02-03T10:34:21","date_gmt":"2012-02-03T10:34:21","guid":{"rendered":"http:\/\/www.chpuye.com\/?p=936"},"modified":"2012-02-03T10:34:21","modified_gmt":"2012-02-03T10:34:21","slug":"sayin-coskun-uyelerinhalkin-sesi-degil-cumhuriyetin-sesidir","status":"publish","type":"post","link":"https:\/\/www.chpuye.com\/?p=936","title":{"rendered":"Say\u0131n Co\u015fkun, \u00fcyelerin(halk\u0131n) sesi de\u011fil, Cumhuriyetin sesidir"},"content":{"rendered":"<h1 style=\"margin: 0cm 0cm 0pt;\"><span style=\"font-family: Times New Roman; font-size: large;\">Say\u0131n Bekir Co\u015fkun&#8217;a\u00a0<br \/>\n<\/span><span style=\"font-size: 14pt; mso-bidi-font-size: 12.0pt;\"><span style=\"color: #000000;\"><span style=\"font-family: Times New Roman;\">K\u0131l\u0131\u00e7daro\u011flu\u2019na A\u00e7\u0131k Mektup\u2026 adli yaz\u0131n\u0131z\u0131 okudum.<\/span><\/span><\/span><\/h1>\n<p class=\"MsoNormal\" style=\"margin: 0cm 0cm 0pt;\"><span style=\"font-size: 14pt; mso-bidi-font-size: 12.0pt;\"><span style=\"color: #000000;\"><span style=\"font-family: Times New Roman;\">Sayg\u0131 duydu\u011fum,yaz\u0131lar\u0131n\u0131z d\u00fczenli okudu\u011fum bir yazars\u0131n\u0131z.<br \/>\n<\/span><\/span><\/span><span style=\"font-size: 14pt; mso-bidi-font-size: 12.0pt;\"><span style=\"color: #000000;\"><span style=\"font-family: Times New Roman;\">CHP ile<span style=\"mso-spacerun: yes;\">\u00a0 <\/span>ilgili \u00e7a\u011fr\u0131n\u0131za, \u00dcye olarak<span style=\"mso-spacerun: yes;\">\u00a0 <\/span>ses vereyim dedim.<\/span><\/span><\/span><\/p>\n<p class=\"MsoNormal\" style=\"margin: 0cm 0cm 0pt;\"><span style=\"font-size: 14pt; mso-bidi-font-size: 12.0pt;\"><span style=\"color: #000000;\"><span style=\"font-family: Times New Roman;\">19 May\u0131s\u2019ta yeniden Samsun\u2019a nas\u0131l \u00e7\u0131kmal\u0131 sorusunun cevab<strong><span style=\"font-weight: normal;\">\u0131<\/span><\/strong>n<strong><span style=\"font-weight: normal;\">\u0131<\/span><\/strong> vermi\u015finiz.<\/span><\/span><\/span><\/p>\n<p class=\"MsoNormal\" style=\"margin: 0cm 0cm 0pt;\"><strong><span style=\"font-size: 14pt; mso-bidi-font-size: 12.0pt;\"><span style=\"color: #000000;\"><span style=\"font-family: Times New Roman;\">\u201cKusura bakmay\u0131n ama bu kadrolar\u0131yla, bu yap\u0131s\u0131yla, bu tav\u0131rlar\u0131yla, bu da\u011f\u0131n\u0131kl\u0131\u011f\u0131 ile CHP sava\u015f mava\u015f veremez\u2026\u201d<\/span><\/span><\/span><\/strong><span style=\"font-size: 14pt; mso-bidi-font-size: 12.0pt;\"><span style=\"color: #000000;\"><span style=\"font-family: Times New Roman;\">Diyorsunuz. Hakl\u0131s<\/span><\/span><\/span><span style=\"font-size: 14pt; mso-bidi-font-size: 12.0pt;\"><span style=\"color: #000000;\"><span style=\"font-family: Times New Roman;\">\u0131n\u0131<\/span><\/span><\/span><span style=\"font-size: 14pt; mso-bidi-font-size: 12.0pt;\"><span style=\"color: #000000;\"><span style=\"font-family: Times New Roman;\">z.<\/span><\/span><\/span><\/p>\n<p class=\"MsoNormal\" style=\"margin: 0cm 0cm 0pt;\"><span style=\"color: #000000;\"><span style=\"font-family: Times New Roman;\"><strong><span style=\"font-size: 14pt; font-weight: normal; mso-bidi-font-size: 12.0pt;\">Bu tespiti yapt\u0131ktan sonra anla\u015f\u0131lan tek bas\u0131na \u00e7\u0131kmas\u0131n\u0131 istiyorsunuz samsuna. Y\u00fcz binler samsuna \u00e7\u0131ksa, \u00f6rg\u00fctl\u00fc de\u011filse, bir anlam\u0131 olaca\u011f\u0131na inanm\u0131yorum<\/span><\/strong><strong><span style=\"font-size: 14pt; mso-bidi-font-size: 12.0pt;\">.<\/span><\/strong><span style=\"font-size: 14pt; mso-bidi-font-size: 12.0pt;\"> K\u0131l\u0131\u00e7daro\u011flu 21 ayd\u0131r genel ba\u015fkan, yapt\u0131klar\u0131na bak\u0131yorum, <span style=\"color: #ff0000;\">Gazi Mustafa Kemalin Samsuna \u00e7\u0131k\u0131s\u0131 ve yapt\u0131klar\u0131yla benzerlik kuramad\u0131m.<\/span>Bu durumda<span style=\"mso-spacerun: yes;\">\u00a0 <\/span>benim kurtulu\u015f savas\u0131 tarihimizi bir defa daha okumam laz\u0131m.<strong><\/strong><\/span><\/span><\/span><\/p>\n<p class=\"MsoNormal\" style=\"margin: 0cm 0cm 0pt;\"><span style=\"font-size: 14pt; mso-bidi-font-size: 12.0pt;\"><span style=\"color: #000000;\"><span style=\"font-family: Times New Roman;\">\u00a0<\/span><\/span><\/span><span style=\"font-family: Times New Roman;\"><strong><span style=\"font-size: 14pt; mso-bidi-font-size: 12.0pt;\"><span style=\"color: #000000;\">\u201cO zaman \u00e7\u0131k\u0131n k\u00fcrs\u00fcye\u2026 O salondaki CHP \u00f6rg\u00fct\u00fcne bug\u00fcnlerin bir <\/span><\/span><\/strong><span style=\"font-size: 14pt; mso-bidi-font-size: 12.0pt;\"><span style=\"color: #000000;\">\u201c<strong>Kurtulu\u015f Sava\u015f\u0131<\/strong><\/span><span style=\"color: #000000;\">\u201d<strong> s\u00fcreci oldu\u011funu hat\u0131rlat\u0131n\u2026\u201d<\/strong><\/span><span style=\"color: #000000;\"> diyorsunuz:<\/span><\/span><\/span><\/p>\n<p class=\"MsoNormal\" style=\"margin: 0cm 0cm 0pt;\"><span style=\"font-size: 14pt; mso-bidi-font-size: 12.0pt;\"><span style=\"color: #000000;\"><span style=\"font-family: Times New Roman;\">Unuttunuz san\u0131r\u0131m 22 may\u0131s 2010 kurultay\u0131nda Kurultay \u00fcyelerinin tamam\u0131n\u0131n oyu ile se\u00e7ildi\u011finde dediklerinizi yapm\u0131\u015ft\u0131. <\/span><\/span><\/span><\/p>\n<p class=\"MsoNormal\" style=\"margin: 0cm 0cm 0pt;\"><span style=\"font-size: 14pt; mso-bidi-font-size: 12.0pt;\"><span style=\"color: #000000;\"><span style=\"font-family: Times New Roman;\">K\u0131l\u0131\u00e7daro\u011flu\u2019nu Samsuna \u00e7\u0131kar\u0131yorsunuz ama, parti sava\u015f veremez diyorsunuz.<\/span><\/span><\/span><\/p>\n<p class=\"MsoNormal\" style=\"margin: 0cm 0cm 0pt;\"><span style=\"font-size: 14pt; mso-bidi-font-size: 12.0pt;\"><span style=\"color: #000000;\"><span style=\"font-family: Times New Roman;\">Simdi Samsuna nas\u0131l \u00e7\u0131kt\u0131\u011f\u0131n\u0131, savas\u0131 nas\u0131l verdiklerini anlatay\u0131m. <\/span><\/span><\/span><\/p>\n<p class=\"MsoNormal\" style=\"margin: 0cm 0cm 0pt;\"><span style=\"font-size: 14pt; mso-bidi-font-size: 12.0pt;\"><span style=\"color: #000000;\"><span style=\"font-family: Times New Roman;\">3.11.2010 PM ne darbe vurdu. MYK nu istedi\u011fi gibi atad\u0131.<\/span><\/span><\/span><\/p>\n<p class=\"MsoNormal\" style=\"margin: 0cm 0cm 0pt;\"><span style=\"font-size: 14pt; mso-bidi-font-size: 12.0pt;\"><span style=\"color: #000000;\"><span style=\"font-family: Times New Roman;\">18.12.210 Karar verip 18 g\u00fcnde bask\u0131n kurultay yapt\u0131.Kendini se\u00e7enlerin bir k\u0131sm\u0131, tasfiye edildi Y\u0131lmaz \u00d6zdil\u2019in dedi\u011fi gibi para\u015f\u00fctle gelenler parti y\u00f6netimine girdi.<br \/>\nBana ne diyebilirsiniz. hakl<strong><span style=\"font-weight: normal;\">\u0131<\/span><\/strong>s<strong><span style=\"font-weight: normal;\">\u0131<\/span><\/strong>n<strong><span style=\"font-weight: normal;\">\u0131<\/span><\/strong>z.<\/span><\/span><\/span><\/p>\n<p class=\"MsoNormal\" style=\"margin: 0cm 0cm 0pt;\"><span style=\"font-size: 14pt; mso-bidi-font-size: 12.0pt;\"><span style=\"color: #000000;\"><span style=\"font-family: Times New Roman;\">CHPli \u00fcyeler i\u00e7in bunlar\u0131n \u00f6nemini nerden bileceksiniz.<\/span><\/span><\/span><\/p>\n<p class=\"MsoNormal\" style=\"margin: 0cm 0cm 0pt;\"><span style=\"font-size: 14pt; mso-bidi-font-size: 12.0pt;\"><span style=\"color: #000000;\"><span style=\"font-family: Times New Roman;\">Aday olan il,ilce y\u00f6neticileri istifa etsin diyenlere,aday olan PM \u00fcyeleri de istifa etsin diyecek haliniz yok ya. 70 il,300 ilce \u00f6rg\u00fct\u00fcn\u00fcn hukuk d\u0131\u015f\u0131 yollarla g\u00f6revlerinden al\u0131nmas\u0131, sizi ilgilendirecek de\u011fil ya.<\/span><\/span><\/span><\/p>\n<p class=\"MsoNormal\" style=\"margin: 0cm 0cm 0pt;\"><span style=\"font-size: 14pt; mso-bidi-font-size: 12.0pt;\"><span style=\"color: #000000;\"><span style=\"font-family: Times New Roman;\">Atanm\u0131\u015f partili olmayanlar taraf\u0131ndan,\u0130l\u00e7emin se\u00e7ilmi\u015f Tuncelili ba\u015fkan ve y\u00f6netimi g\u00f6revden al<strong><span style=\"font-weight: normal;\">\u0131<\/span><\/strong>nd<strong><span style=\"font-weight: normal;\">\u0131<\/span><\/strong>.Tunceli il y\u00f6netimini de g\u00f6revden al\u0131p yerlerine dersimlileri atay\u0131nca, Ey\u00fcp<span style=\"mso-spacerun: yes;\">\u00a0 <\/span>ilce y\u00f6netiminin, g\u00f6revden al\u0131\u015f nedenini de anlam\u0131\u015f oldum.Bende bunlar\u0131<span style=\"mso-spacerun: yes;\">\u00a0 <\/span>neden anlat\u0131yorum ki;Sizi neden ilgilendirsin ki; <\/span><\/span><\/span><\/p>\n<p class=\"MsoNormal\" style=\"margin: 0cm 0cm 0pt;\"><span style=\"font-size: 14pt; mso-bidi-font-size: 12.0pt;\"><span style=\"color: #000000;\"><span style=\"font-family: Times New Roman;\">CHP Irak Teskeresine hay\u0131r demi\u015fti,Libya teskeresine evet demesi sava\u015f de\u011fil mi? Libya teskeresine evet, \u00f6rg\u00fctlerdeki hukuk d\u0131\u015f\u0131 operasyonlar savas\u0131n ta kendisidir.Libya nas\u0131l ele ge\u00e7irilmi\u015fse, inan\u0131n CHP\u2019nin b\u00fct\u00fcn \u00f6rg\u00fctleri \u00f6yle ele ge\u00e7iriliyor.Tam dedi\u011finiz gibi kurultaya darbe vurup,<span style=\"mso-spacerun: yes;\">\u00a0 <\/span>26 \u015fubatta hukuk d\u0131\u015f\u0131 kurultay\u0131<span style=\"mso-spacerun: yes;\">\u00a0 <\/span>yapar, t\u00fcz\u00fc\u011f\u00fcm\u00fcz\u00fc<span style=\"mso-spacerun: yes;\">\u00a0 <\/span>yok ederse istedi\u011finiz yetkileri olacakt\u0131r.<\/span><\/span><\/span><\/p>\n<p class=\"MsoNormal\" style=\"margin: 0cm 0cm 0pt;\"><span style=\"font-size: 14pt; mso-bidi-font-size: 12.0pt;\"><span style=\"color: #000000;\"><span style=\"font-family: Times New Roman;\">1 marta Kurultay delegeleri de\u011fi\u015ftirecek t\u00fcz\u00fc\u011f\u00fc bulamay\u0131nca cay i\u00e7er evlerine giderler. Tek adam y\u00f6netimini isteyenler,kurultayla bir kez daha dalgas\u0131n\u0131 ge\u00e7er.<\/span><\/span><\/span><\/p>\n<p class=\"MsoNormal\" style=\"margin: 0cm 0cm 0pt;\"><span style=\"font-size: 14pt; mso-bidi-font-size: 12.0pt;\"><span style=\"color: #000000;\"><span style=\"font-family: Times New Roman;\">Kurultay partinin en \u00fcst organ\u0131,b\u00fct\u00fcn \u00fcyeleri temsil edermi\u015f kime ne:<\/span><\/span><\/span><\/p>\n<p class=\"MsoNormal\" style=\"margin: 0cm 0cm 0pt;\"><span style=\"font-size: 14pt; mso-bidi-font-size: 12.0pt;\"><span style=\"color: #000000;\"><span style=\"font-family: Times New Roman;\">B\u00fcr\u00fcksele \u00e7\u0131kmas\u0131,okyanus \u00f6tesine,AB ye heyetlerin \u00e7\u0131kmas\u0131n\u0131, Samsun olarak g\u00f6rmedi\u011finiz anla\u015f\u0131l\u0131yor.Belki de herkesin<span style=\"mso-spacerun: yes;\">\u00a0 <\/span>samsunu ayr\u0131d\u0131r.<\/span><\/span><\/span><\/p>\n<p class=\"MsoNormal\" style=\"margin: 0cm 0cm 0pt;\"><span style=\"font-size: 14pt; mso-bidi-font-size: 12.0pt;\"><span style=\"color: #000000;\"><span style=\"font-family: Times New Roman;\">Ey\u00fcp\u2019l\u00fc atalar\u0131m\u0131n Anadolu\u2019ya nas\u0131l ge\u00e7ti\u011fini biliyorum.Zaman\u0131 geldi\u011finde Muhtarl\u0131k yapm\u0131\u015f Bedri Keskin amcamla birlikte, onun kay\u0131\u011f\u0131 Anadolu\u2019ya ge\u00e7eriz.T\u00fcrk Milleti bu sava\u015fta da, samsuna Mustafa kemelini \u00e7\u0131karacakt\u0131r.<\/span><\/span><\/span><\/p>\n<p class=\"MsoNormal\" style=\"margin: 0cm 0cm 0pt;\"><span style=\"font-size: 14pt; mso-bidi-font-size: 12.0pt;\"><span style=\"color: #000000;\"><span style=\"font-family: Times New Roman;\">\u00a0<\/span><\/span><\/span><span style=\"font-size: 14pt; mso-bidi-font-size: 12.0pt;\"><span style=\"color: #000000;\"><span style=\"font-family: Times New Roman;\">\u201c\u0130yi niyetinize, d\u00fcr\u00fcstl\u00fc\u011f\u00fcn\u00fcze, samimiyetinize, tertemiz ki\u015fili\u011finize kimsenin itiraz\u0131 yok\u2026 Her yerde, her zaman bunun tan\u0131\u011f\u0131y\u0131m\u2026\u201dDiyorsunuz.<\/span><\/span><\/span><\/p>\n<p class=\"MsoNormal\" style=\"margin: 0cm 0cm 0pt;\"><span style=\"font-size: 14pt; mso-bidi-font-size: 12.0pt;\"><span style=\"color: #000000;\"><span style=\"font-family: Times New Roman;\">Bu konuda aran\u0131za girecek de\u011filim.Benim basit iki ilkem var. onlara g\u00f6re insanlar\u0131 derlendiririm.S\u00f6z\u00fc \u00f6z\u00fc bir mi? \u201cki\u015finin istir ayinesi lafa bak\u0131lmaz\u201d<\/span><\/span><\/span><\/p>\n<p class=\"MsoNormal\" style=\"margin: 0cm 0cm 0pt;\"><span style=\"font-size: 14pt; mso-bidi-font-size: 12.0pt;\"><span style=\"color: #000000;\"><span style=\"font-family: Times New Roman;\">\u00a0<\/span><\/span><\/span><span style=\"font-family: Times New Roman; color: #000000; font-size: large;\">TBMM de yap\u0131lan y\u00fcr\u00fcy\u00fc\u015f\u00fc g\u00f6r\u00fcnce, benim akl\u0131ma devrimcilik oynayan \u00e7ocuklar\u0131n, k\u00f6ydeki y\u00fcr\u00fcy\u00fc\u015fleri geldi.Anlams\u0131z g\u00f6zlerle izlemi\u015ftim.<\/span><\/p>\n<p class=\"MsoNormal\" style=\"margin: 0cm 0cm 0pt;\"><span style=\"font-size: 14pt; mso-bidi-font-size: 12.0pt;\"><span style=\"color: #000000;\"><span style=\"font-family: Times New Roman;\">\u00a0<\/span><\/span><\/span><span style=\"color: #000000;\"><span style=\"font-family: Times New Roman;\"><strong><span style=\"font-size: 14pt; mso-bidi-font-size: 12.0pt;\">\u201cO zaman bizler g\u00fcvendi\u011fimiz CHP olmadan, oyalanmadan, bo\u015funa, umutlanmadan,kendi yolumuzu arar\u0131z&#8230;\u201d<\/span><\/strong><strong><span style=\"font-size: 14pt; font-weight: normal; mso-bidi-font-size: 12.0pt;\">Diyorsunuz.<\/span><\/strong><strong><span style=\"font-size: 14pt; mso-bidi-font-size: 12.0pt;\"><\/span><\/strong><\/span><\/span><\/p>\n<p class=\"MsoNormal\" style=\"margin: 0cm 0cm 0pt;\"><strong><span style=\"font-size: 14pt; font-weight: normal; mso-bidi-font-size: 12.0pt;\"><span style=\"color: #000000;\"><span style=\"font-family: Times New Roman;\"><span style=\"color: #ff0000;\">G\u00fcveniniz<span style=\"mso-spacerun: yes;\">\u00a0 <\/span>1 ki\u015fiye kald\u0131ysa yand\u0131k derim.Oysa ben partimin il,ilce ve genel merkez \u00f6rg\u00fctleriyle, \u00fcyeleriyle umut olmas\u0131n\u0131 isterdim.Partimin program ve t\u00fcz\u00fc\u011f\u00fcne uyan, Gazi Mustafa Kemal Atat\u00fcrk\u2019\u00fcn yolundan giden y\u00f6neticilerle umut olaca\u011f\u0131na inan\u0131yorum.<\/span>Ankara, \u0130stanbul olmu\u015f, Anadolu da cemiyet yoksa Kemali samsuna, busuna \u00e7\u0131karm\u0131\u015f olmaz m\u0131y\u0131z?<\/span><\/span><\/span><\/strong><\/p>\n<p class=\"MsoNormal\" style=\"margin: 0cm 0cm 0pt;\"><strong><span style=\"font-size: 14pt; font-weight: normal; mso-bidi-font-size: 12.0pt;\"><span style=\"color: #000000;\"><span style=\"font-family: Times New Roman;\">Gazi y\u00f6renizden vatansever insanlar\u0131 yollay\u0131n derken,sizin Kemal, Ankara\u2019dan illere para\u015f\u00fctle vekil yolluyor.Vekillerin % 87 si atamayla belirlendi.<\/span><\/span><\/span><\/strong><\/p>\n<p class=\"MsoNormal\" style=\"margin: 0cm 0cm 0pt;\"><strong><span style=\"font-size: 14pt; font-weight: normal; mso-bidi-font-size: 12.0pt;\"><span style=\"color: #000000;\"><span style=\"font-family: Times New Roman;\">Bursal\u0131 CHPlilerin ne d\u00fc\u015f\u00fcnd\u00fc\u011f\u00fcyle ilgilenecek de\u011fi\u015finiz ya.<\/span><\/span><\/span><\/strong><\/p>\n<p class=\"MsoNormal\" style=\"margin: 0cm 0cm 0pt;\"><span style=\"color: #000000;\"><span style=\"font-family: Times New Roman;\"><strong><span style=\"font-size: 14pt; mso-bidi-font-size: 12.0pt;\">\u201c<\/span><\/strong><span style=\"font-size: 14pt; mso-bidi-font-size: 12.0pt;\">T\u00fcm yetkileri isteyin\u2026<\/span><span style=\"font-size: 14pt; mso-bidi-font-size: 12.0pt;\">Tart\u0131\u015fmas\u0131z\u2026S\u0131n\u0131rs\u0131z\u2026\u0130tirazs\u0131z\u2026\u201d <\/span><\/span><\/span><\/p>\n<p class=\"MsoNormal\" style=\"margin: 0cm 0cm 0pt;\"><span style=\"font-size: 14pt; mso-bidi-font-size: 12.0pt;\"><span style=\"color: #000000;\"><span style=\"font-family: Times New Roman;\">Bu yetkileri verenlerin kurultaylarla dalga<span style=\"mso-spacerun: yes;\">\u00a0 <\/span>ge\u00e7mesi normaldir.<\/span><\/span><\/span><\/p>\n<p class=\"MsoNormal\" style=\"margin: 0cm 0cm 0pt;\"><span style=\"font-size: 14pt; mso-bidi-font-size: 12.0pt;\"><span style=\"color: #000000;\"><span style=\"font-family: Times New Roman;\">T\u00fcz\u00fc\u011fe g\u00f6re daha fazla yap\u0131lmas\u0131 laz\u0131m.Bu g\u00fcne kadar yap\u0131lanlar\u0131n \u00e7o\u011fu kurultay de\u011fildi.Ben olsam secimden sonra dan\u0131\u015fma kurultay\u0131n\u0131 toplay\u0131p, orada se\u00e7imleri de\u011ferlendirirdim.Partimin kongreler, kurultaylar yaparak halk\u0131m\u0131z\u0131n umudu olaca\u011f\u0131na inan\u0131yorum.Si bakmay\u0131n 900 bin \u00fcyesi oldu\u011funa,\u00fcst\u00fcm\u00fczde \u00f6l\u00fc topra\u011f\u0131 oldu\u011funda \u00e7oktand\u0131r yokuz biz.Kimse yok mu? Var. Var.. var&#8230;<\/span><\/span><\/span><\/p>\n<p class=\"MsoNormal\" style=\"margin: 0cm 0cm 0pt;\"><span style=\"font-size: 14pt; mso-bidi-font-size: 12.0pt;\"><span style=\"color: #000000;\"><span style=\"font-family: Times New Roman;\">H\u00fcrmetle ellerinizde \u00f6perim sevgi ve sayg\u0131lar\u0131mla<\/span><\/span><\/span><\/p>\n<p class=\"MsoNormal\" style=\"margin: 0cm 0cm 0pt;\"><span style=\"font-size: 14pt; mso-bidi-font-size: 12.0pt;\"><span style=\"color: #000000;\"><span style=\"font-family: Times New Roman;\">\u00dcye<\/span><\/span><\/span><\/p>\n<p class=\"MsoNormal\" style=\"margin: 0cm 0cm 0pt;\"><span style=\"font-size: 14pt; mso-bidi-font-size: 12.0pt;\"><span style=\"color: #000000;\"><span style=\"font-family: Times New Roman;\">\u00a0<\/span><\/span><\/span><\/p>\n","protected":false},"excerpt":{"rendered":"<p>Say\u0131n Bekir Co\u015fkun&#8217;a\u00a0 K\u0131l\u0131\u00e7daro\u011flu\u2019na A\u00e7\u0131k Mektup\u2026 adli yaz\u0131n\u0131z\u0131 okudum. Sayg\u0131 duydu\u011fum,yaz\u0131lar\u0131n\u0131z d\u00fczenli okudu\u011fum bir yazars\u0131n\u0131z. CHP ile\u00a0 ilgili \u00e7a\u011fr\u0131n\u0131za, \u00dcye olarak\u00a0 ses vereyim dedim. 19 May\u0131s\u2019ta yeniden Samsun\u2019a nas\u0131l \u00e7\u0131kmal\u0131 sorusunun cevab\u0131n\u0131 vermi\u015finiz. \u201cKusura bakmay\u0131n ama bu kadrolar\u0131yla, bu yap\u0131s\u0131yla, &hellip; <a href=\"https:\/\/www.chpuye.com\/?p=936\">Okumaya devam et <span class=\"meta-nav\">&rarr;<\/span><\/a><\/p>\n","protected":false},"author":1,"featured_media":0,"comment_status":"closed","ping_status":"open","sticky":false,"template":"","format":"gallery","meta":[],"categories":[8],"tags":[],"_links":{"self":[{"href":"https:\/\/www.chpuye.com\/index.php?rest_route=\/wp\/v2\/posts\/936"}],"collection":[{"href":"https:\/\/www.chpuye.com\/index.php?rest_route=\/wp\/v2\/posts"}],"about":[{"href":"https:\/\/www.chpuye.com\/index.php?rest_route=\/wp\/v2\/types\/post"}],"author":[{"embeddable":true,"href":"https:\/\/www.chpuye.com\/index.php?rest_route=\/wp\/v2\/users\/1"}],"replies":[{"embeddable":true,"href":"https:\/\/www.chpuye.com\/index.php?rest_route=%2Fwp%2Fv2%2Fcomments&post=936"}],"version-history":[{"count":0,"href":"https:\/\/www.chpuye.com\/index.php?rest_route=\/wp\/v2\/posts\/936\/revisions"}],"wp:attachment":[{"href":"https:\/\/www.chpuye.com\/index.php?rest_route=%2Fwp%2Fv2%2Fmedia&parent=936"}],"wp:term":[{"taxonomy":"category","embeddable":true,"href":"https:\/\/www.chpuye.com\/index.php?rest_route=%2Fwp%2Fv2%2Fcategories&post=936"},{"taxonomy":"post_tag","embeddable":true,"href":"https:\/\/www.chpuye.com\/index.php?rest_route=%2Fwp%2Fv2%2Ftags&post=936"}],"curies":[{"name":"wp","href":"https:\/\/api.w.org\/{rel}","templated":true}]}}