{"id":924,"date":"2012-01-31T11:23:07","date_gmt":"2012-01-31T11:23:07","guid":{"rendered":"http:\/\/www.chpuye.com\/?p=924"},"modified":"2012-01-31T11:23:07","modified_gmt":"2012-01-31T11:23:07","slug":"kilicdaroglu-ve-myknun-takmadigi-hukuk-uyelerin-turk-milletinin-hukukudur","status":"publish","type":"post","link":"https:\/\/www.chpuye.com\/?p=924","title":{"rendered":"K\u0131l\u0131\u00e7daro\u011flu ve MYK\u2019nun takmad\u0131\u011f\u0131 hukuk, \u00fcyelerin, T\u00fcrk Milletinin hukukudur."},"content":{"rendered":"<p>Kurultay, Partinin en y\u00fcksek organ\u0131d\u0131r.CHPli \u00fcyeleri temsil eder.<br \/>\n\u201cParti i\u00e7i demokrasiyi de getirece\u011fiz t\u00fcz\u00fc\u011f\u00fc de de\u011fi\u015ftirece\u011fiz\u201d K\u0131l\u0131\u00e7daro\u011flu 22.5.2010<br \/>\nPM&#8217;nin 22 Aral\u0131ktaki toplant\u0131s\u0131nda ola\u011fan\u00fcst\u00fc kurultay \u00f6nergesi reddedildi<br \/>\nCHP Ankara eski \u0130l Ba\u015fkan\u0131 Ali Y\u0131ld\u0131zl\u0131 ve delegeleri temsiler yedi ki\u015fi genel merkeze gitti. Kurultay delegeleri noter kanal\u0131yla toplad\u0131klar\u0131 362 imza ile ola\u011fan\u00fcst\u00fc t\u00fcz\u00fck kurultay\u0131 talebi\u00a0 dilek\u00e7elerini teslim etti.. 18.01.12<br \/>\n\u201cGenel Ba\u015fkan Kemal K\u0131l\u0131\u00e7daro\u011flu CHP Ola\u011fan\u00fcst\u00fc Kurultay\u0131\u2019n\u0131 <em>26 \u015eubat 2012 Pazar g\u00fcn\u00fc saat 10:00\u2019da <\/em>toplant\u0131ya \u00e7a\u011f\u0131rd\u0131\u011f\u0131n\u0131 duyurdu.<br \/>\n<span style=\"color: #ff0000;\">Genel Ba\u015fkan&#8217;a sadece se\u00e7imli kurultay \u00e7a\u011fr\u0131s\u0131 yetkisi verilmi\u015ftir.<\/span><br \/>\n<span style=\"color: #ff0000;\">Genel Ba\u015fkan secim(G.ba\u015fkan ve PM secimi) d\u0131\u015f\u0131nda Kurultay g\u00fcndemine m\u00fcdahale hakk\u0131na sahip de\u011fildir.<br \/>\n<\/span>\u201cOla\u011fan\u00fcst\u00fc toplant\u0131n\u0131n g\u00fcndemi, isteyenlerce d\u00fczenlenir. Ola\u011fan\u00fcst\u00fc toplant\u0131da yaln\u0131z g\u00fcndemdeki konular g\u00f6r\u00fc\u015f\u00fcl\u00fcr, se\u00e7im yap\u0131lmaz. Ancak, Genel Ba\u015fkan g\u00fcndeme se\u00e7im maddesi koyabilir. Ola\u011fan\u00fcst\u00fc kurultay isteminde bulunan kurultay \u00fcyeleri say\u0131s\u0131 \u00fcye tam say\u0131s\u0131n\u0131n salt \u00e7o\u011funlu\u011funu sa\u011fl\u0131yor ise, g\u00fcndeme,g\u00fcven oyu ve se\u00e7im maddesi konulabilir.\u201d Madde-54<br \/>\n<span style=\"color: #ff0000;\">\u201cProgram ve t\u00fcz\u00fc\u011fe ayk\u0131r\u0131 hareket, g\u00f6z yummak desteklemek parti sucudur.\u201dT\u00fcz\u00fck Mad.70<br \/>\n<\/span>\u201cToplumsal ve siyasal ya\u015famda erdemli olmak, erdemlili\u011fi savunmak, korumak ve ger\u00e7ekle\u015ftirmek CHPli olman\u0131n \u00f6n ko\u015fuludur.\u201d Madde 4<br \/>\nKurultay \u00fcyeleri 10 maddelik bir \u00f6neri ile kurultay talebinde bulundu.<br \/>\nK\u0131l\u0131\u00e7daro\u011flu ba\u015fkanl\u0131\u011f\u0131ndaki MYK t\u00fcz\u00fck m\u00fcz\u00fck dinlemiyorum, kurultay bizim g\u00fcndemimizle toplanacak diyor<strong>.<br \/>\n<\/strong>PM ne darbe vurmu\u015f,ola\u011fan kurultay yapmam\u0131\u015f,bask\u0131n kurultayla istedi\u011fi PM onaylatm\u0131\u015f partinin en y\u00fcksek organ\u0131n\u0131 takar m\u0131?<br \/>\nMontaj bir filmle, operasyon la parti y\u00f6netimine gelmi\u015f y\u00f6netim is bas\u0131nda.T\u00fcz\u00fc\u011fe ayk\u0131r\u0131, CHPli olmayanlardan olu\u015fan PM, kendilerini vekil yap\u0131p CHPli olanlar\u0131 tasfiye ederek, parti y\u00f6netimindeki operasyonu tamamlad\u0131.<br \/>\n\u0130l ve il\u00e7elerdeki operasyonlar, 300 e yak\u0131n ilce \u00f6rg\u00fct\u00fcn g\u00f6revden al\u0131nmas\u0131 ile operasyon tamamlanmak \u00fczere.Hukuk d\u0131\u015f\u0131 s\u00fcren kongreler bitince de, b\u00fct\u00fcn \u00f6rg\u00fctlerde operasyon tamamlanm\u0131\u015f olacak.<br \/>\n<strong><span style=\"color: #ff0000;\">\u0130l ve il\u00e7elerdeki operasyonun amac\u0131da CHP li belediye kadrolar\u0131n\u0131 tasfiye etmektir.<\/span>\u0130ktidar bask\u0131nlar\u0131n\u0131 s\u00fcrd\u00fcr\u00fcrken, MYK da il ve il\u00e7elerdeki operasyonlar\u0131 s\u00fcrd\u00fcr\u00fcyor.<br \/>\n<\/strong>Darbe ile parti y\u00f6netimini ele ge\u00e7irmi\u015f kadrolar, kendi programlar\u0131na g\u00f6re, kendi g\u00fcndemlerine g\u00f6re hareket ediyor.<br \/>\n<strong>\u00dcyeler, se\u00e7menler,gazeteciler,bilim adamlar\u0131 vs. ne yapmal\u0131.<br \/>\n<\/strong><strong><span style=\"color: #ff0000;\">Mersin Milletvekili PM \u00fcyesi Isa G\u00f6k, imzas\u0131na sahip \u00e7\u0131karak parti durusunu g\u00f6sterdi.Hukuk tan\u0131maz parti y\u00f6netimine kars\u0131 partiyi savunup \u00f6nc\u00fc g\u00f6revini yapt\u0131.Desteklenmeli. <\/span><\/strong>Parti hukukuna uyanlarla uymayanlar aras\u0131nda yap\u0131lan sava\u015fta, \u00f6nc\u00fcler cesurca g\u00f6revlerini yapmal\u0131.CHPliler, partiye,kurultay \u00fcyelerine yap\u0131lacak sald\u0131r\u0131lara siper olup kars\u0131 koymal\u0131d\u0131r.<br \/>\nKurultay \u00fcyeleri, b\u00fct\u00fcn \u00fcyeleri temsil ettiklerinin bilinciyle\u00a0 g\u00f6revini yapacakt\u0131r.T\u00fcz\u00fck ve programa ayk\u0131r\u0131 eylem ve s\u00f6ylemlerde bulunan genel ba\u015fkan dahil PM \u00fcyelerini de\u011fi\u015ftirecektir. \u00dcyeler kendi hak ve hukuklar\u0131na sahip \u00e7\u0131k\u0131p kurultay \u00fcyelerin yan\u0131nda partiye sahip \u00e7\u0131kma m\u00fccadelesi vereceklerdir.<br \/>\nPartide avukatl\u0131k,savc\u0131l\u0131k,hakimlik yapm\u0131\u015f hukuk\u00e7ular var.Bunca hukuksuzluk varsa neden g\u00f6rm\u00fcyorlar?<br \/>\n<strong><span style=\"color: #ff0000;\">Atamayla gelmi\u015f insanlar\u0131n, \u00fcyeler umurunda olmaz.<\/span><br \/>\n<\/strong><span style=\"color: #ff0000;\">Parti\u00a0 yansa, onlar\u0131n \u00e7\u0131t\u0131 bile \u00e7\u0131kmaz.Sesleri biziz.<\/span><strong><br \/>\n<\/strong>Hukuktan yana vekillerin yerine, \u00fcyeler se\u00e7menler parti hukukuna sahip \u00e7\u0131kar.<br \/>\nCHP y\u00f6netimi kimsenin insaf\u0131na b\u0131rak\u0131lmayacak kadar de\u011ferlidir.<br \/>\nCHP diyen herkes d\u00fc\u015f\u00fcn\u00fcp, 2 saatini ay\u0131r\u0131p, ne olup bitti\u011fine bakmal\u0131d\u0131r.<br \/>\nPartinin program ve t\u00fcz\u00fc\u011f\u00fcne uymayanlar, Anayasa ve kanunlara uyar m\u0131?<br \/>\n\u00dcyeleri, kurultay\u0131,PM ni dikkate almayalar, halk\u0131m\u0131z\u0131 dikkate al\u0131r m\u0131?<br \/>\nPartideki haks\u0131zl\u0131\u011fa hukuksuzlu\u011fa kars\u0131 olmayan, \u00fclkedeki haks\u0131zl\u0131\u011fa ve hukuksuzlu\u011fa kars\u0131 m\u00fccadele eder mi?<br \/>\nS\u00f6z\u00fcnde durmayanlara d\u00fcr\u00fcst insan denir mi?<br \/>\n<a><\/a><a><\/a>Erdemli olmak ko\u015ful,CHPli y\u00f6neticiler bu ko\u015fula uyuyor mu?<br \/>\nSorular\u0131 \u00e7ok cevaplar\u0131n\u0131 verin.<br \/>\n<a><\/a><a><\/a>Hak ve hukuktan m\u0131, hukuksuzluktan m\u0131 yana m\u0131s\u0131n\u0131z? Herkes tavr\u0131n\u0131 koysun.<br \/>\nBunca haks\u0131zl\u0131\u011f\u0131 g\u00f6remeyenler olabilir.Bilgi sahibi olup g\u00f6rmeye \u00e7al\u0131\u015faca\u011f\u0131z. Nas\u0131l m\u0131? Parti t\u00fcz\u00fc\u011f\u00fcn\u00fc okuyacaks\u0131n\u0131z<strong>. <a href=\"http:\/\/www.chp.org.tr\/?page_id=657Parti\">http:\/\/www.chp.org.tr\/?page_id=657<\/a><br \/>\n<\/strong>Parti y\u00f6netiminin yapt\u0131klar\u0131na bakacaks\u0131n\u0131z, il ve il\u00e7elerde olan bitenlere bakacaks\u0131n\u0131z.yap\u0131lanlar\u0131n t\u00fcz\u00fc\u011fe uyup uymad\u0131\u011f\u0131na bak\u0131p karar\u0131n\u0131z\u0131 vereceksiniz.<br \/>\n1 saatimi ay\u0131ramam derseniz hi\u00e7 olmazsa 1,2,3,4, 5,21,42,43,44,52,54,56,58. maddeleri okuyun.<br \/>\n\u00dcyelerin (halk\u0131n)\u00a0 se\u00e7me ve se\u00e7ilme haklar\u0131n\u0131 engelleyen parti diktat\u00f6rleri ve onlar\u0131n t\u00fcz\u00fckleri de\u011fi\u015fmeden, t\u0131kanan siyaset a\u00e7\u0131lmaz.<br \/>\n<span style=\"color: #ff0000;\">T\u00fcrk milletinin yarar\u0131na olanda budur<\/span><strong>. <\/strong>Hukuktan yana olanlar, g\u00f6rev sizindir.<br \/>\nChpuye<\/p>\n","protected":false},"excerpt":{"rendered":"<p>Kurultay, Partinin en y\u00fcksek organ\u0131d\u0131r.CHPli \u00fcyeleri temsil eder. \u201cParti i\u00e7i demokrasiyi de getirece\u011fiz t\u00fcz\u00fc\u011f\u00fc de de\u011fi\u015ftirece\u011fiz\u201d K\u0131l\u0131\u00e7daro\u011flu 22.5.2010 PM&#8217;nin 22 Aral\u0131ktaki toplant\u0131s\u0131nda ola\u011fan\u00fcst\u00fc kurultay \u00f6nergesi reddedildi CHP Ankara eski \u0130l Ba\u015fkan\u0131 Ali Y\u0131ld\u0131zl\u0131 ve delegeleri temsiler yedi ki\u015fi genel merkeze &hellip; <a href=\"https:\/\/www.chpuye.com\/?p=924\">Okumaya devam et <span class=\"meta-nav\">&rarr;<\/span><\/a><\/p>\n","protected":false},"author":1,"featured_media":0,"comment_status":"open","ping_status":"open","sticky":false,"template":"","format":"gallery","meta":[],"categories":[8],"tags":[],"_links":{"self":[{"href":"https:\/\/www.chpuye.com\/index.php?rest_route=\/wp\/v2\/posts\/924"}],"collection":[{"href":"https:\/\/www.chpuye.com\/index.php?rest_route=\/wp\/v2\/posts"}],"about":[{"href":"https:\/\/www.chpuye.com\/index.php?rest_route=\/wp\/v2\/types\/post"}],"author":[{"embeddable":true,"href":"https:\/\/www.chpuye.com\/index.php?rest_route=\/wp\/v2\/users\/1"}],"replies":[{"embeddable":true,"href":"https:\/\/www.chpuye.com\/index.php?rest_route=%2Fwp%2Fv2%2Fcomments&post=924"}],"version-history":[{"count":0,"href":"https:\/\/www.chpuye.com\/index.php?rest_route=\/wp\/v2\/posts\/924\/revisions"}],"wp:attachment":[{"href":"https:\/\/www.chpuye.com\/index.php?rest_route=%2Fwp%2Fv2%2Fmedia&parent=924"}],"wp:term":[{"taxonomy":"category","embeddable":true,"href":"https:\/\/www.chpuye.com\/index.php?rest_route=%2Fwp%2Fv2%2Fcategories&post=924"},{"taxonomy":"post_tag","embeddable":true,"href":"https:\/\/www.chpuye.com\/index.php?rest_route=%2Fwp%2Fv2%2Ftags&post=924"}],"curies":[{"name":"wp","href":"https:\/\/api.w.org\/{rel}","templated":true}]}}