{"id":920,"date":"2012-01-30T19:43:57","date_gmt":"2012-01-30T19:43:57","guid":{"rendered":"http:\/\/www.chpuye.com\/?p=920"},"modified":"2012-01-30T19:43:57","modified_gmt":"2012-01-30T19:43:57","slug":"chp-nin-kurultay-uyeleri-butun-uyeleri-temsil-eder-medyadan-kasetten-korkan-evde-kalsin","status":"publish","type":"post","link":"https:\/\/www.chpuye.com\/?p=920","title":{"rendered":"CHP nin Kurultay \u00fcyeleri, b\u00fct\u00fcn \u00fcyeleri temsil eder, medyadan, kasetten korkan evde kals\u0131n."},"content":{"rendered":"<p>Cesurca imza verip kurultay talebinde bulundunuz. Kutluyorum.<br \/>\n16 y\u0131ld\u0131r partimizi Baykalc\u0131lar y\u00f6netiyor.<br \/>\nParti kurmaylar\u0131 aday \u00e7\u0131kar\u0131p PMni onay\u0131n\u0131za sundu.(26 may\u0131s 2010).<br \/>\nBende olsam\u00a0 sizler gibi\u00a0 baz\u0131 PM \u00fcyelerine itiraz edip oyumu verirdim.<br \/>\nBirden\u00a0 bir savc\u0131 \u00e7\u0131kt\u0131. Nerede g\u00f6r\u00fclm\u00fc\u015f, t\u00fcz\u00fc\u011fe uyun diyen bir savc\u0131 \u00e7\u0131ks\u0131n.<br \/>\nParti y\u00f6netimleri ne zaman t\u00fcz\u00fc\u011fe\u00a0 uydu ki; Partide t\u00fcz\u00fc\u011fe uyulmamas\u0131, barisin olmamas\u0131, \u00fcyelerin haklar\u0131n\u0131n gasp edilmesi anlam\u0131na gelir.<br \/>\nBende parti y\u00f6netimin uymad\u0131\u011f\u0131 t\u00fcz\u00fck maddelerini belirtip savc\u0131l\u0131\u011fa bir mektup yazd\u0131m. Bu g\u00fcne kadar ses veren olmad\u0131.<br \/>\n3.11.10 g\u00fcn\u00fc &#8220;K\u0131l\u0131\u00e7daro\u011flu\u00a0 PM toplant\u0131s\u0131na girmedi. PM ne o g\u00fcn darbeyi vurdu.PM ne sokulan \u00f6nc\u00fc kuvvetlerle yeni MYKnu atad\u0131.<br \/>\nBursa yolunda kurultay tarihi a\u00e7\u0131klan\u0131p 18 g\u00fcn sonra bask\u0131n kurultay yap\u0131ld\u0131.<br \/>\nParti kurmaylar\u0131(Baykal,Sav vs.) bunca hukuksuzlu\u011fa sessiz\u00a0 kald\u0131.<br \/>\nMedya ba\u011f\u0131r\u0131yordu, K\u0131l\u0131\u00e7daro\u011flu\u00a0 kafas\u0131na g\u00f6re PM yapmal\u0131yd\u0131.Bu onun en do\u011fal hakk\u0131yd\u0131.\u201dPM listesini tek bas\u0131na ben yapaca\u011f\u0131m\u201d bir ba\u015fka\u00a0 ki\u015fiden bu laf\u0131 duydunuz mu? T\u00fcz\u00fc\u011f\u00fcm\u00fcz\u00fcn 5 maddesine g\u00f6re partide eme\u011fi ge\u00e7memi\u015f 1 ki\u015fiyi bile PM ne se\u00e7emeyiz. PM listesinde asla olmamas\u0131 gereken\u00a0 en az 25 ki\u015fi vard\u0131.Maalesef\u00a0 baz\u0131 islimleri \u00e7izerek listeyi onayland\u0131n\u0131z.<br \/>\n<span style=\"color: #ff0000;\">Yeni Baykalc\u0131lar taraf\u0131ndan, partinin iskeletini olu\u015fturan Baykalc\u0131lara harakiri yap\u0131ld\u0131.PM vurulan ilk darbe,milletvekilleri ve \u00f6rg\u00fctlerin tasfiyesi, a\u015famalar\u0131yd\u0131<\/span>.<br \/>\nK\u00fc\u00e7\u00fck olsun benim olsun denen parti birileri i\u00e7in b\u00fcy\u00fckt\u00fc.<br \/>\nCumhuriyetin b\u00fct\u00fcn kurumlar\u0131 etkisiz hala getirilirken, CHP yerinde duracak de\u011fildi ya: Ger\u00e7i partinin sadece iskeleti vard\u0131. Yinede,iskeletin tekrar ete kemi\u011fe b\u00fcr\u00fcnme ihtimali vard\u0131.<br \/>\nLibya teskeresine evet, \u00f6rg\u00fctteki operasyonlar iskelete vurulan darbeler de\u011fil mi? partinin iskeletini yok etmiyor mu?<br \/>\nDarbe ile i\u015fbas\u0131na gelmi\u015f, t\u00fcz\u00fc\u011fe ayk\u0131r\u0131 olu\u015fmu\u015f parti y\u00f6netimin yapt\u0131\u011f\u0131 her \u015fey hukuk d\u0131\u015f\u0131d\u0131r.<br \/>\nBunu\u00a0 g\u00f6remeyen als\u0131n t\u00fcz\u00fc\u011f\u00fc eline, yap\u0131lanlara, s\u00f6ylemlere bi baks\u0131n.<br \/>\nYak\u0131nda atanm\u0131\u015flar hep birlikte ba\u011f\u0131racak, \u201cdokunma yanars\u0131n\u201ddiye.<br \/>\nSPli delegeler darbecileri g\u00f6revlerinden uzakla\u015ft\u0131rm\u0131\u015ft\u0131.<br \/>\n<span style=\"color: #ff0000;\">CHPli delegeler, att\u0131klar\u0131 bu cesur ad\u0131mdan sonra hak hukuk tan\u0131mayan parti y\u00f6netimini de\u011fi\u015ftirmeyecek mi?<br \/>\n<\/span>Bunca hukuksuzlu\u011fu izledim, ortak oldum diye \u00f6zele\u015ftiri yapan, g\u00f6reviniz daha iyi yapacakt\u0131r.Partinin ger\u00e7ek sahibi T\u00fcrk milletidir.(\u00fcyeler,halk\u0131n, T\u00fcrk milletinin ta kendisidir.)<br \/>\nCesur olun,Bunca hukuksuzlu\u011fu izleyerek parti sucuna ortak olmu\u015f, parti kurmaylar\u0131na g\u00fcvenmeyin, kendinize g\u00fcvenin.<br \/>\nParti y\u00f6netiminde CHPli olmayan yeni Baykalc\u0131lar var.<br \/>\nBaykalc\u0131lar yeni Baykalc\u0131lara kars\u0131. Bu m\u00fccadele kazan\u0131lamaz. <span style=\"color: #ff0000;\">M\u00fccadele partinin t\u00fcz\u00fck ve ilkelerine uyanlarla\u00a0 uymayanlar aras\u0131nda olmal\u0131d\u0131r.Do\u011fru hedef ve partili durusuyla partimize sahip \u00e7\u0131kabilirsiniz.<br \/>\n<\/span>Parti kurmaylar\u0131 da izleyici olarak parti sucuna ortak olmay\u0131 s\u00fcrd\u00fcremezler.<br \/>\nCHPli\u00a0 parti b\u00fcy\u00fcklerinin hepsi\u00a0 Kurultay \u00fcyelerinin yan\u0131nda olmal\u0131d\u0131r.<br \/>\nYetkileri fazla olmas\u0131na ra\u011fmen, parti y\u00f6netimi bu t\u00fcz\u00fc\u011fe bile uymuyor.<br \/>\nNoter\u00a0 \u015fart\u0131n\u0131,aday \u00f6nerme \u015fart\u0131n\u0131,\u00fcyelerin \u00f6n\u00fcndeki b\u00fct\u00fcn engeller kald\u0131rmayan \u00f6neriye t\u00fcz\u00fck \u00f6nerisi denmez.Parti y\u00f6netimi kendi lehine \u00e7evirmeye \u00e7al\u0131\u015facak alin iste size t\u00fcz\u00fck de\u011fi\u015fikli\u011fi s\u00f6z\u00fcm\u00fczde durduk diyecektir.<br \/>\n<span style=\"color: #ff0000;\">\u00d6nerdi\u011finiz de\u011fi\u015fikli\u011fin bir anlam ifade etmesi i\u00e7inde, CHP, CHPli olmayan PM ve genel ba\u015fkandan derhal kurtar\u0131lmal\u0131d\u0131r.<br \/>\n<\/span>Kurultay \u00fcyeleri, CHPli \u00fcyelerin temsilcisidir. Kurultay, Partinin en y\u00fcksek organ\u0131d\u0131r<br \/>\nBu onurlu g\u00f6rev,\u00a0 t\u00fcz\u00fck ve programa uymayan b\u00fct\u00fcn y\u00f6neticileri g\u00f6revinden uzakla\u015ft\u0131r\u0131p yerine T\u00fcz\u00fc\u011f\u00fcn 5. maddesindeki niteliklere uyan y\u00f6neticileri se\u00e7ti\u011finizde yap\u0131lm\u0131\u015f olacakt\u0131r.<br \/>\nKurultay delegeleri, kendi i\u00e7lerinden PM listesi yaps\u0131n, birini aday g\u00f6stersin partiyi daha iyi y\u00f6netece\u011fine inanc\u0131m tamd\u0131r.<br \/>\n\u00dcyeleri temsil ediyorsunuz. yanl\u0131z de\u011filsiniz. g\u00fcc\u00fcm\u00fcz sizinledir.<br \/>\n\u00c7al\u0131\u015fmalar\u0131n\u0131zda basar\u0131lar<br \/>\nSayg\u0131 ve sayg\u0131lar\u0131mla<br \/>\n30.01.2012<br \/>\nMazlum Vural CHP \u0130stanbul\/Ey\u00fcp il\u00e7esi \u00fcyesi<\/p>\n","protected":false},"excerpt":{"rendered":"<p>Cesurca imza verip kurultay talebinde bulundunuz. Kutluyorum. 16 y\u0131ld\u0131r partimizi Baykalc\u0131lar y\u00f6netiyor. Parti kurmaylar\u0131 aday \u00e7\u0131kar\u0131p PMni onay\u0131n\u0131za sundu.(26 may\u0131s 2010). Bende olsam\u00a0 sizler gibi\u00a0 baz\u0131 PM \u00fcyelerine itiraz edip oyumu verirdim. Birden\u00a0 bir savc\u0131 \u00e7\u0131kt\u0131. Nerede g\u00f6r\u00fclm\u00fc\u015f, t\u00fcz\u00fc\u011fe uyun &hellip; <a href=\"https:\/\/www.chpuye.com\/?p=920\">Okumaya devam et <span class=\"meta-nav\">&rarr;<\/span><\/a><\/p>\n","protected":false},"author":1,"featured_media":0,"comment_status":"open","ping_status":"open","sticky":false,"template":"","format":"gallery","meta":[],"categories":[7],"tags":[],"_links":{"self":[{"href":"https:\/\/www.chpuye.com\/index.php?rest_route=\/wp\/v2\/posts\/920"}],"collection":[{"href":"https:\/\/www.chpuye.com\/index.php?rest_route=\/wp\/v2\/posts"}],"about":[{"href":"https:\/\/www.chpuye.com\/index.php?rest_route=\/wp\/v2\/types\/post"}],"author":[{"embeddable":true,"href":"https:\/\/www.chpuye.com\/index.php?rest_route=\/wp\/v2\/users\/1"}],"replies":[{"embeddable":true,"href":"https:\/\/www.chpuye.com\/index.php?rest_route=%2Fwp%2Fv2%2Fcomments&post=920"}],"version-history":[{"count":0,"href":"https:\/\/www.chpuye.com\/index.php?rest_route=\/wp\/v2\/posts\/920\/revisions"}],"wp:attachment":[{"href":"https:\/\/www.chpuye.com\/index.php?rest_route=%2Fwp%2Fv2%2Fmedia&parent=920"}],"wp:term":[{"taxonomy":"category","embeddable":true,"href":"https:\/\/www.chpuye.com\/index.php?rest_route=%2Fwp%2Fv2%2Fcategories&post=920"},{"taxonomy":"post_tag","embeddable":true,"href":"https:\/\/www.chpuye.com\/index.php?rest_route=%2Fwp%2Fv2%2Ftags&post=920"}],"curies":[{"name":"wp","href":"https:\/\/api.w.org\/{rel}","templated":true}]}}