{"id":486,"date":"2011-03-30T12:41:37","date_gmt":"2011-03-30T12:41:37","guid":{"rendered":"http:\/\/www.chpuye.com\/?p=486"},"modified":"2011-03-30T12:41:37","modified_gmt":"2011-03-30T12:41:37","slug":"emperyalizmle-savasan-parti-mu-chp","status":"publish","type":"post","link":"https:\/\/www.chpuye.com\/?p=486","title":{"rendered":"Emperyalizmle sava\u015fan parti,Oldu mu CHP?"},"content":{"rendered":"<p>Oldu mu CHP?- Yasin \u015eAH\u0130NER<\/p>\n<p>\u201cCHP&#8217;nin emperyalizme kar\u015f\u0131 dirayetli bir direni\u015f g\u00f6stermesi gerekirken,emperyalizmin silahl\u0131 g\u00fcc\u00fc NATO&#8217;ya asker verilmesini k\u0131smi anlamda da olsa kabul edi\u015fi insan\u0131n y\u00fcre\u011fine kan damlat\u0131yor.\u201d\u2026..<\/p>\n<p>\u201cNATO&#8217;nun Libya&#8217;ya m\u00fcdahalesi mecliste g\u00f6r\u00fc\u015f\u00fcl\u00fcyor ve CHP&#8217;li bir k\u0131s\u0131m milletvekilleri buna onay veriyor.<span style=\"color: #ff0000;\">Ge\u00e7mi\u015f tarihi emperyalizmle sava\u015fan kurmaylardan olu\u015fan bir partinin ge\u00e7mi\u015fine b\u00f6yle bir kara leke s\u00fcrmesi nas\u0131l a\u00e7\u0131klan\u0131r\u201d\u2026..<\/span><\/p>\n<p>\u201cCHP&#8217;nin bu tezkereye k\u0131smi anlamda evet demesi,t\u00fcm Libya halk\u0131na yap\u0131lm\u0131\u015f bir ihanetti.\u00d6zellikle CHP&#8217;nin bu tutumu tam bir ihanetle tan\u0131mlanabilir.<\/p>\n<p>Hat\u0131rlayacak olursan\u0131z,K\u0131br\u0131s Bar\u0131\u015f Harekat\u0131nda ambargoya u\u011frayan \u00fclkemiz benzin yoklu\u011fundan dolay\u0131,sava\u015f u\u00e7aklar\u0131n\u0131 kald\u0131ramay\u0131nca gerekli mazot ve enerji kayna\u011f\u0131 <span style=\"color: #ff0000;\">Libya \u00f6nderi Kaddafi&#8217;den gelmi\u015fti ve Libya d\u0131\u015f siyasette bize destek veren ender \u00fclkelerden biriydi.<\/span>K\u0131br\u0131s harekat\u0131nda iktidar partisi olan CHP&#8217;nin y\u0131llar sonra Libya&#8217;ya te\u015fekk\u00fcr\u00fc NATO koalisyonuna destek vererek ger\u00e7ekle\u015fti.\u015eimdi kendilerine soral\u0131m:Oldumu bu CHP?\u201d\u2026Devam\u0131<\/p>\n<p>http:\/\/www.hakimiyetimilliye.org\/index.php\/hm-yazarlari\/yasin-sahiner\/1078738-oldu-mu-chp-yasin-sahiner.html<\/p>\n","protected":false},"excerpt":{"rendered":"<p>Oldu mu CHP?- Yasin \u015eAH\u0130NER \u201cCHP&#8217;nin emperyalizme kar\u015f\u0131 dirayetli bir direni\u015f g\u00f6stermesi gerekirken,emperyalizmin silahl\u0131 g\u00fcc\u00fc NATO&#8217;ya asker verilmesini k\u0131smi anlamda da olsa kabul edi\u015fi insan\u0131n y\u00fcre\u011fine kan damlat\u0131yor.\u201d\u2026.. \u201cNATO&#8217;nun Libya&#8217;ya m\u00fcdahalesi mecliste g\u00f6r\u00fc\u015f\u00fcl\u00fcyor ve CHP&#8217;li bir k\u0131s\u0131m milletvekilleri buna onay &hellip; <a href=\"https:\/\/www.chpuye.com\/?p=486\">Okumaya devam et <span class=\"meta-nav\">&rarr;<\/span><\/a><\/p>\n","protected":false},"author":1,"featured_media":0,"comment_status":"open","ping_status":"open","sticky":false,"template":"","format":"gallery","meta":[],"categories":[8],"tags":[],"_links":{"self":[{"href":"https:\/\/www.chpuye.com\/index.php?rest_route=\/wp\/v2\/posts\/486"}],"collection":[{"href":"https:\/\/www.chpuye.com\/index.php?rest_route=\/wp\/v2\/posts"}],"about":[{"href":"https:\/\/www.chpuye.com\/index.php?rest_route=\/wp\/v2\/types\/post"}],"author":[{"embeddable":true,"href":"https:\/\/www.chpuye.com\/index.php?rest_route=\/wp\/v2\/users\/1"}],"replies":[{"embeddable":true,"href":"https:\/\/www.chpuye.com\/index.php?rest_route=%2Fwp%2Fv2%2Fcomments&post=486"}],"version-history":[{"count":0,"href":"https:\/\/www.chpuye.com\/index.php?rest_route=\/wp\/v2\/posts\/486\/revisions"}],"wp:attachment":[{"href":"https:\/\/www.chpuye.com\/index.php?rest_route=%2Fwp%2Fv2%2Fmedia&parent=486"}],"wp:term":[{"taxonomy":"category","embeddable":true,"href":"https:\/\/www.chpuye.com\/index.php?rest_route=%2Fwp%2Fv2%2Fcategories&post=486"},{"taxonomy":"post_tag","embeddable":true,"href":"https:\/\/www.chpuye.com\/index.php?rest_route=%2Fwp%2Fv2%2Ftags&post=486"}],"curies":[{"name":"wp","href":"https:\/\/api.w.org\/{rel}","templated":true}]}}