{"id":444,"date":"2011-03-24T10:49:24","date_gmt":"2011-03-24T10:49:24","guid":{"rendered":"http:\/\/www.chpuye.com\/?p=444"},"modified":"2011-03-24T10:49:24","modified_gmt":"2011-03-24T10:49:24","slug":"sezgin-tanri-kulu-ve-gursel-tekin-derhal-gorevinden-alin","status":"publish","type":"post","link":"https:\/\/www.chpuye.com\/?p=444","title":{"rendered":"Sezgin Tanr\u0131 kulu ve G\u00fcrsel Tekin&#8217;i  derhal  g\u00f6revinden al\u0131n."},"content":{"rendered":"<p><strong>Cumhuriyet Halk Partisi Genel Ba\u015fkanl\u0131\u011f\u0131na<\/strong><\/p>\n<p>Say\u0131n Genel ba\u015fkan\u0131m<br \/>\nGenel Ba\u015fkan Yard\u0131mc\u0131s\u0131 Sezgin Tanr\u0131kulu,<br \/>\nPM \u00fcyeli\u011fi Mehmet Fara\u00e7\u2019\u0131 tehdit etti.<br \/>\nYeni bir kural daha getirdi. Yan\u0131n\u0131zda olmayanlar\u0131 estirmeyeceksiniz.<br \/>\nBu kural sizin i\u00e7inde ge\u00e7erli.<br \/>\nNeymi\u015f Ba\u015fbakan\u0131 ele\u015ftirirken oda yan\u0131n\u0131zda olacak.<br \/>\nGenel Ba\u015fkan Yard\u0131mc\u0131s\u0131 <span style=\"color: #ff0000;\">Tekin\u00a0 Esfender Korkmaz\u2019 i\u00e7in,<\/span><br \/>\n<span style=\"color: #ff0000;\"><strong>\u201cTombaladan vekil\u201d<\/strong> dedi.<\/span> \u0130stifaya davet etti.<br \/>\nMehmet Fara\u00e7 i\u00e7in, \u201cBenim partilim filan da de\u011fil. Utan\u0131r\u0131m ben b\u00f6yle partililerden. Ben 27 y\u0131ll\u0131k CHP\u2019liyim. Daha d\u00fcn gelmi\u015f parti \u00fcyeli\u011fine utanmadan parti yetkilisi hakk\u0131nda bunlar\u0131 konu\u015fuyor\u201d dedi<br \/>\nMilletvekilimiz Necla Arat i\u00e7inde ayni ifadeyi kullanm\u0131\u015ft\u0131.<br \/>\nEsfender Korkmaz\u2019 nas\u0131l vekil olduysa sizde ayni \u015fekilde oldunuz.<br \/>\nBu c\u00fcretti g\u00f6steren kim ? Sizin atad\u0131\u011f\u0131n\u0131z birisi. Atamayla il ba\u015fkan\u0131 , meclis \u00fcyesi, G.B.\u00a0 yard\u0131mc\u0131s\u0131 olmu\u015f birisi.PM sine\u00a0<span style=\"color: #ff0000;\"> G\u00fcrsel Tekin, 814\u00a0 Mehmet Fara\u00e7,1113 oy alarak girmi\u015f. 18 arl\u0131kta da G\u00fcrsel Tekin,762 en az oyla se\u00e7ilmi\u015f.<\/span><br \/>\nUtanmas\u0131 gerekenler, haddini bilmeden partinin milletvekillerine laf s\u00f6yleyenlerdir.\u00a0 Bu davran\u0131\u015flar parti sucudur.<br \/>\nBu davran\u0131\u015flara asla g\u00f6z yumulamaz<br \/>\nGenel Ba\u015fkan Yard\u0131mc\u0131s\u0131 Tekin daha \u00f6nce \u00dcyeleri se\u00e7menleri ve milletvekilimizi a\u015fa\u011f\u0131lam\u0131\u015ft\u0131.<br \/>\nBu g\u00f6revlere atad\u0131\u011f\u0131n\u0131z, <span style=\"color: #ff0000;\">Sezgin Tanr\u0131 kulu ve G\u00fcrsel Tekin\u00a0 derhal\u00a0 g\u00f6revinden al\u0131n.<\/span><br \/>\nCHP sinin genel ba\u015fkan\u0131 bu davran\u0131\u015flar\u0131 g\u00f6rmezden gelemez.<br \/>\nG\u00f6revlerinden al\u0131n\u0131p parti hukuku gere\u011fi disipline verilmelidir<br \/>\nGere\u011finin yap\u0131lmas\u0131n\u0131 arz edercim<\/p>\n<p>\u00a024.03.2011<br \/>\nMazlum\u00a0 Vural<br \/>\n\u0130stanbul \/ Ey\u00fcp il\u00e7esi \u00fcyesi<\/p>\n","protected":false},"excerpt":{"rendered":"<p>Cumhuriyet Halk Partisi Genel Ba\u015fkanl\u0131\u011f\u0131na Say\u0131n Genel ba\u015fkan\u0131m Genel Ba\u015fkan Yard\u0131mc\u0131s\u0131 Sezgin Tanr\u0131kulu, PM \u00fcyeli\u011fi Mehmet Fara\u00e7\u2019\u0131 tehdit etti. Yeni bir kural daha getirdi. Yan\u0131n\u0131zda olmayanlar\u0131 estirmeyeceksiniz. Bu kural sizin i\u00e7inde ge\u00e7erli. Neymi\u015f Ba\u015fbakan\u0131 ele\u015ftirirken oda yan\u0131n\u0131zda olacak. Genel Ba\u015fkan &hellip; <a href=\"https:\/\/www.chpuye.com\/?p=444\">Okumaya devam et <span class=\"meta-nav\">&rarr;<\/span><\/a><\/p>\n","protected":false},"author":1,"featured_media":0,"comment_status":"open","ping_status":"open","sticky":false,"template":"","format":"gallery","meta":[],"categories":[11],"tags":[],"_links":{"self":[{"href":"https:\/\/www.chpuye.com\/index.php?rest_route=\/wp\/v2\/posts\/444"}],"collection":[{"href":"https:\/\/www.chpuye.com\/index.php?rest_route=\/wp\/v2\/posts"}],"about":[{"href":"https:\/\/www.chpuye.com\/index.php?rest_route=\/wp\/v2\/types\/post"}],"author":[{"embeddable":true,"href":"https:\/\/www.chpuye.com\/index.php?rest_route=\/wp\/v2\/users\/1"}],"replies":[{"embeddable":true,"href":"https:\/\/www.chpuye.com\/index.php?rest_route=%2Fwp%2Fv2%2Fcomments&post=444"}],"version-history":[{"count":0,"href":"https:\/\/www.chpuye.com\/index.php?rest_route=\/wp\/v2\/posts\/444\/revisions"}],"wp:attachment":[{"href":"https:\/\/www.chpuye.com\/index.php?rest_route=%2Fwp%2Fv2%2Fmedia&parent=444"}],"wp:term":[{"taxonomy":"category","embeddable":true,"href":"https:\/\/www.chpuye.com\/index.php?rest_route=%2Fwp%2Fv2%2Fcategories&post=444"},{"taxonomy":"post_tag","embeddable":true,"href":"https:\/\/www.chpuye.com\/index.php?rest_route=%2Fwp%2Fv2%2Ftags&post=444"}],"curies":[{"name":"wp","href":"https:\/\/api.w.org\/{rel}","templated":true}]}}