{"id":434,"date":"2011-03-22T12:59:05","date_gmt":"2011-03-22T12:59:05","guid":{"rendered":"http:\/\/www.chpuye.com\/?p=434"},"modified":"2011-03-22T12:59:05","modified_gmt":"2011-03-22T12:59:05","slug":"29-ilde-onsecim-var-mi","status":"publish","type":"post","link":"https:\/\/www.chpuye.com\/?p=434","title":{"rendered":"29 ilde \u00f6nse\u00e7im var m\u0131?"},"content":{"rendered":"<p><span style=\"color: #ff0000;\">29 ilde \u00f6nse\u00e7im var m\u0131?<\/span><\/p>\n<p>Bu illerin toplam milletvekili say\u0131s\u0131 125<br \/>\nParti y\u00f6netimi\u00a0 550 aday\u0131n % 80 inin ben se\u00e7ecek.<br \/>\n29 ilin 12 sinde CHP nin hi\u00e7 vekili yok.\u00a0 17 ilde de 24 vekilli var.<br \/>\nY\u00f6netimi 17 ilin 9 una da 1 er tane kontenjan dan atama yapacak.<br \/>\n<span style=\"color: #ff0000;\">Burada garanti g\u00f6rd\u00fckleri yerleri se\u00e7tikleri g\u00f6r\u00fcl\u00fcyor.<\/span><br \/>\nB\u00fcy\u00fck \u015fehirler ve kontenjan kullan\u0131lan yerlere bakt\u0131\u011f\u0131m\u0131zda,<br \/>\nCHP nin millet vekili \u00e7\u0131karaca\u011f\u0131 yerler.<br \/>\nK\u00fc\u00e7\u00fck \u015fehirlerde isabetli atamalar yapmazsan\u0131z orada isyan \u00e7\u0131kar.<br \/>\nB\u00fcy\u00fck \u015fehirler \u00f6ylemi koy listeye\u00a0 istedi\u011fini\u00a0 vekil.yap.\u00a0<br \/>\nPM\u00a0 hi\u00e7 millet vekili olmayan yerlerde atama yap\u0131p,<br \/>\noradan ba\u015far\u0131l\u0131 \u00e7\u0131ksalard\u0131 onlar\u0131n ba\u015far\u0131s\u0131 olabilirdi.<br \/>\nSecimde buralardan yine vekil\u00a0 \u00e7\u0131kmazsa kim sorumlu olacak.<br \/>\n<span style=\"color: #ff0000;\">8 ilde atama yapmadan, \u00fcyeler adaylar\u0131 belirliyor diye \u00f6nse\u00e7im yap\u0131ld\u0131\u011f\u0131n\u0131 kabul edebilirmi\u015fiz..<\/span><br \/>\nGenel Ba\u015fkan neden illa adaylar\u0131n %91 inin ben se\u00e7ece\u011fim der.<br \/>\n\u00dcyesinden, se\u00e7menlerinden,\u00f6rg\u00fctlerinden ka\u00e7\u0131rarak.<br \/>\nYeni \u0130lhan kesicileri listelere koymak i\u00e7in mi.<br \/>\nMEHMET EMREHAN HALICI\u00a0 4 y\u0131lda 1 imza 1 tanede\u00a0 yaz\u0131l\u0131 soru \u00f6nergesi vermi\u015f.<br \/>\nBunun gibi g\u00f6revlerini yapmam\u0131\u015flar\u0131 MYK ya almak i\u00e7in mi?<br \/>\nHalktan ka\u00e7an onlara dan\u0131\u015fmayan kadrolardan partiye, \u00fclkeye yarar gelir mi?<br \/>\nChpuye.com<\/p>\n","protected":false},"excerpt":{"rendered":"<p>29 ilde \u00f6nse\u00e7im var m\u0131? Bu illerin toplam milletvekili say\u0131s\u0131 125 Parti y\u00f6netimi\u00a0 550 aday\u0131n % 80 inin ben se\u00e7ecek. 29 ilin 12 sinde CHP nin hi\u00e7 vekili yok.\u00a0 17 ilde de 24 vekilli var. Y\u00f6netimi 17 ilin 9 una &hellip; <a href=\"https:\/\/www.chpuye.com\/?p=434\">Okumaya devam et <span class=\"meta-nav\">&rarr;<\/span><\/a><\/p>\n","protected":false},"author":1,"featured_media":0,"comment_status":"open","ping_status":"open","sticky":false,"template":"","format":"gallery","meta":[],"categories":[11],"tags":[],"_links":{"self":[{"href":"https:\/\/www.chpuye.com\/index.php?rest_route=\/wp\/v2\/posts\/434"}],"collection":[{"href":"https:\/\/www.chpuye.com\/index.php?rest_route=\/wp\/v2\/posts"}],"about":[{"href":"https:\/\/www.chpuye.com\/index.php?rest_route=\/wp\/v2\/types\/post"}],"author":[{"embeddable":true,"href":"https:\/\/www.chpuye.com\/index.php?rest_route=\/wp\/v2\/users\/1"}],"replies":[{"embeddable":true,"href":"https:\/\/www.chpuye.com\/index.php?rest_route=%2Fwp%2Fv2%2Fcomments&post=434"}],"version-history":[{"count":0,"href":"https:\/\/www.chpuye.com\/index.php?rest_route=\/wp\/v2\/posts\/434\/revisions"}],"wp:attachment":[{"href":"https:\/\/www.chpuye.com\/index.php?rest_route=%2Fwp%2Fv2%2Fmedia&parent=434"}],"wp:term":[{"taxonomy":"category","embeddable":true,"href":"https:\/\/www.chpuye.com\/index.php?rest_route=%2Fwp%2Fv2%2Fcategories&post=434"},{"taxonomy":"post_tag","embeddable":true,"href":"https:\/\/www.chpuye.com\/index.php?rest_route=%2Fwp%2Fv2%2Ftags&post=434"}],"curies":[{"name":"wp","href":"https:\/\/api.w.org\/{rel}","templated":true}]}}