{"id":418,"date":"2011-03-22T11:19:11","date_gmt":"2011-03-22T11:19:11","guid":{"rendered":"http:\/\/www.chpuye.com\/?p=418"},"modified":"2021-06-23T21:02:23","modified_gmt":"2021-06-23T18:02:23","slug":"emperyalizme-karsi-libyanin-yanindayiz","status":"publish","type":"post","link":"https:\/\/www.chpuye.com\/?p=418","title":{"rendered":"Emperyalizme kars\u0131 Libya\u2019n\u0131n yan\u0131nday\u0131z"},"content":{"rendered":"<p><span style=\"color: #ff0000;\">Emperyalizme kars\u0131 Libya\u2019n\u0131n yan\u0131nday\u0131z<br \/>\n<\/span>AB-ABD emperyalistleri karde\u015f Libya halk\u0131na sald\u0131rd\u0131.<br \/>\nKom\u015fumuz Irak\u2019a da ayn\u0131 \u015fekilde sald\u0131rm\u0131\u015ft\u0131.<br \/>\n\u0130\u015fgalci g\u00fc\u00e7ler \u0131rakta 1,5 milyona yak\u0131n insan\u0131n \u00f6l\u00fcm\u00fcne sebep olmu\u015ftur.<br \/>\nEmperyalist \u00fclkeler taraf\u0131ndan i\u015fgale u\u011fram\u0131\u015f \u00fclkenin\u00a0 evlatlar\u0131y\u0131z.<br \/>\nBu bir hacl\u0131 savas\u0131d\u0131r.<br \/>\nM\u00fcsl\u00fcman T\u00fcrk milleti zalime kars\u0131 mazlumun yan\u0131nda olmal\u0131d\u0131r.<br \/>\nGazi Mustafa Kemal Atat\u00fcrk&#8217;\u00fcn\u00a0\u201cYurtta bar\u0131\u015f D\u00fcnyada bar\u0131\u015f\u201d politikas\u0131n\u0131 g\u00fcden cumhuriyetin \u00e7ocuklar\u0131y\u0131z.Yine Atat\u00fcrk \u00fcn \u201c halklar\u0131n hayat\u0131 tehlikeye girmedik\u00e7e sava\u015f bir cinayettir\u201d \u00a0s\u00f6z\u00fc bize rehberlik etsin kulaklar\u0131n\u0131za k\u00fcpe olsun.<br \/>\nM\u00fcsl\u00fcman T\u00fcrk halk\u0131\u00a0 bu cinayetlere ortak olmaz. Yapanl\u0131lara kars\u0131 olmal\u0131d\u0131r.<br \/>\nKendi \u00fclkemize sald\u0131r\u0131lmas\u0131n\u0131 istemiyorsak Libya\u2019ya sald\u0131r\u0131ya kars\u0131 olmal\u0131y\u0131z.<br \/>\nLibya halk\u0131n\u0131n tepesine bombalar at\u0131l\u0131rken, ama\u00a0\u00a0 kadafi\u00a0 de&#8230;&#8230;.diyeler de Libya\u2019ya ve Libya halk\u0131na bir tekmede onlar atm\u0131\u015f olur.<br \/>\nSald\u0131ranlar\u0131n M\u00fcsl\u00fcman co\u011frafyas\u0131nda yapt\u0131klar\u0131 ortadad\u0131r.<br \/>\nBuna kars\u0131 olmak insan olman\u0131n, M\u00fcsl\u00fcman olman\u0131n \u015fart\u0131d\u0131r.<br \/>\nNasrettin\u00a0 Hocam\u0131z\u0131 dinleyelim, Bindi\u011fimiz dal\u0131 kesmeyelim,<br \/>\nHalk\u0131m\u0131z bu insanl\u0131k sucuna ortak olamaz,<br \/>\nBu sava\u015fta emperyalistlere yard\u0131m eden,onlara g\u00f6z yumanda su\u00e7ludur.<br \/>\nZalime kars\u0131 olman\u0131n amas\u0131 olmaz.<br \/>\nSava\u015fa kars\u0131 olman\u0131n amas\u0131 olmaz.Akan karde\u015f kan\u0131d\u0131r.<br \/>\nHacl\u0131 ordular\u0131 sald\u0131r\u0131rken\u00a0 onlar\u0131 b\u0131rak\u0131p karde\u015fine bi tokatta sen mi atacaks\u0131n? Kaddafiyi k\u00f6t\u00fclemek, sald\u0131r\u0131lara mazeret uydurmak\u00a0 hacl\u0131 ordular\u0131na yard\u0131m etmektir.<br \/>\nT\u00fcrk halk\u0131 i\u015fbirlik\u00e7ilere de\u00a0 kars\u0131 olmal\u0131d\u0131r.<br \/>\nIrak ve \u0131rak halk\u0131na yap\u0131lanlar\u0131 unutma.<br \/>\nCamilere bombalar ya\u011fd\u0131ranlar ve onlar\u0131n i\u015fbirlik\u00e7ileri bu defa da libya&#8217;ya sald\u0131r\u0131yor.<br \/>\nOnlar\u0131n TV lerindeki yalanlara ihtiyac\u0131n yok. Allah ak\u0131l fikir vermi\u015f s\u00f6yle 10 dakika bi d\u00fc\u015f\u00fcn<br \/>\nZalimden\u00a0 mi\u00a0 yanay\u0131m mazlumdan \u00a0m\u0131 yanay\u0131m? diye&#8230;<br \/>\nChpuye.com<\/p>\n<p>21.3.2011<\/p>\n","protected":false},"excerpt":{"rendered":"<p>Emperyalizme kars\u0131 Libya\u2019n\u0131n yan\u0131nday\u0131z AB-ABD emperyalistleri karde\u015f Libya halk\u0131na sald\u0131rd\u0131. Kom\u015fumuz Irak\u2019a da ayn\u0131 \u015fekilde sald\u0131rm\u0131\u015ft\u0131. \u0130\u015fgalci g\u00fc\u00e7ler \u0131rakta 1,5 milyona yak\u0131n insan\u0131n \u00f6l\u00fcm\u00fcne sebep olmu\u015ftur. Emperyalist \u00fclkeler taraf\u0131ndan i\u015fgale u\u011fram\u0131\u015f \u00fclkenin\u00a0 evlatlar\u0131y\u0131z. Bu bir hacl\u0131 savas\u0131d\u0131r. M\u00fcsl\u00fcman T\u00fcrk milleti &hellip; <a href=\"https:\/\/www.chpuye.com\/?p=418\">Okumaya devam et <span class=\"meta-nav\">&rarr;<\/span><\/a><\/p>\n","protected":false},"author":1,"featured_media":0,"comment_status":"open","ping_status":"open","sticky":false,"template":"","format":"gallery","meta":[],"categories":[8],"tags":[],"_links":{"self":[{"href":"https:\/\/www.chpuye.com\/index.php?rest_route=\/wp\/v2\/posts\/418"}],"collection":[{"href":"https:\/\/www.chpuye.com\/index.php?rest_route=\/wp\/v2\/posts"}],"about":[{"href":"https:\/\/www.chpuye.com\/index.php?rest_route=\/wp\/v2\/types\/post"}],"author":[{"embeddable":true,"href":"https:\/\/www.chpuye.com\/index.php?rest_route=\/wp\/v2\/users\/1"}],"replies":[{"embeddable":true,"href":"https:\/\/www.chpuye.com\/index.php?rest_route=%2Fwp%2Fv2%2Fcomments&post=418"}],"version-history":[{"count":1,"href":"https:\/\/www.chpuye.com\/index.php?rest_route=\/wp\/v2\/posts\/418\/revisions"}],"predecessor-version":[{"id":2939,"href":"https:\/\/www.chpuye.com\/index.php?rest_route=\/wp\/v2\/posts\/418\/revisions\/2939"}],"wp:attachment":[{"href":"https:\/\/www.chpuye.com\/index.php?rest_route=%2Fwp%2Fv2%2Fmedia&parent=418"}],"wp:term":[{"taxonomy":"category","embeddable":true,"href":"https:\/\/www.chpuye.com\/index.php?rest_route=%2Fwp%2Fv2%2Fcategories&post=418"},{"taxonomy":"post_tag","embeddable":true,"href":"https:\/\/www.chpuye.com\/index.php?rest_route=%2Fwp%2Fv2%2Ftags&post=418"}],"curies":[{"name":"wp","href":"https:\/\/api.w.org\/{rel}","templated":true}]}}