{"id":2602,"date":"2018-02-24T22:38:19","date_gmt":"2018-02-24T19:38:19","guid":{"rendered":"http:\/\/www.chpuye.com\/?p=2602"},"modified":"2021-03-17T08:02:59","modified_gmt":"2021-03-17T08:02:59","slug":"kendisine-oy-vermez-diye-mahallede-secilen-delegeyi-silip-baskasini-yazan-ilce-il-ve-genel-merkez-yonetimi-durdukca-chp-ulusun-umudu-olur-mu-hele-hele-uyelerin-buyuk-cogunlugu-izleyici-ise-ne-yap","status":"publish","type":"post","link":"https:\/\/www.chpuye.com\/?p=2602","title":{"rendered":"Kendisine oy vermez diye mahallede se\u00e7ilen delegeyi silip ba\u015fkas\u0131n\u0131 yazan ilce, il ve genel merkez y\u00f6netimi durduk\u00e7a, CHP ulusun umudu olur mu? Hele hele  \u00fcyelerin b\u00fcy\u00fck \u00e7o\u011funlu\u011fu izleyici ise: Ne yapmal\u0131?"},"content":{"rendered":"<p><img decoding=\"async\" loading=\"lazy\" class=\"alignnone size-medium wp-image-2788\" src=\"https:\/\/www.chpuye.com\/wp-content\/uploads\/2018\/02\/bir-hizbin-kontrolunde-ATK-253x300.jpg\" alt=\"\" width=\"253\" height=\"300\" srcset=\"https:\/\/www.chpuye.com\/wp-content\/uploads\/2018\/02\/bir-hizbin-kontrolunde-ATK-253x300.jpg 253w, https:\/\/www.chpuye.com\/wp-content\/uploads\/2018\/02\/bir-hizbin-kontrolunde-ATK.jpg 600w\" sizes=\"(max-width: 253px) 100vw, 253px\" \/><br \/>\nSevgili CHPliler<br \/>\nKongre s\u00fcreci ge\u00e7ti. Partiyi hukuk d\u0131\u015f\u0131 y\u00f6netenler koltuklar\u0131nda kals\u0131n diye neler yapt\u0131 ya\u015fad\u0131n\u0131z. Beyaz liste mavi liste diye mahalleden ba\u015flayarak \u00fcyeleri b\u00f6ld\u00fcler.<br \/>\nSe\u00e7ilen delegeleri silip ba\u015fkalar\u0131n\u0131 yazd\u0131lar.<br \/>\n\u0130l ba\u015fkan\u0131 masa bas\u0131nda yazd\u0131\u011f\u0131 delegelere m\u00fcdahale olmas\u0131n diye il\u00e7enin secim kurulunu vermesi gereken delege listelerini kendisi verdi.<br \/>\nBu sahtekarl\u0131klar olmamm\u0131\u015f gibi kongreler yap\u0131ld\u0131.<br \/>\nSe\u00e7enek olmas\u0131n \u00e7\u0131kmas\u0131n diye ayn\u0131 kadronun adamlar\u0131 g\u00fcya yar\u0131\u015ft\u0131. Buna demokrasi dendi.<br \/>\nKurultayda hukuk d\u0131\u015f\u0131 delegeler bloke edilerek aday \u00e7\u0131kmas\u0131 \u00f6nlendi.<br \/>\nBu g\u00f6revi de 2. defa aday olan Muharrem ince yapt\u0131.<br \/>\nAday aday\u0131 olan 2 de\u011ferli ihsan aday olamad\u0131. Adayl\u0131\u011f\u0131, kanunular da olmad\u0131\u011f\u0131 halde t\u00fcz\u00fc\u011fe koyulan maddelerle engellendi.<br \/>\nAnayasal bir hak olan se\u00e7me ve se\u00e7ilme hakk\u0131 gasp edildi.<\/p>\n<p>Masa bas\u0131nda yaz\u0131lan delegelerle bu is d\u00fczelmedi d\u00fczelmez de,<br \/>\nUmudu ke\u015fmi\u015f evinde TV den film izler gibi olanlar\u0131 izliyoruz.<br \/>\nMeclis \u00fcyesi aday\u0131m\u0131z\u0131 bile se\u00e7emiyorsak \u00fcyeli\u011fin ne anlam\u0131 var?<br \/>\nBiz ayn\u0131 zamanda se\u00e7meniz oyumuza dahi sahip de\u011filsek bir \u015fey de\u011fi\u015febilir mi?<br \/>\nPartiyi diktat\u00f6rce y\u00f6netenler \u00f6rg\u00fctl\u00fc, hukuka da uymuyorlar basa \u00e7\u0131kam\u0131yoruz.<br \/>\n\u0130l\u00e7ende basa \u00e7\u0131kamazsan ilde, genel merkezde ba\u015fa \u00e7\u0131kmak m\u00fcmk\u00fcn de\u011fildir.<br \/>\nGenel ba\u015fkan PM, \u0130l ve il\u00e7elerin hukuksuz y\u00f6netimleri her yol denenerek de\u011fi\u015ftirme m\u00fccadelesi devam etmelidir.<br \/>\nT\u00fcrkiye\u2019ye ve T\u00fcrk milletine kar\u015f\u0131 yap\u0131lan sava\u015f devam ediyor.<br \/>\nBalyozla yere serilen T\u00fcrk ordusu, darbe filmiyle polis deste\u011fiyle ayaklar alt\u0131na al\u0131n\u0131p lin\u00e7 edildi. Asl\u0131nda Orduya, polise, adliyeye, \u00f6\u011fretmenlere vs. yap\u0131lan operasyonlar Ergenekon operasyonuyla birlikte T\u00fcrk Ulusuna kars\u0131 yap\u0131lan sava\u015f\u0131n ta kendisidir. Ba\u015fbakan\u0131n Cebinde sava\u015f teskeresi ( ola\u011fan \u00fcst\u00fc hal ve kanun h\u00fckm\u00fcnde kararname yetkisi) NATO komutas\u0131nda koalisyon g\u00fc\u00e7leri (AB \u00fclkeleri vs.) dedikleri \u00fclkelerle Yurtta sava\u015f d\u00fcnyada sava\u015f politikas\u0131 izlemektedir. Hukuk d\u0131\u015f\u0131 \u00fclkeyi y\u00f6netenlerin darbe diyerek kime zarar verdi\u011fi ortadad\u0131r. S\u00fcnni ayr\u0131l\u0131klar b\u0131rak\u0131lmal\u0131d\u0131r. CHP yi bu sava\u015fta ulusun birlik ve beraberli\u011fini, canlar\u0131n\u0131 koruyacak hale getir. 74 milyon bile olsan bir partin yoksa bir anlam\u0131 yoktur. CHPlilerin \u00f6ncelikli g\u00f6revi partiyi ulusun umudu hale getirmek olmal\u0131d\u0131r.<br \/>\nBug\u00fcn yap\u0131lmas\u0131 gereken sudur;<br \/>\nHak hukuk tan\u0131mayan parti y\u00f6neticileri istedi\u011fini aday yapt\u0131ktan sonra \u00fcyeli\u011fin bir anlam\u0131 olabilir mi? Hak hukuk tan\u0131mayan parti y\u00f6netimi \u00dcyelerin (se\u00e7men) se\u00e7me ve se\u00e7ilme hakk\u0131n gasp edip 1 ki\u015fiyi bile atamayla aday yapamaz.<br \/>\nB\u00fct\u00fcn adaylar\u0131n \u00fcyelerin (se\u00e7men) oylar\u0131yla \u00f6nse\u00e7imle belirlenmesinden daha adaletli bir secim var m\u0131?<br \/>\nBen kim aday olacaksa onlarla birlikte il\u00e7emde ilimde \u00e7al\u0131\u015f\u0131p Partimi iktidar yapmak istiyorum. \u00d6nse\u00e7im karar\u0131 tart\u0131\u015fmalar\u0131 sonland\u0131racakt\u0131r. Aday olmak isteyenler y\u00f6neticilerin etraf\u0131nda dolanmay\u0131 Ankara\u2019ya gitmeyi b\u0131rakacakt\u0131r.<br \/>\nB\u00f6ylece bo\u015funa harcanan zaman parada sona erecektir. G\u00fcvendi\u011fi sevdi\u011fi insanlar\u0131 secimle aday yapan \u00fcye, onlar\u0131n kazanmas\u0131 i\u00e7in de var g\u00fcc\u00fcyle g\u00f6n\u00fcll\u00fc \u00e7al\u0131\u015facakt\u0131r. G\u00f6rev bizim. \u00c7are ulusun ta kendisinde.<br \/>\nBu g\u00f6rev imece ile yap\u0131lmas\u0131 gereken bir g\u00f6revdir.<br \/>\nLafla adalet olmaz diyor su \u00e7a\u011fr\u0131y\u0131 yap\u0131yorum:<br \/>\nParti Meclisi gere\u011fini yapana kadar yap\u0131lmal\u0131d\u0131r. Sizde kendi \u00fcslubunuzla yap\u0131n.<\/p>\n<p>CHP Parti Meclisine<br \/>\n1 ki\u015fiyi bile atayarak masa bas\u0131nda listeye yaz\u0131p aday yapamazs\u0131n\u0131z.<br \/>\nEn k\u0131\u015fa zamanda toplan\u0131n, tart\u0131\u015fmalar\u0131 sonland\u0131racak,<br \/>\n\u00fcyeleri harekete ge\u00e7irecek su karar\u0131 al\u0131n.<br \/>\n\u00d6n\u00fcm\u00fczdeki se\u00e7imlerde ,Cumhurba\u015fkan\u0131, milletvekili, belediye ba\u015fkan ve meclis \u00fcyesi adaylar\u0131 b\u00fct\u00fcn \u00fcyelerin kat\u0131laca\u011f\u0131 \u00f6nse\u00e7imle belirlenecektir<br \/>\nkarar\u0131n\u0131 al\u0131n.<\/p>\n<p>Ben kendi aday\u0131m\u0131 kendim se\u00e7erim.<br \/>\nSay\u0131n Genel Ba\u015fkan<br \/>\nLafla adalet olmaz. \u0130lk ad\u0131m\u0131 partide at:<br \/>\nMasa bas\u0131nda aday yazamazs\u0131n\u0131z.<br \/>\n\u0130zmir de \u00f6nse\u00e7ime girdiniz. \u0130s olsun diye girmediyseniz,<br \/>\nE\u015fitlik odur ki herkes \u00f6nse\u00e7ime girmelidir.<br \/>\nPartide herkes e\u015fit hakka sahiptir. Kimseye ayr\u0131cal\u0131k yap\u0131lmaz.<\/p>\n<p>24.02.2018<br \/>\nMazlum Vural<br \/>\nCHP \u0130stanbul\/Ey\u00fcp il\u00e7esi \u00fcyesi<\/p>\n","protected":false},"excerpt":{"rendered":"<p>Sevgili CHPliler Kongre s\u00fcreci ge\u00e7ti. Partiyi hukuk d\u0131\u015f\u0131 y\u00f6netenler koltuklar\u0131nda kals\u0131n diye neler yapt\u0131 ya\u015fad\u0131n\u0131z. Beyaz liste mavi liste diye mahalleden ba\u015flayarak \u00fcyeleri b\u00f6ld\u00fcler. Se\u00e7ilen delegeleri silip ba\u015fkalar\u0131n\u0131 yazd\u0131lar. \u0130l ba\u015fkan\u0131 masa bas\u0131nda yazd\u0131\u011f\u0131 delegelere m\u00fcdahale olmas\u0131n diye il\u00e7enin secim &hellip; <a href=\"https:\/\/www.chpuye.com\/?p=2602\">Okumaya devam et <span class=\"meta-nav\">&rarr;<\/span><\/a><\/p>\n","protected":false},"author":1,"featured_media":0,"comment_status":"open","ping_status":"closed","sticky":false,"template":"","format":"gallery","meta":[],"categories":[14],"tags":[],"_links":{"self":[{"href":"https:\/\/www.chpuye.com\/index.php?rest_route=\/wp\/v2\/posts\/2602"}],"collection":[{"href":"https:\/\/www.chpuye.com\/index.php?rest_route=\/wp\/v2\/posts"}],"about":[{"href":"https:\/\/www.chpuye.com\/index.php?rest_route=\/wp\/v2\/types\/post"}],"author":[{"embeddable":true,"href":"https:\/\/www.chpuye.com\/index.php?rest_route=\/wp\/v2\/users\/1"}],"replies":[{"embeddable":true,"href":"https:\/\/www.chpuye.com\/index.php?rest_route=%2Fwp%2Fv2%2Fcomments&post=2602"}],"version-history":[{"count":1,"href":"https:\/\/www.chpuye.com\/index.php?rest_route=\/wp\/v2\/posts\/2602\/revisions"}],"predecessor-version":[{"id":2789,"href":"https:\/\/www.chpuye.com\/index.php?rest_route=\/wp\/v2\/posts\/2602\/revisions\/2789"}],"wp:attachment":[{"href":"https:\/\/www.chpuye.com\/index.php?rest_route=%2Fwp%2Fv2%2Fmedia&parent=2602"}],"wp:term":[{"taxonomy":"category","embeddable":true,"href":"https:\/\/www.chpuye.com\/index.php?rest_route=%2Fwp%2Fv2%2Fcategories&post=2602"},{"taxonomy":"post_tag","embeddable":true,"href":"https:\/\/www.chpuye.com\/index.php?rest_route=%2Fwp%2Fv2%2Ftags&post=2602"}],"curies":[{"name":"wp","href":"https:\/\/api.w.org\/{rel}","templated":true}]}}