{"id":2440,"date":"2018-03-01T22:21:02","date_gmt":"2018-03-01T19:21:02","guid":{"rendered":"http:\/\/www.chpuye.com\/?p=2440"},"modified":"2021-03-17T08:00:27","modified_gmt":"2021-03-17T08:00:27","slug":"sozum-soz-oyum-chpye-cemil-can","status":"publish","type":"post","link":"https:\/\/www.chpuye.com\/?p=2440","title":{"rendered":"B\u0130LD\u0130RGE\u2019YE SERP\u0130\u015eT\u0130R\u0130LEN HA\u0130NL\u0130KLER!..  CHP\u2019nin 240 sayfal\u0131k Se\u00e7im Bildirgesi\u2019ni (1) okudum.Cemil Can"},"content":{"rendered":"<p><img decoding=\"async\" loading=\"lazy\" class=\"alignnone size-medium wp-image-21\" src=\"https:\/\/www.chpuye.com\/wp-content\/uploads\/2021\/03\/chpnin-isgali_-214x300.jpg\" alt=\"\" width=\"214\" height=\"300\" srcset=\"https:\/\/www.chpuye.com\/wp-content\/uploads\/2021\/03\/chpnin-isgali_-214x300.jpg 214w, https:\/\/www.chpuye.com\/wp-content\/uploads\/2021\/03\/chpnin-isgali_.jpg 319w\" sizes=\"(max-width: 214px) 100vw, 214px\" \/><\/p>\n<p>\u0130lk bak\u0131\u015fta g\u00f6z\u00fcme \u00e7arpan ve CHP\u2019ye asla yak\u0131\u015fmayan c\u00fcmlelerin alt\u0131n\u0131 \u00e7izdim. Bu c\u00fcmlelerin \u00e7a\u011fr\u0131\u015ft\u0131rd\u0131klar\u0131n\u0131 da parantez i\u00e7erisinde altlar\u0131na yazd\u0131m&#8230;<\/p>\n<p>Ba\u015fl\u0131yoruz:<\/p>\n<p>Sayfa:19<\/p>\n<p>\u201c 15 Temmuz darbesinin kaos ortam\u0131n\u0131 kullanan siyasi iktidar, 20 Temmuz darbesi ile birlikte temel hak ve \u00f6zg\u00fcrl\u00fckleri ask\u0131ya alm\u0131\u015f, bir tek adam rejimi kurmu\u015ftur&#8230;\u201d<\/p>\n<p>(15 Temmuz\u2019un \u201ctiyatro\u201d de\u011fil, bir darbe oldu\u011fu nihayet kabul edilmi\u015ftir.)<\/p>\n<p>Sayfa: 26<\/p>\n<p>\u201cAKP\u2019nin K\u00fcrt Sorunu\u2019nu \u00e7\u00f6zme vaatlerinin ak\u0131beti de benzer olmu\u015ftur&#8230; AKP h\u00fck\u00fcmetlerinin \u00e7\u0131karc\u0131 ve samimiyetsiz a\u00e7\u0131l\u0131mlar\u0131, se\u00e7im d\u00f6nemlerinde verilip de tutmad\u0131klar\u0131 vaatlerin \u00f6tesine ge\u00e7memi\u015ftir&#8230;\u201d<\/p>\n<p>(Do\u011fu ve G\u00fcneydo\u011fu\u2019daki geri kalm\u0131\u015fl\u0131k\/b\u0131rak\u0131lm\u0131\u015fl\u0131k sorununu, PKK\u2019n\u0131n d\u00fcnyaya \u201cK\u00fcrt Sorunu\u201d olarak kabul ettirmek i\u00e7in kullan\u0131ld\u0131\u011f\u0131 terminoloji benimsenmi\u015ftir.)<\/p>\n<p>Sayfa: 38<\/p>\n<p>\u201cSe\u00e7im kanunlar\u0131n\u0131 ve Siyasi Partiler Kanununu, siyasal \u00e7o\u011fulculu\u011fu ve kat\u0131l\u0131mc\u0131l\u0131\u011f\u0131 art\u0131racak ve parti i\u00e7i demokrasiyi g\u00fc\u00e7lendirecek \u015fekilde yeniden d\u00fczenleyece\u011fiz&#8230;\u201d<\/p>\n<p>(Ge\u00e7en se\u00e7imlerde; \u00f6nse\u00e7imle tespit edilen adaylar\u0131n hi\u00e7birine bu se\u00e7imde yer verilmemesi, Muharrem \u0130nce\u2019nin genel ba\u015fkanl\u0131\u011f\u0131n\u0131 destekleyen ve Abdullah G\u00fcl\u2019\u00fcn Cumhurba\u015fkanl\u0131\u011f\u0131na kar\u015f\u0131 \u00e7\u0131kan milletvekillerinin tamam\u0131na yak\u0131n\u0131n tasfiye edilmesi, Y-CHP y\u00f6netiminin parti i\u00e7i demokrasiden ne anlad\u0131\u011f\u0131n\u0131 ve samimiyetini ortaya koymu\u015ftur.)<\/p>\n<p>Sayfa:110<\/p>\n<p>\u201cK\u00fcrt Sorunu\u2019nun bir g\u00fcvenlik sorununa indirgenmesi ve ola\u011fan\u00fcst\u00fc d\u00f6nemlerde yap\u0131lan yanl\u0131\u015f uygulamalar, yurtta\u015flar\u0131m\u0131z\u0131n \u00f6nemli bir b\u00f6l\u00fcm\u00fcn\u00fc ma\u011fdur etmi\u015f ve aidiyet duygular\u0131n\u0131 zay\u0131flatm\u0131\u015ft\u0131r&#8230;\u201d<\/p>\n<p>(PKK Ter\u00f6r \u00f6rg\u00fct\u00fcn\u00fcn halka yapt\u0131\u011f\u0131 bask\u0131 sonucu; can ve mal g\u00fcvenli\u011fini tehdit etmesi, bir \u201cg\u00fcvenlik sorunu\u201d olarak kabul edilmemekte, t\u0131pk\u0131 PKK gibi; sosyal, ekonomik, siyasal vb. nedenlere ba\u011flanmaktad\u0131r. A\u011f\u0131z PKK a\u011fz\u0131d\u0131r&#8230;)<\/p>\n<p>\u201cCumhuriyet tarihimizin en \u00f6nemli sorunlar\u0131n\u0131n ba\u015f\u0131nda gelen K\u00fcrt Sorunu, temelinde bir demokrasi eksikli\u011fi meselesidir.\u201d<\/p>\n<p>(PKK ter\u00f6r\u00fcn\u00fcn, \u201cBa\u011f\u0131ms\u0131z K\u00fcrdistan\u201d kurmak i\u00e7in de\u011fil, demokratik hak ve \u00f6zg\u00fcrl\u00fcklerin eksikli\u011finden kaynakland\u0131\u011f\u0131 benimsetilmek istenmektedir.)<\/p>\n<p>Sayfa:111<\/p>\n<p>\u201cTBMM i\u00e7inden ve d\u0131\u015f\u0131ndan geni\u015f temsil platformu olu\u015fturarak kurulacak bir Ortak Ak\u0131l Heyeti ile sorun t\u00fcm boyutlar\u0131 ile ele al\u0131nacak, toplumsal bar\u0131\u015f\u0131n d\u00fc\u015f\u00fcnsel ve psikolojik alt yap\u0131s\u0131n\u0131 olu\u015fturacakt\u0131r&#8230;\u201d<\/p>\n<p>(AKP\u2019nin \u201c\u00c7\u00f6z\u00fcm S\u00fcreci\u201d i\u00e7inde denedi\u011fi ve ba\u015far\u0131l\u0131 olamad\u0131\u011f\u0131 \u201cAkil Adamlar\u201d\u0131n bir benzeri ile bu defa da halk\u0131 aldatma g\u00f6revini Y-CHP \u00fczerine almaya haz\u0131r oldu\u011funu ilan ediyor. Ayn\u0131 zamanda bu i\u015fe TBMM\u2019ni de katarak, ter\u00f6r \u00f6rg\u00fct\u00fcn\u00fc TBMM ile muhatap yaparak me\u015frula\u015ft\u0131rmak istedi\u011fini de ortaya koyuyor.)<\/p>\n<p>Sayfa:113<\/p>\n<p>\u201cK\u00fcrt Sorunu\u2019nu e\u015fit yurtta\u015fl\u0131k ilkesi ve diyalog temelinde, salt g\u00fcvenlik\u00e7i anlay\u0131\u015fa teslim olmaks\u0131z\u0131n, cesaret ve kararl\u0131l\u0131kla \u00e7\u00f6zece\u011fiz&#8230;<\/p>\n<p>Kamu hizmetlerinin e\u015fit yurtta\u015fl\u0131k temelinde t\u00fcm yurtta\u015flar\u0131m\u0131za eksiksiz olarak g\u00f6t\u00fcr\u00fclmesi i\u00e7in ana dili T\u00fcrk\u00e7e olmayan yurtta\u015flar\u0131m\u0131z\u0131 da g\u00f6zetecek bir anlay\u0131\u015f\u0131 harekete ge\u00e7irece\u011fiz&#8230;<\/p>\n<p>Okullarda, K\u00fcrt\u00e7e dersleriyle ilgili alt yap\u0131 sorunlar\u0131 \u00e7\u00f6z\u00fclecek ve se\u00e7imlik dersleri \u00e7e\u015fitlendirece\u011fiz&#8230;\u201d<\/p>\n<p>(\u201cE\u015fit yurtta\u015fl\u0131k, T\u00fcrk vatanda\u015fl\u0131\u011f\u0131ndan vazge\u00e7ilmesi ve halk\u0131n etnik topluluklara b\u00f6l\u00fcnmesi iste\u011fidir. E\u015fit vatanda\u015fl\u0131k bireyler aras\u0131nda e\u015fitlik, yurtta\u015flar\u0131n e\u015fitli\u011fi demek de\u011fildir. Bu taleple istenen, etnik topluluklar\u0131n anayasada kimlik olarak tan\u0131nmas\u0131, etnik anadillerin, ulusal ve b\u00f6lgesel resmi dil haline gelmesi, t\u00fcm devlet ve toplum hizmetlerinde \u00e7ok-resmi dil olmas\u0131, se\u00e7imlerde parlamento ve belediye meclislerinin etnik topluluk kotalar\u0131 temelinde olu\u015fturulmas\u0131d\u0131r. Bu g\u00fcn\u00fcm\u00fczde Bosna-Hersek\u2019te Dayton Anla\u015fmas\u0131 ile kurulmu\u015f olan \u2018Milliyetler Sistemi\u2019ne ge\u00e7ilsin demektir. Elbette olmazsa olmaz \u015fart\u0131, Anayasa\u2019dan T\u00fcrk vatanda\u015fl\u0131\u011f\u0131n\u0131n silinmesidir. HDP bu amaca odakl\u0131 \u00e7al\u0131\u015f\u0131r.\u201d Prof.Dr. Birg\u00fcl Ayman G\u00fcler. (2) PKK\/HDP, CHP\u2019nin i\u00e7erisine Y-CHP olarak gizlenmi\u015ftir.)<\/p>\n<p>Sayfa:114<\/p>\n<p>\u201cYerel y\u00f6netimlerin \u00f6zerkliklerini AB standartlar\u0131na kavu\u015fturaca\u011f\u0131z&#8230;<\/p>\n<p>TBMM taraf\u0131ndan 08.05.1991 tarihinde kabul edilen Avrupa Yerel Y\u00f6netimler \u00d6zerklik \u015eart\u0131\u2019n\u0131 uygulayaca\u011f\u0131z&#8230;<\/p>\n<p>Anadilin \u00f6\u011frenimi hakk\u0131ndan t\u00fcm yurtta\u015flar\u0131m\u0131z\u0131n yararlanabilmesi i\u00e7in gerekli yasal ve kurumsal altyap\u0131y\u0131 kuraca\u011f\u0131z&#8230;<\/p>\n<p>Yer ve y\u00f6relerin \u00f6zg\u00fcn isimlerini iade edece\u011fiz&#8230;<\/p>\n<p>(Do\u011fu ve G\u00fcneydo\u011fu Anadolu\u2019yu T\u00fcrkiye\u2019den kopart\u0131p \u201cBarzanistan\u201d ile birle\u015ftirme hedefine y\u00f6nelik \u00e7al\u0131\u015fmalar\u0131n ba\u015f\u0131nda; yerel y\u00f6netimlerin \u00f6zerkli\u011fi geliyor. Anadilde \u00f6\u011frenim ile K\u00fcrt Milliyet\u00e7ili\u011fi i\u015flenerek, T\u00fcrkiye Cumhuriyeti\u2019ne aidiyet ba\u011f\u0131 zay\u0131flat\u0131lmak istenmektedir. PKK\u2019n\u0131n temel ama\u00e7lar\u0131ndan biri olan ulus devleti par\u00e7alama projesi benimsenmi\u015f olmaktad\u0131r. Yer ve y\u00f6relerin \u00f6zg\u00fcn isimlerinin iade edilmesi ile Tunceli\u2019nin ad\u0131n\u0131n Dersim olarak de\u011fi\u015ftirilmek istendi\u011fi a\u00e7\u0131kt\u0131r. Y-CHP bu vaadi ile asl\u0131nda Dersim \u0130syan\u0131\u2019na kar\u0131\u015fanlara \u201citibarlar\u0131n\u0131n\u201d iadesini istemektedir. Gen\u00e7leri \u201cHepimiz Seyit R\u0131za\u2019y\u0131z\u201d \u015feklinde ba\u011f\u0131rtma politikas\u0131n\u0131n bir devam\u0131d\u0131r.)<\/p>\n<p>Sayfa:115<\/p>\n<p>\u201cDersim olaylar\u0131 ile ilgili t\u00fcm devlet ar\u015fivlerini bir araya toplayarak ara\u015ft\u0131rmac\u0131lara a\u00e7\u0131lmas\u0131n\u0131 sa\u011flayaca\u011f\u0131z&#8230;\u201d<\/p>\n<p>(Dersim \u0130syan\u0131 ile ilgili gizli sakl\u0131 bir \u015fey kalmam\u0131\u015ft\u0131r. AKP Genel Ba\u015fkan\u0131 Erdo\u011fan, Atat\u00fcrk ve \u0130n\u00f6n\u00fc\u2019y\u00fc su\u00e7lamak i\u00e7in ar\u015fivlerde ne varsa hepsini toplay\u0131p kamuoyu ile payla\u015fm\u0131\u015ft\u0131r. Y-CHP y\u00f6netimi, sanki hala a\u00e7\u0131klanmam\u0131\u015f bir \u015feyler varm\u0131\u015f gibi bir alg\u0131 olu\u015fturma ve isyanc\u0131 ba\u015f\u0131 hain Seyit R\u0131za ile arkada\u015flar\u0131n\u0131 aklamaya \u00e7al\u0131\u015fmakla kalm\u0131yor, bu arada Atat\u00fcrk ve \u0130n\u00f6n\u00fc\u2019ye de katil demeye haz\u0131rlanmaktad\u0131r&#8230;)<\/p>\n<p>Sayfa:119<\/p>\n<p>\u201cT\u00fcrkiye\u2019nin Bat\u0131l\u0131 m\u00fcttefikleriyle ve i\u00e7inde yer ald\u0131\u011f\u0131 ya da yer almak i\u00e7in m\u00fczakereler s\u00fcrd\u00fcrd\u00fc\u011f\u00fc NATO, AG\u0130T, Avrupa Konseyi, Avrupa Birli\u011fi gibi \u00f6rg\u00fct ve kurulu\u015flarla ili\u015fkileri de yeniden normalle\u015fecektir&#8230;\u201d<\/p>\n<p>(Bu a\u00e7\u0131klama ile T\u00fcrkiye\u2019nin CHP \u00fczerinden Bat\u0131\u2019n\u0131n hizmetine verilmeye haz\u0131r oldu\u011fu ilan edilmektedir&#8230;)<\/p>\n<p>Sayfa:121<\/p>\n<p>\u201cABD ile ili\u015fkilerimizi kar\u015f\u0131l\u0131kl\u0131l\u0131k ve g\u00fcven \u00e7er\u00e7evesinde y\u00fcr\u00fctece\u011fiz&#8230;<\/p>\n<p>ABD ile stratejik ve askeri ili\u015fkilerle s\u0131n\u0131rl\u0131 olmayan, ba\u015fta ekonomik, bilimsel ve k\u00fclt\u00fcrel etkile\u015fime a\u00e7\u0131k yeni ortakl\u0131klar tesis edece\u011fiz&#8230;\u201d<\/p>\n<p>(Y-CHP y\u00f6netimi, T\u00fcrkiye\u2019yi b\u00f6lmek i\u00e7in en sinsi planlar\u0131n\u0131 uygulamaya koyan ABD\u2019ye, \u00fclkemizini adeta eyalet yapmak i\u00e7in f\u0131rsat bekledi\u011fini ilan etmektedir&#8230;)<\/p>\n<p>Sayfa:123<\/p>\n<p>\u201cKKTC\u2019nin i\u00e7 i\u015flerine m\u00fcdahale edilmesine izin vermeyece\u011fiz&#8230;<\/p>\n<p>KKTC\u2019nin anayasal kurumlar\u0131yla kar\u015f\u0131l\u0131kl\u0131 sayg\u0131 ve e\u015fitlik \u00e7er\u00e7evesinde ileti\u015fim kuraca\u011f\u0131z&#8230;\u201d<\/p>\n<p>(Bu ifadelerle, olas\u0131 Y-CHP iktidar\u0131nda garant\u00f6rl\u00fckten do\u011fan haklar\u0131m\u0131zdan vazge\u00e7meye haz\u0131r oldu\u011fumuz anlat\u0131lmak istenmektedir&#8230;)<\/p>\n<p>Sayfa:130<\/p>\n<p>\u201cYurt d\u0131\u015f\u0131nda verilen askerlik yapamaz raporunun T\u00fcrkiye taraf\u0131ndan kabul edilmesini sa\u011flayaca\u011f\u0131z&#8230;\u201d<\/p>\n<p>(Bunun anlam\u0131 paras\u0131 olanlar\u0131n Afrika\u2019daki muz cumhuriyetlerinden \u201caskerlik yapamaz raporu\u201d alarak, askerlik hizmetinden y\u0131rtmalar\u0131n\u0131n kabul edilece\u011fi, b\u00f6ylece kutsal vatan g\u00f6revi kabul edilen askerli\u011fi g\u00f6zden d\u00fc\u015f\u00fcrecekleri a\u00e7\u0131kt\u0131r&#8230;)<\/p>\n<p>Sayfa:137<\/p>\n<p>\u201cKamu yerel birimlerinin idari ve mali \u00f6zerkliklerini sa\u011flayaca\u011f\u0131z&#8230;\u201d<\/p>\n<p>(Ba\u015fkanlar\u0131 HDP\u2019li olan ve g\u00f6revden al\u0131nan belediye ba\u015fkanlar\u0131n\u0131n, PKK\u2019ye nas\u0131l yard\u0131m ve yatakl\u0131k yapt\u0131klar\u0131n\u0131 \u201cHendek Sava\u015flar\u0131\u201d s\u0131ras\u0131nda ya\u015fayarak g\u00f6rd\u00fck. Y-CHP, belediyelerin yan\u0131nda di\u011fer kamu yerel birimlerine de idari ve mali \u00f6zerklik vererek, ter\u00f6r \u00f6rg\u00fct\u00fcn\u00fcn finansman\u0131n\u0131 da T\u00fcrk halk\u0131na yapt\u0131rmak istemektedir&#8230;)<\/p>\n<p>Sayfa:138<\/p>\n<p>\u201cBaz\u0131 bakanl\u0131klar\u0131n ta\u015fra kurulu\u015flar\u0131n\u0131 g\u00f6rev alanlar\u0131na g\u00f6re belediyelere veya il \u00f6zel idarelerine devredece\u011fiz&#8230;\u201d<\/p>\n<p>Merkezi y\u00f6netimin yerel meclislerin kararlar\u0131na m\u00fcdahalesini \u00f6nleyecek yasal d\u00fczenlemeler yapaca\u011f\u0131z&#8230;\u201d<\/p>\n<p>(\u0130dari ve mali \u00f6zerklik verilmesi yeterli g\u00f6r\u00fclmeyen Do\u011fu ve G\u00fcneydo\u011fu\u2019daki baz\u0131 kurulu\u015flar, do\u011frudan belediyelere devredilerek; dolayl\u0131 yoldan PKK\u2019n\u0131n hizmetine verilmek; yerel meclislerin PKK gibi ter\u00f6r \u00f6rg\u00fctlerine yard\u0131m yapmas\u0131 yasa \u00e7\u0131kart\u0131lmak suretiyle denetim d\u0131\u015f\u0131nda tutulmak istenmektedir&#8230;)<\/p>\n<p>Sayfa:142<\/p>\n<p>\u201cT\u00fcrkiye\u2019nin idari yap\u0131s\u0131n\u0131 yerel y\u00f6netimleri daha g\u00fc\u00e7l\u00fc ve \u00f6zerk hale getirecek \u015fekilde yeniden yap\u0131land\u0131raca\u011f\u0131z&#8230;<\/p>\n<p>Avrupa Yerel Y\u00f6netimler \u00d6zerklik \u015eart\u0131\u2019ndaki \u00e7ekinceleri kald\u0131raca\u011f\u0131z&#8230;\u201d<\/p>\n<p>(Toprak b\u00fct\u00fcnl\u00fc\u011f\u00fcm\u00fcz\u00fc do\u011frudan tehdit eden bu \u00e7ekinceleri kald\u0131r\u0131ld\u0131\u011f\u0131nda; BOP\u2019un rahat uygulanmas\u0131 sa\u011flanmak ve \u201cfederasyon\u201d kurulmas\u0131n\u0131n hukuki yap\u0131s\u0131 olu\u015fturulmak istenmektedir&#8230;)<\/p>\n<p>Bu bildirge ile Y-CHP\u2019nin ne yapmak istedi\u011fini ben anlad\u0131m:<\/p>\n<p>7 Haziran Se\u00e7imlerinden \u00f6nce AKP\u2019nin yapmak istedi\u011fi \u201cK\u00fcrt A\u00e7\u0131l\u0131m\u0131\u201d utanmazca sahipleniliyor.<\/p>\n<p>\u201cA\u00e7\u0131l\u0131m\u201d politikalar\u0131 y\u00fcz\u00fcnden iktidar\u0131 kaybeden AKP, ter\u00f6rle m\u00fccadeleyi esas alarak 1 Kas\u0131m se\u00e7imlerinde yeniden tek ba\u015f\u0131na iktidar olabildi\u011fi g\u00f6z \u00f6n\u00fcnde tutulursa; iktidara gelmenin birinci ko\u015fulunun, ulus devleti ve toprak b\u00fct\u00fcnl\u00fc\u011f\u00fcn\u00fc savunmak oldu\u011fu, ter\u00f6rle m\u00fczakere de\u011fil, m\u00fccadele etmek gerekti\u011fi bu se\u00e7imlerde kan\u0131tlanm\u0131\u015ft\u0131r.<\/p>\n<p>AKP\u2019nin terk etti\u011fi politikalar\u0131 aynen s\u00fcrd\u00fcrece\u011fini taahh\u00fct eden Y-CHP\u2019nin iktidara talip olmad\u0131\u011f\u0131n\u0131 bu tutumu g\u00f6stermektedir.<\/p>\n<p>Bildirge, ayn\u0131 zamanda Muharrem \u0130nce\u2019nin Cumhurba\u015fkanl\u0131\u011f\u0131n\u0131 kazanmas\u0131n\u0131n \u00f6n\u00fcne en b\u00fcy\u00fck engeli te\u015fkil etmektedir.<\/p>\n<p>Saadet Partisi Genel Ba\u015fkan\u0131 Temel Karamollao\u011flu, FOX TV\u2019de kat\u0131ld\u0131\u011f\u0131 bir programda; \u00e7at\u0131 aday\u0131n\u0131n Abdullah G\u00fcl oldu\u011funu, bu konuda CHP ile mutabakata vard\u0131klar\u0131n\u0131, fakat Meral Ak\u015fener\u2019in \u0131srar\u0131 \u00fczerine G\u00fcl\u2019den vazge\u00e7mek zorunda kald\u0131klar\u0131n\u0131 a\u00e7\u0131klam\u0131\u015ft\u0131&#8230;<\/p>\n<p>Anla\u015f\u0131lan K\u0131l\u0131\u00e7daro\u011flu, rakibi olan \u0130nce\u2019yi Bat\u0131 ad\u0131na kolayl\u0131kla kontrol edemeyece\u011fini d\u00fc\u015f\u00fcnd\u00fc\u011f\u00fcnden, onun yerine zaten Bat\u0131 yanl\u0131s\u0131 oldu\u011funu ilan eden Ak\u015fener\u2019in Cumhurba\u015fkan\u0131 se\u00e7ilmesini tercih etmektedir.<\/p>\n<p>Bat\u0131n\u0131n iste\u011fi de bu y\u00f6nde olsa gerekir.<\/p>\n<p>\u015eunun suras\u0131nda ne kald\u0131; ya\u015fayarak g\u00f6rece\u011fiz&#8230;<\/p>\n<p>Cemil Can<\/p>\n<p>D\u0130PNOTLAR: (1) http:\/\/secim2018.chp.org.tr\/files\/CHP-SecimBildirgesi-2018-icerik.pdf (2) http<\/p>\n<p><strong>Y\u0130T\u0130K \u201cKURUMSAL K\u0130ML\u0130K\u201d!..Cemil CAN<\/strong><\/p>\n<p>Kasaban\u0131n a\u011f\u0131r topu, sesi titreyerek sitem etmeye ba\u015flad\u0131:<\/p>\n<p>\u201cNiye CHP hakk\u0131nda ulu orta konu\u015fuyor, sa\u011fc\u0131lar\u0131n yan\u0131nda ele\u015ftiriyorsun?\u00a0 CHP\u2019nin y\u00f6netimini ele\u015ftirebilirsin ama \u201ckurumsal kimli\u011fi\u201dne laf edemezsin, ettirmeyiz\u2026\u201d<\/p>\n<p>Hazret, belli ki kraldan fazla kralc\u0131.<\/p>\n<p>Kurulmu\u015f oyuncak gibi, soluk almadan konu\u015fuyor:<\/p>\n<p>\u201cBu s\u00f6zleri duyanlar, bir daha CHP&#8217;ye oy verir mi san\u0131yorsun? Partiye zarar veriyorsunuz.\u201d<\/p>\n<p>S\u00f6z\u00fcn\u00fc kestim.<\/p>\n<p>O\u011flum! Ben genel ba\u015fkan\u0131n, genel merkez y\u00f6neticilerinin s\u00f6ylediklerinitekrar ediyorum, g\u00f6revlendirdikleri milletvekillerinin haz\u0131rlay\u0131p payla\u015ft\u0131klar\u0131 raporlar\u0131\u00a0ele\u015ftiriyorum.<\/p>\n<p>Diyorum ki:<\/p>\n<p>Bu s\u00f6zler Atat\u00fcrk&#8217;\u00fcn partisine hi\u00e7 yak\u0131\u015fm\u0131yor.<\/p>\n<p>Duyanlar; \u201cCHP bu mu?\u201d diyerek, dudaklar\u0131n\u0131 \u0131s\u0131r\u0131yor.<\/p>\n<p>Se\u00e7menler, CHP&#8217;den umudunu kesiyorlar\u2026<\/p>\n<p>G\u00f6be\u011fi sark\u0131k kasaba kurnaz\u0131 beni i\u015fitmiyor.<\/p>\n<p>Kendi kendine bir g\u00f6rev bi\u00e7mi\u015f, onu yapmakta kararl\u0131:<\/p>\n<p>\u201cOlsun, sen yine de ele\u015ftirmemelisin, genel ba\u015fkan\u0131n ve merkez y\u00f6neticilerinin mutlaka bir bildi\u011fi var\u201d diyor\u2026<\/p>\n<p>Elimde medya olanaklar\u0131 yok.<\/p>\n<p>Ne kadar yetenekli olursam olay\u0131m, \u00a0hatta geometrik dizi \u015feklinde payla\u015f\u0131lsa da yazd\u0131\u011f\u0131m, en fazla 3-5 milyon insana ula\u015fabilirim.<\/p>\n<p>Oysa n\u00fcfusumuz 78 milyonu a\u015ft\u0131.<\/p>\n<p>\u0130leti\u015fim \u00e7a\u011f\u0131nday\u0131z:<\/p>\n<p>Ana muhalefet partisinin genel ba\u015fkan\u0131 ve s\u00f6zc\u00fclerinin a\u011fz\u0131ndan \u00e7\u0131kan her s\u00f6z, haber yap\u0131l\u0131yor.<\/p>\n<p>Onlar ele\u015ftiriliyor veya \u00f6v\u00fcl\u00fcyor.<\/p>\n<p>Sonu\u00e7ta milyonlar\u0131n evinin davetsiz konu\u011fu onlar; onlar\u0131n dedi\u011fi duyuluyor\u2026<\/p>\n<p>Partiye as\u0131l bu durumu zarar veriyor, diyorum\u2026<\/p>\n<p>-\u2026<\/p>\n<p>(Yan\u0131t yok!)<\/p>\n<p>Uyar\u0131lar\u0131m, uzak bir olas\u0131l\u0131k ama, belki kulaklar\u0131na kadar gidebilir, bir kez daha d\u00fc\u015f\u00fcnmelerine vesile olabilirim diye d\u00fc\u015f\u00fcn\u00fcyorum.<\/p>\n<p>B\u00f6ylece; \u00a0yanl\u0131\u015f yap\u0131lmas\u0131na engel olurum, dedim\u2026<\/p>\n<p>Dinlemiyor\u2026<\/p>\n<p>\u201cSenin \u2018yanl\u0131\u015ft\u0131r\u2019 diye ele\u015ftirdi\u011fin konular, belki de en do\u011fru olanlard\u0131r. Onlar\u0131n her zaman bir bildikleri vard\u0131r. Siyaset gerektirdi\u011fi i\u00e7in \u00f6yle konu\u015fuyorlar, belki de sa\u011fdan oy alabilmek i\u00e7in b\u00f6yle bir taktik geli\u015ftirdiler, nereden bileceksin sen? CHP&#8217;nin kimli\u011fini tart\u0131\u015fmak sana m\u0131 kald\u0131? Partiye zarar veriyorsun, bu \u015fekilde sittin sene iktidar olamay\u0131z.\u201d<\/p>\n<p>Bu sefer s\u00f6z\u00fcn\u00fc kesemedim.<\/p>\n<p>Makineli t\u00fcfek gibiydi\u2026<\/p>\n<p>\u201cBenim o\u011flum bina (1) okur, d\u00f6ner d\u00f6ner yine okur\u201d \u00a0deyimi bo\u015funa s\u00f6ylenmedi!..<\/p>\n<p>***<\/p>\n<p>A\u011f\u0131r topun \u201ckurumsal kimlik\u201d kayg\u0131s\u0131n\u0131, birka\u00e7 hafta \u00f6nce Halil Nebiler&#8217;in Ulusal Kanal&#8217;daki program\u0131nda, eski TBMM Ba\u015fkanvekili Ulu\u00e7 G\u00fcrkan&#8217;\u0131n da payla\u015ft\u0131\u011f\u0131na tan\u0131k oldum.<\/p>\n<p>Prof. Birg\u00fcl Ayman G\u00fcler&#8217;in, Y-CHP&#8217;ye d\u00f6n\u00fck yerinde ele\u015ftirisini dinlemeden: \u201cCHP&#8217;nin kurumsal kimli\u011fine\u00a0laf ettirmem\u201d diye sert \u00e7\u0131k\u0131\u015ft\u0131\u2026<\/p>\n<p>G\u00fcrkan, Birg\u00fcl Hocan\u0131n s\u00f6z\u00fcn\u00fc kesmeye de\u011fecek ne diyecek acaba diye beklemi\u015ftim.<\/p>\n<p>S\u00f6zleri; i\u00e7erikten yoksundu, s\u0131radan bir sahiplenmenin \u00f6tesine ge\u00e7medi\u2026<\/p>\n<p>Bu tecr\u00fcbeli siyaset\u00e7i, \u201cCHP&#8217;nin kurumsal kimli\u011fi tart\u0131\u015f\u0131lmamal\u0131\u201d deyip noktay\u0131 koymu\u015ftu!<\/p>\n<p>Demek ki, \u201ckurumsal kimlik\u00e7iler\u201d sand\u0131\u011f\u0131m\u0131zdan fazlayd\u0131\u2026<\/p>\n<p>\u00d6yleyse, kirletilmi\u015f\u00a0kurumsal kimli\u011fi\u00a0ele almak \u015fart oldu:<\/p>\n<p>1.Siyasi partilerin kurumsal kimli\u011fi, \u00a0siyasi duru\u015flar\u0131\u00a0ile belirlenir.<\/p>\n<p>2.Siyasi partinin duru\u015fu ise; Program, T\u00fcz\u00fck\u00a0ve Kurultay Kararlar\u0131\u00a0ile saptan\u0131r.<\/p>\n<p>3.CHP i\u00e7in kurumsal kimlik; 6 Ok\u00a0ile ifade edilen; Cumhuriyet\u00e7ilik, Halk\u00e7\u0131l\u0131k, Milliyet\u00e7ilik, Laiklik, Devlet\u00e7ilik ve Devrimcilik&#8217;tir\u2026<\/p>\n<p>4.Bu ilkeler; zaman i\u00e7erisinde Atat\u00fcrk\u00e7\u00fc D\u00fc\u015f\u00fcnce\u00a0veyaKemalizm\u00a0olarak form\u00fcle edilmi\u015ftir.<\/p>\n<p>K\u0131saca CHP&#8217;nin kimli\u011fi; kurucusu Mustafa Kemal ve \u0130kinci Genel Ba\u015fkan \u0130smet Pa\u015fa ile ete kemi\u011fe b\u00fcr\u00fcnm\u00fc\u015ft\u00fcr\u2026<\/p>\n<p>***<\/p>\n<p>Kemal K\u0131l\u0131\u00e7daro\u011flu d\u00f6neminde; \u201cAtat\u00fcrk&#8217;\u00fcn CHP&#8217;si de\u011filiz\u201d, \u201c1930&#8217;lar\u0131n, 40\u2019lar\u0131n CHP\u2019si de\u011filiz\u201d, \u201c6 Ok&#8217;u yeniden yorumlamak gerekiyor\u201d, \u201cCHP\u2019yi, Yeni CHP&#8217;ye d\u00f6n\u00fc\u015ft\u00fcrd\u00fck\u201d vb. gibi s\u00f6ylemlerle \u201ckurumsal kimlik\u201d zaten ink\u00e2r\u00a0edilmektedir!<\/p>\n<p>K\u0131l\u0131\u00e7daro\u011flu ve ekibi, CHP&#8217;nin miras\u0131n\u0131 da a\u00e7\u0131k\u00e7a reddediyor!<\/p>\n<p>Ger\u00e7ek b\u00f6yle iken, CHP taban\u0131ndaki iyi niyetli partililer, hala CHP&#8217;ninkurumsal kimli\u011fine\u00a0ele\u015ftiri y\u00f6neltmeyelim anlay\u0131\u015f\u0131 i\u00e7erisine itiliyor\u2026<\/p>\n<p>Etkisiz eleman\u00a0haline getiriliyorlar..<\/p>\n<p>Mevcut durumu ele\u015ftirmeden\u00a0kabul edelim, anlam\u0131na gelen bu dayatmaya teslim olacak m\u0131y\u0131z?<\/p>\n<p>CHP Genel Merkez Y\u00f6netimi\u2019nin; T\u00fcz\u00fck ve Program\u2019a ayk\u0131r\u0131 s\u00f6ylem ve eylemleri ele\u015ftirilmeyecekse, bu durum kurumsal kimli\u011fin yitirilmesineses \u00e7\u0131kartmamak\u00a0anlam\u0131na gelmez mi?<\/p>\n<p>Bu durumda su\u00e7 ortakl\u0131\u011f\u0131 yapm\u0131\u015f olmuyor muyuz?..<\/p>\n<p>***<\/p>\n<p>\u00d6rne\u011fin; CHP&#8217;nin kimli\u011fi ile b\u00fct\u00fcnle\u015fen \u201cYurtta Sulh, Cihanda Sulh\u201d \u00a0ilkesi, \u00e7i\u011fnenir ve emperyalist projelerde \u00f6rt\u00fc olarak kullan\u0131l\u0131rsa, bu durumda kurumsal kimlikten mi, kimliksizlikten mi\u00a0s\u00f6z edece\u011fiz?<\/p>\n<p>Ter\u00f6rle m\u00fccadeleyi\u00a0esas alan CHP Program&#8217;\u0131 de\u011fi\u015ftirilmeden, h\u00fck\u00fcmetin PKK ile \u201c\u00e7\u00f6z\u00fcm s\u00fcreci\u201d ad\u0131 alt\u0131nda y\u00fcr\u00fctt\u00fc\u011f\u00fc g\u00f6r\u00fc\u015fmelere \u201da\u00e7\u0131k \u00e7ek\u201d vermek ve \u00d6calan&#8217;\u0131n T\u00fcrkiye Cumhuriyeti\u2019ne silah tehdidi ile \u201cyol haritas\u0131\u201d olarak dayatt\u0131\u011f\u0131 \u201c10 emri\u201d;\u00a0CHP Genel Ba\u015fkan\u0131 s\u0131fat\u0131 ilesahiplenmeyi nereye koyaca\u011f\u0131z?<\/p>\n<p>Salt bu faaliyet bile, CHP kurumsal kimli\u011finin, PKK&#8217;n\u0131n kirli kimli\u011fi i\u00e7erisinde eritildi\u011fini\u00a0g\u00f6stermeye yetiyor.<\/p>\n<p>Bu t\u00fcr \u00f6rnekleri \u00e7o\u011faltmak m\u00fcmk\u00fcn\u2026<\/p>\n<p>Olas\u0131 bir CHP iktidar\u0131nda; \u00fclke ekonomisinin Kemal Dervi\u015f&#8217;e teslim edece\u011fini s\u00f6yleyen K\u0131l\u0131\u00e7daro\u011flu, \u201cHalk\u00e7\u0131l\u0131k\u201d ilkesini, yeniden yorumlamaya bile gerek kalmadan terk etmedi mi?<\/p>\n<p>CHP&#8217;nin, Y-CHP&#8217;ye d\u00f6n\u00fc\u015ft\u00fcr\u00fclmesi ile kurumsal kimlik zaten yitirilmi\u015ftir!<\/p>\n<p>Y-CHP&#8217;ye y\u00f6neltilecek ele\u015ftirileri, CHP&#8217;nin \u00a0\u201ckurumsal kimli\u011fine\u201d yap\u0131lan sald\u0131r\u0131lar olarak kar\u015f\u0131lamak, \u00a0kasaba politikac\u0131lar\u0131n\u0131n ba\u015fvurdu\u011fu basit \u015fark kurnazl\u0131\u011f\u0131d\u0131r\u2026<\/p>\n<p>Y-CHP&#8217;nin Genel Ba\u015fkan\u0131 Kemal K\u0131l\u0131\u00e7daro\u011flu, \u201cDersimli Kemal&#8217;im ben\u201d diyerek, Cumhuriyet Devrimi ile ba\u011f\u0131n\u0131 kesti\u011fini g\u00f6stermi\u015ftir.<\/p>\n<p>Antalya&#8217;daki Parti Meclisi toplant\u0131s\u0131nda: \u201dHDP&#8217;ye imza deste\u011fi vereni partiden atar\u0131m\u201d dememi\u015f miydi?<\/p>\n<p>Bu \u00f6rnekte bile g\u00f6steriyor ki; Mustafa Kemal ve arkada\u015flar\u0131n\u0131n kurdu\u011fu, bug\u00fcn 12\u00a0milyon se\u00e7menin oy verdi\u011fi CHP\u2019yi, babas\u0131ndan kalan adi bir \u015firket gibi y\u00f6netiyor\u2026<\/p>\n<p>H\u00fck\u00fcmet Anayasa tan\u0131m\u0131yor, Dersimli Kemal parti hukuku\u2026<\/p>\n<p>Diledi\u011fini at\u0131yor, diledi\u011fini tutuyor\u2026<\/p>\n<p>Bu duruma d\u00fc\u015f\u00fcr\u00fclm\u00fc\u015f bir CHP&#8217;nin \u201ckurumsal kimli\u011fi\u201dnden s\u00f6z edilebilir mi?<\/p>\n<p>Dersimli Kemal ve ekibi, CHP&#8217;nin kurumsal kimli\u011fini ele\u015ftirerek partiye zarar vermeyin\u00a0derken, asl\u0131nda kendileri i\u00e7in, ele\u015ftirilmeme imtiyaz\u0131\u00a0elde etmek istiyorlar\u2026<\/p>\n<p>Partinin yetkili organlar\u0131nda g\u00f6r\u00fc\u015fmeden, hi\u00e7bir partiliyedan\u0131\u015fmadan,\u00a0gerici-yobaz bir Atat\u00fcrk d\u00fc\u015fman\u0131n\u0131, Cumhurba\u015fkan\u0131 aday\u0131 g\u00f6steren ve parti taban\u0131n\u0131 bu adama \u201ct\u0131p\u0131\u015f t\u0131p\u0131\u015f\u201d oy vermek zorunda b\u0131rakan bir genel ba\u015fkan\u0131n, Y-CHP&#8217;nin kurumsal kimli\u011fi ileb\u00fct\u00fcnle\u015fen\u00a0kimli\u011fi ve ki\u015fili\u011fi hi\u00e7 tart\u0131\u015f\u0131lmayacak m\u0131?<\/p>\n<p>CHP&#8217;lileri, kim ne hakla s\u00fcr\u00fc\u00a0yerine koyabiliyor?<\/p>\n<p>Emperyalist ABD&#8217;nin B\u00fcy\u00fckel\u00e7isi ile bir otel odas\u0131nda; tek ba\u015f\u0131na, saatlerce ne konu\u015ftu\u011funu hala partisine a\u00e7\u0131klamayan birinin; CHP ile \u00f6rt\u00fc\u015fen, \u00f6zg\u00fcn\u00a0bir kimli\u011fi kalm\u0131\u015f olabilir mi?<\/p>\n<p>Bir \u00f6nceki genel ba\u015fkana yap\u0131lan kaset komplosunun g\u00f6r\u00fcnt\u00fclerini getirip, kendisine izletenleri saklayan\u00a0ve Cemaat\u00e7i olmad\u0131klar\u0131n\u0131 bilecek kadar yak\u0131ndan tan\u0131yan\u00a0bir lidere g\u00fcvenip, pe\u015finden gidilebilir mi?<\/p>\n<p>\u015eeriat tehlikesi yoktur, poliste ve yarg\u0131da Cemaat\u00e7i yap\u0131lanma oldu\u011funu da s\u00f6yleyemem, diyen bir siyaset adam\u0131, halk\u0131 bu tehlikelere kar\u015f\u0131 uyar\u0131 g\u00f6revini yapmayarak, en basit tedbirlerin al\u0131nmas\u0131n\u0131 engellemedi mi?<\/p>\n<p>Dersimli Kemal ve arkada\u015flar\u0131, emperyalizme kar\u015f\u0131 d\u00fcnyan\u0131n en hakl\u0131 sava\u015f\u0131 verilerek kurulan T\u00fcrkiye Cumhuriyeti\u2019ni korumak ve kollamakla g\u00f6revli Ordu&#8217;muza yap\u0131lan komplo kar\u015f\u0131s\u0131nda, sessiz kalarak, en b\u00fcy\u00fck ihaneti\u00a0yapmad\u0131lar m\u0131?<\/p>\n<p>Bu ihanetin ba\u015f akt\u00f6r\u00fc olan Fetullah G\u00fclen Cemaati&#8217;ne kol kanat gerenler kimlerdir?<\/p>\n<p>Dersimli, \u015fimdi hangi kurumsal kimlikten, hangi ki\u015filikten s\u00f6z edebiliyor!<\/p>\n<p>Kar\u015f\u0131 devrimin\u00a0\u00f6n\u00fcndeki ta\u015flar\u0131 o ve ekibi toplad\u0131!<\/p>\n<p>T\u00fcrban\u0131n; Meclis&#8217;e, \u00a0oradan da ilkokula kadar sokulmas\u0131ndaki rol\u00fcn\u00fc hat\u0131rlay\u0131n.<\/p>\n<p>O g\u00fcn, kendini d\u00fcnyan\u0131n en mutlu\u00a0ki\u015fisi ilan eden Dersimi Kemal de\u011fil miydi?<\/p>\n<p>Kim ne derse desin, kar\u015f\u0131 devrimin en \u00f6nemli ikinci akt\u00f6r\u00fc de Kemal K\u0131l\u0131\u00e7daro\u011flu&#8217;dur\u2026<\/p>\n<p>***<\/p>\n<p>Kar\u015f\u0131 devrimin bundan sonraki i\u015fi; Cumhurba\u015fkan\u0131 Erdo\u011fan ile Ba\u015fbakan Y\u0131ld\u0131r\u0131m&#8217;\u0131n a\u00e7\u0131klad\u0131klar\u0131 gibi, hukuku\u00a0fiili duruma uygun hale getirmektir.<\/p>\n<p>Yani, yeni bir anayasad\u0131r ihtiya\u00e7 duyduklar\u0131.<\/p>\n<p>O zaman, kar\u015f\u0131 devrim ba\u015far\u0131l\u0131 bir \u015fekilde tamamlanm\u0131\u015f olacakt\u0131r\u2026<\/p>\n<p>Ayr\u0131ca, boynuzlar\u0131n\u0131n \u00e7\u0131kmas\u0131n\u0131 beklemeye gerek yok!<\/p>\n<p>Peki! Yeni anayasa yapmak i\u00e7in can atanlar kimlerdi?<\/p>\n<p>Kemal K\u0131l\u0131\u00e7daro\u011flu ve SOROS\u00c7U ekibi; kurulu\u00a0meclise,kurucu\u00a0meclisin i\u015fini yapt\u0131rmak ve \u201csivil darbe\u201d olarak tarif edilen, kar\u015f\u0131 devrimi me\u015frula\u015ft\u0131rmak\u00a0i\u00e7in CHP\u2019nin y\u00f6netimine getirildiler\u2026<\/p>\n<p>Ve 5 Haziran se\u00e7imlerinde PKK\u2019n\u0131n Meclis\u2019teki uzant\u0131s\u0131 HDP\u2019yi desteklediler!<\/p>\n<p>Y-CHP\u2019nin CHP olmad\u0131\u011f\u0131na\u00a0en ufak bir ku\u015fkumuz kalmad\u0131.<\/p>\n<p>Koalisyon\u00a0kurarak, AKP iktidar\u0131n\u0131 devam ettirmek\u00a0i\u00e7in, kimdi Erdo\u011fan\u2019\u0131n \u00f6n\u00fcnde yat\u0131p 40 takla atan?<\/p>\n<p>Ge\u00e7mi\u015fe s\u00fcnger\u00a0\u00e7ekmeye haz\u0131r olan biri, o g\u00fcne kadar s\u00f6yledi\u011fiyolsuzluk\u00a0ve h\u0131rs\u0131zl\u0131k\u00a0su\u00e7lamalar\u0131n\u0131 yalam\u0131\u015f olmad\u0131 m\u0131?<\/p>\n<p>Kendini yalanlayan bir siyaset adam\u0131n\u0131n; giri\u015fi \u201ckan\u0131m\u0131z\u0131 d\u00f6kmeden\u201d \u00a0olan c\u00fcmlelerini kim ciddiye al\u0131r?!..<\/p>\n<p>K\u0131l\u0131\u00e7daro\u011flu ve ekibi Truva At\u0131 i\u015flevi g\u00f6ren Baykal\u2019\u0131n Kaseti\u00a0i\u00e7erisinde Atat\u00fcrk&#8217;\u00fcn CHP&#8217;sine girdiler.<\/p>\n<p>Yaban ar\u0131lar gibi; ev sahiplerini birer birer d\u0131\u015far\u0131 at\u0131p kovan\u0131 sahiplendiler\u2026<\/p>\n<p>Do\u011frusunu s\u00f6ylemek gerekirse, bu g\u00f6revlerini\u00a0de lay\u0131k\u0131yla yerine getirdiler.<\/p>\n<p>Onlardan bu d\u00fcnyada hesap sormak zor\u00a0g\u00f6r\u00fcn\u00fcyor olabilir, ama imk\u00e2ns\u0131z de\u011fil\u2026<\/p>\n<p>Kar\u015f\u0131 devrimin hizmetk\u00e2r\u0131 olduklar\u0131 i\u00e7in, k\u00fcresel g\u00fc\u00e7ler mecburen bir s\u00fcre arkalar\u0131nda\u00a0durabilir\u2026<\/p>\n<p>Onlar; b\u00fct\u00fcn i\u015fbirlik\u00e7iler gibi, k\u00fcresel g\u00fc\u00e7lerin \u00f6n\u00fcne bilerek veisteyerek\u00a0yatt\u0131lar!<\/p>\n<p>Ama kay\u0131tlara hain\u00a0olarak ge\u00e7melerini kimse engelleyemeyecek.<\/p>\n<p>Tarih baba, kahramanlar\u0131 da hainleri de ait olduklar\u0131 sayfalara mutlaka yazar\u2026<\/p>\n<p>Cumhuriyet d\u00fc\u015fmanlar\u0131n\u0131n y\u00f6netimine gelmesiyle \u00a0CHP kurumsal kimli\u011fini yitirmi\u015ftir.<\/p>\n<p>GE\u00c7ERL\u0130D\u0130R!..<\/p>\n<p>Cemil Can<\/p>\n<p>D\u0130PNOT: \u00a0(1)\u00a0 \u00a0Bina:Medrese e\u011fitiminde;\u00a0\u00f6\u011fretimin ilk gramer kademesinin ad\u0131d\u0131r. Bu derste ba\u015far\u0131l\u0131 olunmas\u0131 ile \u00fcst a\u015famalara ge\u00e7ilirdi. \u00dcst a\u015famalarda \u00f6\u011frenci \u00f6yle bir hata yapar ki, yeniden bina okumaya mecbur edilirlerdi.<\/p>\n<p>Deyim bu durumdan t\u00fcretilmi\u015ftir. Genellikle hep ayn\u0131 \u015feyleri tekrarlayan, yapt\u0131\u011f\u0131 i\u015fte yol alamayanlar i\u00e7in kullan\u0131l\u0131r.<\/p>\n<p><strong>\u201cNELER OLUYOR USTA!<br \/>\n<\/strong><a href=\"https:\/\/www.google.com\/url?q=https:\/\/www.facebook.com\/cemil.can.94009&amp;sa=D&amp;ust=1468746244318000&amp;usg=AFQjCNEugWkiONyOD6nyLY--AWf91UloHA\">CEM\u0130L CAN<\/a>\u00b7<a href=\"https:\/\/www.google.com\/url?q=https:\/\/www.facebook.com\/notes\/cemil-can\/neler-oluyor-usta\/642205635942805&amp;sa=D&amp;ust=1468746244319000&amp;usg=AFQjCNGYReR8-iPnq3SokJ3lhTGRVH6K4A\">16 TEMMUZ 2016 CUMARTES\u0130<\/a><\/p>\n<p>hhttp:\/\/www.cemilcan.gen.tr\/2016\/07\/17\/neler-oluyor-usta\/<\/p>\n<p>Sayfas\u0131nda yaz\u0131y\u0131 okuyabilirsiniz<\/p>\n<p><strong>\u201cSEN K\u0130MS\u0130N YA?\u201d<\/strong><br \/>\n<a href=\"https:\/\/www.google.com\/url?q=https:\/\/www.facebook.com\/cemil.can.94009&amp;sa=D&amp;ust=1467619996651000&amp;usg=AFQjCNFlbfK9F6Or29K7_IxXu3QHXTolGw\">CEM\u0130L CAN<\/a>\u00b7<a href=\"https:\/\/www.google.com\/url?q=https:\/\/www.facebook.com\/notes\/cemil-can\/sen-kimsin-ya\/636590546504314&amp;sa=D&amp;ust=1467619996651000&amp;usg=AFQjCNHq8VvsXCEr6jrlo8qqyyT28oVUBg\">3 TEMMUZ 2016 PAZAR<\/a><\/p>\n<p>http:\/\/www.cemilcan.gen.tr\/<br \/>\nSayfas\u0131nda yaz\u0131y\u0131 okuyabilirsiniz<\/p>\n<p><strong>HER E\u015eEKTEN \u00dc\u00c7 POST \u00c7IKAR!<\/strong><\/p>\n<p>\u00b7<a href=\"https:\/\/www.google.com\/url?q=https:\/\/www.facebook.com\/notes\/cemil-can\/her-e%25C5%259Fekten-%25C3%25BC%25C3%25A7-post-%25C3%25A7ikar\/606787072817995&amp;sa=D&amp;ust=1461519803938000&amp;usg=AFQjCNH2EBtOzL54udAGede2AWc6e-Kgfg\" target=\"_blank\" rel=\"noopener noreferrer\">24 NISAN 2016<\/a><\/p>\n<p>http:\/\/www.cemilcan.gen.tr\/ \u00a0Sayfas\u0131nda yaz\u0131y\u0131 okuyabilirsiniz<\/p>\n<p><strong>YA\u015eAR NUR\u0130 HOCA YA\u015eAYARAK G\u0130TT\u0130!<\/strong><br \/>\n<a href=\"https:\/\/www.google.com\/url?q=https:\/\/www.facebook.com\/cemil.can.94009&amp;sa=D&amp;ust=1466950143153000&amp;usg=AFQjCNG9eC7Io4rx9B6YFMQ_3dHeY83d_A\"> CEM\u0130L CAN<\/a>\u00b7<a href=\"https:\/\/www.google.com\/url?q=https:\/\/www.facebook.com\/notes\/cemil-can\/ya%25C5%259Far-nuri-hoca-ya%25C5%259Fayarak-gitti\/633158013514234&amp;sa=D&amp;ust=1466950143154000&amp;usg=AFQjCNEjcYM1bbVDC9QaAXsE8I80lq1azA\">26 HAZ\u0130RAN 2016 PAZAR<\/a><\/p>\n<p>http:\/\/www.cemilcan.gen.tr\/<br \/>\nSayfas\u0131nda yaz\u0131y\u0131 okuyabilirsiniz<\/p>\n<p><strong>Y-CHP&#8217;YE \u201cLGBT KOTASI\u201d!..<\/strong><br \/>\n<a href=\"https:\/\/www.google.com\/url?q=https:\/\/www.facebook.com\/cemil.can.94009&amp;sa=D&amp;ust=1466349237145000&amp;usg=AFQjCNEqtWn7OgHGI3MQazKgJSX-J8mPoA\">CEMIL CAN<\/a>\u00b7<a href=\"https:\/\/www.google.com\/url?q=https:\/\/www.facebook.com\/notes\/cemil-can\/y-chpye-lgbt-kotasi\/629978450498857&amp;sa=D&amp;ust=1466349237146000&amp;usg=AFQjCNFhLeJW9TZpJoXbGV5iw4jtvhzmQQ\">19 HAZIRAN 2016 PAZAR<\/a><\/p>\n<p>http:\/\/www.cemilcan.gen.tr\/<br \/>\nSayfas\u0131nda yaz\u0131y\u0131 okuyabilirsiniz<\/p>\n<p><strong>EYYY \u0130RFAN EFEND\u0130LER!..<\/strong><br \/>\n<a href=\"https:\/\/www.google.com\/url?q=https:\/\/www.facebook.com\/cemil.can.94009&amp;sa=D&amp;ust=1465738905026000&amp;usg=AFQjCNEmRnfcEBqTDQCYDp4F_UGSR7qTOw\">CEMIL CAN<\/a>\u00b7<a href=\"https:\/\/www.google.com\/url?q=https:\/\/www.facebook.com\/notes\/cemil-can\/eyyy-irfan-efendiler\/626719890824713&amp;sa=D&amp;ust=1465738905027000&amp;usg=AFQjCNGUd5-SgaWD6UZxFkpCV3WDFlntsw\">12 HAZIRAN 2016 PAZAR<\/a><\/p>\n<p>http:\/\/www.cemilcan.gen.tr\/<br \/>\nSayfas\u0131nda yaz\u0131y\u0131 okuyabilirsiniz<\/p>\n<p align=\"justify\"><strong>HA TOSYA HAK\u0130M\u0130 HA YALOVA KAYMAKAMI!..<\/strong><br \/>\n<a href=\"https:\/\/www.google.com\/url?q=https:\/\/www.facebook.com\/cemil.can.94009&amp;sa=D&amp;ust=1462107821034000&amp;usg=AFQjCNFSykyZyLWfBisn2bLSgspA4OKSIQ\" target=\"_blank\" rel=\"noopener noreferrer\"><span style=\"font-size: small;\">Cemil CAN<\/span><\/a><span style=\"color: #9197a3; font-size: small;\">\u00b7<\/span><span style=\"font-size: small;\"><a href=\"https:\/\/www.google.com\/url?q=https:\/\/www.facebook.com\/notes\/cemil-can\/tosya-hakimi-yalova-kaymakami-mi\/609401392556563&amp;sa=D&amp;ust=1462107821035000&amp;usg=AFQjCNFz3AW8vTq1gbXPM_WiUEQZ2bhlVA\" target=\"_blank\" rel=\"noopener noreferrer\">1 May\u0131s 2016 Pazar<br \/>\n<\/a><\/span>http:\/\/www.cemilcan.gen.tr\/<\/p>\n<p>Sayfas\u0131nda yaz\u0131y\u0131 okuyabilirsiniz<\/p>\n<p><strong>DAVUTO\u011eLU&#8217;NUN BA\u015eINI KEND\u0130 \u201cSI\u011e\u201d S\u0130YASET\u0130 YED\u0130!..<\/strong><br \/>\n<a href=\"https:\/\/www.google.com\/url?q=https:\/\/www.facebook.com\/cemil.can.94009&amp;sa=D&amp;ust=1462720865988000&amp;usg=AFQjCNEyP0Q3HqLIokftb-GIuPplXoX-Vw\">Cemil CAN<\/a>\u00b7<a href=\"https:\/\/www.google.com\/url?q=https:\/\/www.facebook.com\/notes\/cemil-can\/davuto%25C4%259Flunun-ba%25C5%259Fini-kendi-si%25C4%259F-siyaseti-yedi\/612226852274017&amp;sa=D&amp;ust=1462720865988000&amp;usg=AFQjCNF_y14P8pvrzXTThLIaMusPxV3xsw\">8 May\u0131s 2016 Pazar<\/a><\/p>\n<p>http:\/\/www.cemilcan.gen.tr\/<br \/>\nSayfas\u0131nda yaz\u0131y\u0131 okuyabilirsiniz<\/p>\n<p><strong>T\u00dcRK\u0130YE&#8217;N\u0130N KURULTAYI!<\/strong><br \/>\n<a href=\"https:\/\/www.google.com\/url?q=https:\/\/www.facebook.com\/cemil.can.94009&amp;sa=D&amp;ust=1463394716292000&amp;usg=AFQjCNGhsEK7KKwQCwQtXvduVadUsUlJUw\">CEM\u0130L CAN<\/a>\u00b7<a href=\"https:\/\/www.google.com\/url?q=https:\/\/www.facebook.com\/notes\/cemil-can\/t%25C3%25BCrkiyenin-kurultayi\/615434051953297&amp;sa=D&amp;ust=1463394716292000&amp;usg=AFQjCNFGkXh8N1bGFh9Wd6iFQbzJ0IquVw\">16 MAYIS 2016 PAZARTES\u0130<\/a><\/p>\n<p>http:\/\/www.cemilcan.gen.tr\/<br \/>\nSayfas\u0131nda yaz\u0131y\u0131 okuyabilirsiniz<\/p>\n<p><strong>YA\u015eASIN KAR\u015eI DEVR\u0130M!.. (1) YA\u015eASIN \u201cYEN\u0130 REJ\u0130M\u201d!..<\/strong><br \/>\n<a href=\"https:\/\/www.google.com\/url?q=https:\/\/www.facebook.com\/cemil.can.94009&amp;sa=D&amp;ust=1464530971004000&amp;usg=AFQjCNHRx0qwFe-YGbOyUAOG5IhMlxcSlA\">CEMIL CAN<\/a>\u00b7<a href=\"https:\/\/www.google.com\/url?q=https:\/\/www.facebook.com\/notes\/cemil-can\/ya%25C5%259Fasin-kar%25C5%259Fi-devrim-1-ya%25C5%259Fasin-yeni-rejim\/620683824761653&amp;sa=D&amp;ust=1464530971004000&amp;usg=AFQjCNHqrexjSfr-N2Ptp_zz-Jp9RmwQiA\">29 MAYIS 2016 PAZAR<\/a><\/p>\n<p>http:\/\/www.cemilcan.gen.tr\/<br \/>\nSayfas\u0131nda yaz\u0131y\u0131 okuyabilirsiniz<\/p>\n<p align=\"justify\"><a href=\"https:\/\/www.google.com\/url?q=https:\/\/www.facebook.com\/notes\/cemil-can\/tosya-hakimi-yalova-kaymakami-mi\/609401392556563&amp;sa=D&amp;ust=1462107821035000&amp;usg=AFQjCNFz3AW8vTq1gbXPM_WiUEQZ2bhlVA\" target=\"_blank\" rel=\"noopener noreferrer\"><span style=\"font-size: small;\">\u00a0<\/span><\/a><\/p>\n<p><strong>\u201cB PLANI\u201dNIN UYGULAYICILARI \u00a0<a href=\"https:\/\/www.google.com\/url?q=https:\/\/www.facebook.com\/cemil.can.94009&amp;sa=D&amp;ust=1461519803938000&amp;usg=AFQjCNGmV1BZwfoW1Ne-cfcwCTATgOjOKw\" target=\"_blank\" rel=\"noopener noreferrer\">Cemil CAN<\/a><\/strong><\/p>\n<p>Konu\u015fmak i\u00e7in her f\u0131rsat\u0131 de\u011ferlendiren ve bunun i\u00e7in s\u00fcrekli ortam haz\u0131rlayan Erdo\u011fan, acaba \u00a0e\u015fi Emine Han\u0131m\u0131 neden sahaya s\u00fcrd\u00fc?<\/p>\n<p>E\u011fitimi, tecr\u00fcbesi, yetene\u011fi ve birikimi belli olan bir ev han\u0131m\u0131n\u0131n; Cumhuriyeti enkaz, Osmanl\u0131 haremini iseokul\u00a0gibi g\u00f6stermesinin a\u015f\u0131r\u0131 tepki \u00e7ekece\u011fi belli de\u011fil mi?<\/p>\n<p>Erdo\u011fan&#8217;\u0131n, Atat\u00fcrk Orman \u00c7iftli\u011fi&#8217;nde \u00e7ocuklar\u0131n \u201cbiraya \u00f6zendirildi\u011fi\u201d \u015feklindeki iftiras\u0131 kar\u015f\u0131l\u0131\u011f\u0131n\u0131 bulmayacak m\u0131yd\u0131?<\/p>\n<p>Diyanet&#8217;in i\u015fini g\u00fcc\u00fcn\u00fc b\u0131rak\u0131p, ateistlerle evlenilemeyece\u011fi \u015feklinde verdi\u011fi son fetva, kabul edilebilir mi?<\/p>\n<p>Okul m\u00fcd\u00fcrlerinin liseli k\u0131zlar\u0131n eteklerine el uzatmas\u0131n\u0131n s\u0131ras\u0131 m\u0131 \u015fimdi?<\/p>\n<p>***<\/p>\n<p>T\u00fcrkiye g\u00fcndeminin birinci s\u0131ras\u0131nda: 13\u00a0il\u00e7ede \u00f6z y\u00f6netim ilan eden ter\u00f6r \u00f6rg\u00fct\u00fc PKK&#8217;ya kar\u015f\u0131, g\u00fcvenlik g\u00fc\u00e7lerininoperasyonlar\u0131\u00a0vard\u0131r.<\/p>\n<p>ABD&#8217;nin \u201ckarag\u00fcc\u00fcm\u201d dedi\u011fi PKK&#8217;ya kar\u015f\u0131, TSK ve \u00f6zel harekat\u00e7\u0131 polislerin ba\u015far\u0131lar\u0131n\u0131 konu\u015fmak ve 78\u00a0milyon T\u00fcrk halk\u0131n\u0131n arkalar\u0131nda oldu\u011funu hissettirmek\u00a0zaman\u0131d\u0131r.<\/p>\n<p>Etnik b\u00f6l\u00fcc\u00fclere ve destek\u00e7ilerine, bu topraklar \u00fczerinde ba\u015fka bir silahl\u0131 g\u00fcc\u00fcn ya\u015fayamayaca\u011f\u0131 mesaj\u0131n\u0131\u00a0vermenin tam s\u0131ras\u0131d\u0131r.<\/p>\n<p>AKP&#8217;nin Suriye politikas\u0131n\u0131n fiyaskoyla sonu\u00e7land\u0131\u011f\u0131 b\u00fct\u00fcn \u00e7\u0131plakl\u0131\u011f\u0131 ile ortaya \u00e7\u0131kt\u0131: H\u00fck\u00fcmetin \u0130ran&#8217;dan ba\u015flayarak, hatal\u0131 d\u0131\u015f politikas\u0131n\u0131 d\u00fczeltme\u00a0yoluna girmesi sevindiricidir tabi&#8230;<\/p>\n<p>Suriye&#8217;nin toprak b\u00fct\u00fcnl\u00fc\u011f\u00fcn\u00fc\u00a0savunmak ve Esat&#8217;\u0131n gelece\u011fine Suriye halk\u0131n\u0131n karar verece\u011fini s\u00f6ylemek noktas\u0131na gelmek kolay olmam\u0131\u015ft\u0131r.<\/p>\n<p>Yurtseverler, ulusal \u00e7\u0131karlar\u0131m\u0131zla \u00f6rt\u00fc\u015fen\u00a0bu de\u011fi\u015fikliklere teredd\u00fct g\u00f6stermeden destek\u00a0olmak zorundad\u0131r.<\/p>\n<div>\n<div class=\"h5\">\n<p>Kilis&#8217;e d\u00fc\u015fen \u00a0roket mermileri ile M\u0130T \u00a0TIR&#8217;lar\u0131nda yakalananlar\u0131n benzerli\u011fi \u015fa\u015f\u0131rt\u0131c\u0131 olsa da; T\u00fcrkiye&#8217;nin I\u015e\u0130D&#8217;e kar\u015f\u0131 ob\u00fcs toplar\u0131 ile vurma noktas\u0131na gelmesi, \u015eam&#8217;daki Emevi Camiinde \u00a0Cuma namaz\u0131 k\u0131lmaktan vazge\u00e7ti\u011fimizi g\u00f6sterir.<\/p>\n<p>Rusya ile devam eden u\u00e7ak krizinin maliyeti, kar topu gibi her ge\u00e7en g\u00fcn b\u00fcy\u00fcyerek \u00fcst\u00fcm\u00fcze geliyor.<\/p>\n<p>Suriyeli s\u0131\u011f\u0131nmac\u0131lar \u00fcredik\u00e7e, sorunlar\u0131 da \u00e7o\u011fal\u0131yor.<\/p>\n<p>Bu y\u00fcksek faturay\u0131 da fakir T\u00fcrk halk\u0131n\u0131n \u00f6deyece\u011fi belli de\u011fil mi?..<\/p>\n<p>Ege denizinin, \u201c\u00f6l\u00fcm denizi\u201d olarak an\u0131lmas\u0131, biraz da bizim \u00f6ng\u00f6r\u00fcs\u00fczl\u00fc\u011f\u00fcm\u00fczden oldu.<\/p>\n<p>Sorumlulu\u011fumuz az de\u011fildir&#8230;<\/p>\n<p>ABD ve AB&#8217;nin \u00a0yerinden yurdundan etti\u011fi insanlar\u0131, T\u00fcrkiye&#8217;ye postalama \u00e7abas\u0131 ba\u015far\u0131l\u0131 olursa, Anadolu&#8217;nun toplama kamp\u0131na\u00a0d\u00f6n\u00fc\u015fece\u011fi kesindir.<\/p>\n<p>Devletin k\u0131lcal damarlar\u0131na kadar s\u0131zan Fetullah\u00e7\u0131 Ter\u00f6r \u00d6rg\u00fct\u00fc&#8217;ne kar\u015f\u0131 m\u00fccadelede, hen\u00fcz \u00a0arzu edilen noktaya gelinemedi&#8230;<\/p>\n<p>\u201cParalel Yap\u0131\u201d da denen, ABD uzant\u0131l\u0131 bu \u00f6rg\u00fct\u00fcn TSK&#8217;ya bile s\u0131zd\u0131\u011f\u0131 s\u00f6yleniyor.<\/p>\n<p>Yarg\u0131da g\u00f6revli, 5000 civar\u0131nda savc\u0131 ve yarg\u0131\u00e7lar\u0131 oldu\u011fu biliniyor!<\/p>\n<p>Cumhurba\u015fkan\u0131, \u00fcyelerinin \u00e7o\u011funu Abdullah G\u00fcl&#8217;\u00fcn se\u00e7ti\u011fi AYM kararlar\u0131n\u0131 san\u0131r\u0131m biraz da bu nedenle tan\u0131m\u0131yor!<\/p>\n<p>Kandil&#8217;in destekleme s\u00f6z\u00fc verdi\u011fi G\u00fcl ve arkada\u015flar\u0131ndan, \u00a0AKP&#8217;yi b\u00f6lmeleri\u00a0bekleniyor&#8230;<\/p>\n<p>Bu \u015fekilde gelecek iktidar, T\u00fcrk halk\u0131n\u0131n olamaz tabi&#8230;<\/p>\n<p>H\u00fck\u00fcmetin t\u00f6kezlemesi halinde, \u00fczerine ilk \u00e7ullanacak olan eski ortaklar\u0131 pusuda bekletiliyor&#8230;<\/p>\n<p>***<\/p>\n<p>Meclis&#8217;teki muhalefetin maskesi ise \u00e7oktand\u0131r d\u00fc\u015ft\u00fc: Devlet Bah\u00e7eli, gelece\u011fini AKP&#8217;nin \u201cB Plan\u0131\u201dna ba\u011flam\u0131\u015f.<\/p>\n<p>Erdo\u011fan&#8217;\u0131n, yeni anayasa\u00a0yapma plan\u0131n\u0131, kay\u0131ts\u0131z ko\u015fulsuz \u00a0destekliyor.<\/p>\n<p>H\u00fck\u00fcmetin Meclis&#8217;te \u00a0ihtiya\u00e7 duyaca\u011f\u0131 oyu, vermeye haz\u0131rd\u0131r!<\/p>\n<p>Yeter ki, h\u00fck\u00fcmet mahkemeyi etkileyip kurultay\u0131n toplanmas\u0131n\u0131 engellesin.<\/p>\n<p>Ba\u011f\u0131ms\u0131z olmayan yarg\u0131ya, b\u00f6yle i\u015fleri yapt\u0131rmak her zaman m\u00fcmk\u00fcnd\u00fcr!<\/p>\n<p>***<\/p>\n<p>HDP milletvekillerinin dokunulmazl\u0131\u011f\u0131n\u0131n kald\u0131r\u0131lmas\u0131na, MHP h\u00fck\u00fcmetten daha hevesli g\u00f6r\u00fcn\u00fcyor&#8230;<\/p>\n<p>Bah\u00e7eli her zamanki gibi, partisini h\u00fck\u00fcmetin yedek lasti\u011fi gibi kullan\u0131yor.<\/p>\n<p>Bu Meclisi, yeni bir anayasa yapma konusunda yetkili g\u00f6ren Dersimli, \u00f6nceki d\u00f6nem kadar rahat de\u011fildir.<\/p>\n<p>Tabandan gelen bask\u0131lara\u00a0eskisi gibi direnemiyor.<\/p>\n<p>Anayasa Uzla\u015fma Komisyonu masas\u0131ndan kalkmak zorunda kalan Y-CHP y\u00f6netimi, HDP i\u00e7in elinden geleni yap\u0131yor: H\u00fck\u00fcmetin HDP milletvekillerini su\u00e7lad\u0131\u011f\u0131 gibi, Y-CHP de AKP h\u00fck\u00fcmetini su\u00e7luyor.<\/p>\n<p>Genel Ba\u015fkan Yard\u0131mc\u0131s\u0131 B\u00fclent Tezcan&#8217;\u0131n yapt\u0131\u011f\u0131, ev sahibini yakalayan yavuz h\u0131rs\u0131z\u0131nki ile ayn\u0131d\u0131r&#8230;<\/p>\n<p>Sanki \u201cA\u00e7\u0131l\u0131m\u201da a\u00e7\u0131k \u00e7ek\u00a0veren K\u0131l\u0131\u00e7daro\u011flu de\u011filmi\u015f gibi, pi\u015fkin pi\u015fkin h\u00fck\u00fcmet \u00fcyeleri hakk\u0131nda, ter\u00f6r \u00f6rg\u00fct\u00fcne yard\u0131m ve yatakl\u0131k yapt\u0131klar\u0131 i\u00e7in su\u00e7 duyurusunda bulunabiliyor!..<\/p>\n<p>Y\u0131llarca \u00d6calan&#8217;\u0131n propaganda b\u00fcrosu gibi \u00e7al\u0131\u015ft\u0131r\u0131lan Y-CHP, HDP milletvekillerinin dokunulmazl\u0131\u011f\u0131n\u0131n kald\u0131r\u0131lmas\u0131n\u0131, b\u00fct\u00fcn su\u00e7lar i\u00e7in ele alma \u015fart\u0131na ba\u011flayarak, konuyu suland\u0131rmaya \u00e7al\u0131\u015f\u0131yor.<\/p>\n<p>Apo&#8217;nun \u201cKemal&#8217;e selam\u0131m\u0131 s\u00f6yleyin&#8230;\u201d \u015feklinde ba\u015flayan talimat c\u00fcmleleri unutulmad\u0131 ki!<\/p>\n<p>5 Haziran se\u00e7imlerinden \u00f6nce, baraj\u0131 atlamas\u0131 i\u00e7indestek\u00a0verdikleri HDP&#8217;ye, bu noktada yapabilecekleri yard\u0131m, ancak \u00a0bu kadar olabilir&#8230;<\/p>\n<p>Anla\u015f\u0131lan; k\u00fcresel g\u00fc\u00e7ler, PKK&#8217;n\u0131n hendekte bo\u011fulmas\u0131ndan sonra, uzant\u0131s\u0131 HDP&#8217;nin Meclis&#8217;teki i\u015fini Y-CHP&#8217;ye yapt\u0131racaklar&#8230;<\/p>\n<p>***<\/p>\n<p>ABD ve AB&#8217;nin TBMM&#8217;nde s\u00f6zc\u00fcl\u00fc\u011f\u00fcn\u00fc\u00a0yapan K\u0131l\u0131\u00e7daro\u011flu&#8217;nun i\u015fi zordur.<\/p>\n<p>Gidi\u015fattan memnun olmayan Baykal, bu y\u00fczden sahneye \u00e7\u0131kmak zorunda kald\u0131.<\/p>\n<p>Eski genel ba\u015fkan, \u201cCHP&#8217;de y\u00f6netim sorunu oldu\u011funu bilmeyen kalmad\u0131\u201d diyerek, acil y\u00f6netim de\u011fi\u015fikli\u011fine i\u015faret ediyor.<\/p>\n<p>\u0130stanbul Barosu Ba\u015fkan\u0131\u00a0\u00dcmit Kocasakal, \u201cCHP kimsenin babas\u0131n\u0131n mal\u0131 de\u011fil\u201d diyerek, Dersimliye kar\u015f\u0131 aday olaca\u011f\u0131n\u0131n i\u015faretini verdi&#8230;<\/p>\n<p>***<\/p>\n<p>T\u00fcrkiye&#8217;nin i\u00e7inde bulundu\u011fu bu tablo kar\u015f\u0131s\u0131nda; g\u00fcndemi hala Cumhurba\u015fkan\u0131 Erdo\u011fan belirliyor.<\/p>\n<p>\u0130\u00e7erisinde bulundu\u011fu zor durumu, herkesten \u00e7ok daha iyi bildi\u011fi i\u00e7in, iktidardan d\u00fc\u015fmesi halinde ba\u015f\u0131na gelecekleri de tahmin edebiliyor!<\/p>\n<p>D\u0131\u015far\u0131da g\u00fcvenebilece\u011fi bir tek dostu kalmad\u0131!<\/p>\n<p>Tek dayana\u011f\u0131, onu Cumhurba\u015fkanl\u0131\u011f\u0131na ta\u015f\u0131yan fanatik taraftarlar\u0131d\u0131r.<\/p>\n<p>Onlar aras\u0131nda da\u011f\u0131lma\u00a0ba\u015flarsa e\u011fer, tepe taklak yuvarlanaca\u011f\u0131n\u0131 \u00e7ok iyi biliyor!<\/p>\n<p>O bak\u0131mdan, mesaisinin \u00e7o\u011funu taban\u0131n\u0131 bir arada tutmaya harc\u0131yor.<\/p>\n<p>14 y\u0131ld\u0131r ma\u011fduriyet edebiyat\u0131\u00a0ile deste\u011fini ald\u0131\u011f\u0131 bu kesimi, elinin alt\u0131nda tutmak zorundad\u0131r.<\/p>\n<p>Asl\u0131nda ba\u015fka se\u00e7ene\u011fi de yok gibidir!..<\/p>\n<p>***<\/p>\n<p>O bak\u0131mdan, e\u015fini sahaya s\u00fcrmek zorunda kald\u0131.<\/p>\n<p>Emine Han\u0131m; ha bire yalan, yanl\u0131\u015f ve iftira niteli\u011finde s\u00f6zler ediyor!<\/p>\n<p>T\u00fcrk halk\u0131na, tarih dersi vermeye zorlan\u0131yor&#8230;<\/p>\n<p>Atat\u00fcrk\u00e7\u00fc d\u00fc\u015f\u00fcnceye ve Cumhuriyet&#8217;in niteliklerine ba\u011fl\u0131 duyarl\u0131 kesimlerin, bu duruma sessiz kalmayaca\u011f\u0131 a\u00e7\u0131kt\u0131r.<\/p>\n<p>Cevap verirken, burunlar\u0131ndan soluyacaklar\u0131 ve kantar\u0131n topuzunu ka\u00e7\u0131racaklar\u0131 kesindir!<\/p>\n<p>Nitekim \u00f6yle de oluyor!<\/p>\n<p>Erdo\u011fan&#8217;\u0131n \u201cB Plan\u0131\u201dnda her kesim, bir \u015fekilde beklenilen rol\u00fc oynamaya devam ediyor&#8230;<\/p>\n<p>Buradan yeni bir ma\u011fduriyet alan\u0131\u00a0yarat\u0131laca\u011f\u0131 g\u00f6r\u00fcl\u00fcyor!..<\/p>\n<p>Erdo\u011fan, yine mitinglerde \u201cmahremime girildi\u201d diye a\u011flamaya ba\u015flayacakt\u0131r!<\/p>\n<p>Ard\u0131ndan bask\u0131n se\u00e7im!<\/p>\n<p>***<\/p>\n<p>\u0130lk genel se\u00e7imde; \u00a0AKP 400 milletvekili alabilir mi?..<\/p>\n<p>Bu say\u0131y\u0131 bulursa e\u011fer, hi\u00e7 ku\u015fkunuz olmas\u0131n saltanat\u00a0o an geri gelir!<\/p>\n<p>O g\u00fcn kar\u015f\u0131devrimin\u00a0hukuku tescillenir!<\/p>\n<p>AKP&#8217;nin \u201cba\u015far\u0131s\u0131\u201d i\u00e7in kullan\u0131lacak malzemelerin t\u00fcm\u00fc haz\u0131rlanm\u0131\u015ft\u0131r: H\u00fck\u00fcmetin, \u201cA\u00e7\u0131l\u0131m\u201ddan vazge\u00e7ip, PKK ilem\u00fccadeleye\u00a0ge\u00e7mesi iyi puan getirir.<\/p>\n<p>HDP milletvekillerinin dokunulmazl\u0131\u011f\u0131n\u0131 kald\u0131rmas\u0131\u00a0ve partinin kapat\u0131lmas\u0131\u00a0halk\u0131n baya\u011f\u0131 ho\u015funa gidecektir&#8230;<\/p>\n<p>Muhalefetin PKK ve Cemaat&#8217;e kol kanat germesi, AKP&#8217;yi yeniden umut haline getirir&#8230;<\/p>\n<p>\u201cParalel Yap\u0131\u201dn\u0131n devletten temizlemesi ayr\u0131 bir art\u0131d\u0131r.<\/p>\n<p>T\u00fcrkiye&#8217;ye beyzbol sopas\u0131 g\u00f6steren Obama&#8217;ya, Erdo\u011fan&#8217;\u0131n \u00a0\u201cEyy Amerika&#8230;\u201d diyerek efelenmesi, antiemperyalistlerin y\u00fcre\u011fine su serper.<\/p>\n<p>Bu eylemlerin ne kadar\u0131 oya d\u00f6ner bilinmez ama AKP&#8217;nin en az\u0131ndan bir d\u00f6nem daha iktidar\u0131n\u0131 garantiler&#8230;<\/p>\n<p>***<\/p>\n<p>Ba\u011f\u0131ra ba\u011f\u0131ra gelen bu senaryoya kar\u015f\u0131 muhalefetin bir plan\u0131 var m\u0131d\u0131r?<\/p>\n<p>Muhalefet kanad\u0131nda, esasl\u0131 bir program\u00a0ve y\u00f6netim de\u011fi\u015fikli\u011fi\u00a0olmadan, gidilecek se\u00e7imlerin galibi bug\u00fcnden bellidir!<\/p>\n<p>Y\u00fczde on baraj\u0131 zaten yerinde durmaktad\u0131r.<\/p>\n<p>Ele ge\u00e7irilip, ayarlanm\u0131\u015f muhalefet, ancak AKP&#8217;nin daha g\u00fc\u00e7l\u00fc olarak yeniden iktidara gelmesine katk\u0131 sa\u011flayabilir!..<\/p>\n<p>Gerisi, k\u00fclah\u0131ma anlat\u0131lacak hikayedir!..<br \/>\n<a href=\"https:\/\/www.google.com\/url?q=https:\/\/www.facebook.com\/cemil.can.94009&amp;sa=D&amp;ust=1457889210038000&amp;usg=AFQjCNEqr0zbDTA1vwQK2nj_rYjtZYNeig\" target=\"_blank\" rel=\"noopener noreferrer\">Cemil CAN<\/a>\u00b7<a href=\"https:\/\/www.google.com\/url?q=https:\/\/www.facebook.com\/notes\/cemil-can\/b-planinin-uygulayicilari\/586280351535334&amp;sa=D&amp;ust=1457889210039000&amp;usg=AFQjCNEFgmff0_62W_zx9RGP21bXPqAb-A\" target=\"_blank\" rel=\"noopener noreferrer\">13 MART 2016 Pazar<\/a><\/p>\n<\/div>\n<\/div>\n<div align=\"justify\">\n<p><strong>\u00a0NATO PKK&#8217;NIN M\u00dcTTEF\u0130K\u0130 M\u0130?\u200f Cemil Can<\/strong><\/p>\n<div>\n<div>\n<p>\u201cTer\u00f6rle m\u00fczakere\u201d, ba\u015fka bir s\u00f6yleyi\u015fle; \u201c\u00c7\u00f6z\u00fcm s\u00fcreci\u201d veya \u201cA\u00e7\u0131l\u0131m\u201d denen politikalar bir ABD dayatmas\u0131d\u0131r\u2026<\/p>\n<p>Dolay\u0131s\u0131yla \u201c\u00c7\u00f6z\u00fcm s\u00fcreci\u201d NATO\u2019nun \u00f6nemli bir derdidir!..<\/p>\n<p>Bu y\u00fczden NATO Genel Sekreteri Jens Stoltenberg, PKK\u2019ya yap\u0131lan operasyonlar\u0131 ele\u015ftirerek \u201ca\u00e7\u0131l\u0131ma d\u00f6n\u00fclmesini\u201d istedi!.. <a href=\"https:\/\/www.google.com\/url?q=http:\/\/www.ulusalkanal.com.tr\/gundem\/nato-tedirgin-operasyonlari-durdurun-h75814.html&amp;sa=D&amp;usg=AFQjCNEe9GPpqwTWVjaokGXQlnpmmIDdYQ\" target=\"_blank\" rel=\"noopener noreferrer\">(1)<\/a><\/p>\n<p>An\u0131msarsan\u0131z Kuzey Irak\u2019taki koordinasyon merkezinde bulunan ABD subaylar\u0131 da Genelkurmay\u2019a \u201cOrada unsurlar\u0131m\u0131z var\u201d diyerek harekat\u0131n durdurulmas\u0131n\u0131 istemi\u015flerdi!..<a href=\"https:\/\/www.google.com\/url?q=http:\/\/www.ulusalkanal.com.tr\/gundem\/abd-tsk-nin-pkk-kamplarina-yonelik-harektini-engellemeye-calisti-h75474.html&amp;sa=D&amp;usg=AFQjCNHOgUpCzNlak3DaUKr6CrCd3DWbng\" target=\"_blank\" rel=\"noopener noreferrer\">(2)<\/a><\/p>\n<p>Kandil\u2019deki ABD unsurlar\u0131n\u0131n PKK oldu\u011funu bilmeyen kalmad\u0131. ABD, PKK\u2019PYD\u2019yi \u201cKara g\u00fcc\u00fcm\u00fcz\u201d diyerek sahiplenmi\u015ftir. Gizli sakl\u0131 bir \u015fey kalmad\u0131\u2026<\/p>\n<p>ABD D\u0131\u015fi\u015fleri Bakanl\u0131\u011f\u0131 S\u00f6zc\u00fcs\u00fc John Kirby, ABD\u2019ninYPG\u2018yi <a href=\"https:\/\/www.google.com\/url?q=https:\/\/tr.wikipedia.org\/wiki\/Halk_Koruma_Birlikleri&amp;sa=D&amp;usg=AFQjCNFoeg3lBnPsaEo-5dEJ8YCHI9ENfQ\" target=\"_blank\" rel=\"noopener noreferrer\">(3)<\/a>\u00a0ter\u00f6rist bir \u00f6rg\u00fct olarak g\u00f6rmedi\u011fini\u00a0ilan etti\u2026 <a href=\"https:\/\/www.google.com\/url?q=http:\/\/www.milliyet.com.tr\/-ypg-teror-orgutu-degil-\/dunya\/detay\/2121511\/default.htm&amp;sa=D&amp;usg=AFQjCNFL_ZfzWDkpS7e2SzzI-YYCMxKvdw\" target=\"_blank\" rel=\"noopener noreferrer\">(4)<\/a><\/p>\n<p>Bu g\u00f6r\u00fc\u015flerle paralel olarak; Y-CHP Genel Ba\u015fkan\u0131 Kemal K\u0131l\u0131\u00e7daro\u011flu da YPG\u2019nin \u201cvatan\u0131n\u0131 kurtarmak i\u00e7in \u00f6rg\u00fctlenmi\u015f bir olu\u015fum\u201d oldu\u011funu s\u00f6ylemi\u015fti\u2026<a href=\"https:\/\/www.google.com\/url?q=http:\/\/www.aydinlikgazete.com\/m\/mansetler\/kemal-kilicdaroglu-ypg-teror-orgutu-degil-h55022.html&amp;sa=D&amp;usg=AFQjCNGRZCMQHmtJlcdoE2pTiJfbRRhxng\" target=\"_blank\" rel=\"noopener noreferrer\">(5)<\/a><\/p>\n<p>Dersimli Kemal,T\u00fcrk halk\u0131n\u0131 ter\u00f6r sorununun \u201caskerle \u00e7\u00f6z\u00fclemeyece\u011fine\u201d inand\u0131rmakla g\u00f6revlidir!.. <a href=\"https:\/\/www.google.com\/url?q=http:\/\/www.ulusalkanal.com.tr\/teror-askerle-cozulmez-ne-demek-makale%2c4750.html&amp;sa=D&amp;usg=AFQjCNHw2cC8B7iriTTNjYFpWQgG-uxbcg\" target=\"_blank\" rel=\"noopener noreferrer\">(6)<\/a><\/p>\n<p>***<\/p>\n<p>YPG, PKK\u2019n\u0131n Suriye kolu PYD\u2019nin silahl\u0131 kanad\u0131d\u0131r, bu hususunda en ufak bir ku\u015fku bulunmamaktad\u0131r!..<\/p>\n<p>PKK\u2019n\u0131n siyasi kanad\u0131 HDP\u2019nin E\u015f Genel Ba\u015fkan\u0131 Figen Y\u00fcksekda\u011f ise \u201cBiz s\u0131rt\u0131m\u0131z\u0131 YPJ, YPG ve PYD\u2019ye yasl\u0131yoruz\u201d diyerek, <a href=\"https:\/\/www.google.com\/url?q=http:\/\/www.milliyet.com.tr\/figen-yuksekdag-sirtimizi-ypj-ye-gundem-2089792\/&amp;sa=D&amp;usg=AFQjCNGPcCImaHxqUx5NEW9HX_BygN77DA\" target=\"_blank\" rel=\"noopener noreferrer\">(7)<\/a>\u00a0PKK ile PYD aras\u0131ndaki organikili\u015fkiyi\u00a0a\u00e7\u0131k a\u00e7\u0131k ortaya koymu\u015ftu\u2026<\/p>\n<p>\u0130ngiltere\u2019de yay\u0131nlanan Independent gazetesi \u201cK\u00fcrtleri destekleyin\u201d ba\u015fl\u0131kl\u0131 yaz\u0131s\u0131nda a\u00e7\u0131k a\u00e7\u0131k s\u00f6yl\u00fcyor:\u201dI\u015e\u0130D\u2019i yenmenin tek yolu K\u00fcrt milisleri desteklemek. Bu nedenle T\u00fcrkiye hizaya getirilmeli. Bu tip sald\u0131r\u0131lar\u0131n sona erdirilmesini istemek Amerika\u2019ya d\u00fc\u015f\u00fcyor\u201d diyor\u2026 <a href=\"https:\/\/www.google.com\/url?q=http:\/\/www.independent.co.uk\/voices\/editorials\/support-the-kurds-the-only-way-to-defeat-isis-is-by-supporting-the-kurdish-militias-therefore-turkey-10511742.html&amp;sa=D&amp;usg=AFQjCNGPiAXzJ6i7QhlpMbcj-iEGQ6FkSQ\" target=\"_blank\" rel=\"noopener noreferrer\">(8)<\/a><\/p>\n<p>Emperyalistler K\u00fcrtleri destekleyerek T\u00fcrkiye\u2019yi \u201chizaya\u201d getirecekler!..<\/p>\n<p>Dolay\u0131s\u0131yla en ufak bir ku\u015fkuya yer vermeyecek \u015fekilde saflar belirginle\u015fmi\u015ftir!..<\/p>\n<p>Kimlerle sava\u015ft\u0131\u011f\u0131m\u0131z da gizli de\u011fildir art\u0131k. Cephenin \u00f6n\u00fcndekiler ile arkalar\u0131ndaki g\u00fc\u00e7ler bellidir\u2026<\/p>\n<p>Bu nedenlerle bu sava\u015f\u0131n ad\u0131 \u201c\u0130kinci Kurtulu\u015f Sava\u015f\u0131\u201dd\u0131r\u2026<\/p>\n<p>Ve bu sava\u015f\u0131 da biz kazanaca\u011f\u0131z!..<\/p>\n<p>***<\/p>\n<p>\u201cTer\u00f6rle m\u00fccadele\u201d \u0130\u015f\u00e7i Partisi\u2019nden \u00f6nce CHP\u2018nin geli\u015ftirdi\u011fi bir g\u00f6r\u00fc\u015ft\u00fcr!..<\/p>\n<p>CHP Parti Program\u0131n\u0131n 113\u00a0sayfas\u0131nda \u201cter\u00f6rle m\u00fccadele\u201dnin esas al\u0131nd\u0131\u011f\u0131 yaz\u0131l\u0131d\u0131r\u2026 <a href=\"https:\/\/www.google.com\/url?q=http:\/\/chp-muhalefethareketi.biz.tr\/wp-content\/uploads\/2015\/01\/CHP_Program.pdf&amp;sa=D&amp;usg=AFQjCNH2FfCrZAnrR-_VwabHWR54WvvwTA\" target=\"_blank\" rel=\"noopener noreferrer\">(9)<\/a><\/p>\n<p>Bu nedenle de \u201cter\u00f6rle m\u00fczakere\u201dye kar\u015f\u0131 \u00e7\u0131kan CHP\u2019lileri, \u0130\u015f\u00e7i Partisine yak\u0131n veya \u00fcyesi gibi g\u00f6stermek\u00a0siyasi\u00a0ahlaks\u0131zl\u0131kt\u0131r\u2026<\/p>\n<p>Kald\u0131 ki, bug\u00fcn i\u00e7in \u201c6 Ok\u201du savunarak \u201cAslanl\u0131 Yol\u201dda y\u00fcr\u00fcyen tek parti \u0130\u015f\u00e7i Partisi\u2019dir\u2026<\/p>\n<p>Hakk\u0131n\u0131 teslim etmek gerekir\u2026<\/p>\n<p>7 Haziran se\u00e7imlerinde HDP\u2019nin baraj\u0131 ge\u00e7mesindenmutlu\u00a0olaca\u011f\u0131n\u0131 s\u00f6yleyenlerin ne kadar b\u00fcy\u00fck yan\u0131lg\u0131i\u00e7erisinde olduklar\u0131 bir kez daha ortaya \u00e7\u0131km\u0131\u015ft\u0131r\u2026<\/p>\n<p>\u0130\u015f\u00e7i Partisi Meclis\u2019e girseydi, T\u00fcrkiye kesinlikle bu noktada olmayacakt\u0131\u2026<\/p>\n<p>***<\/p>\n<p>Dersimli Kemal\u2019in bu konudaki g\u00f6r\u00fc\u015flerinin yanl\u0131\u015fl\u0131\u011f\u0131\u00a0ve ayn\u0131 zamanda CHP Program\u0131na ayk\u0131r\u0131 oldu\u011fu hususunda en ufak bir ku\u015fku bulunmamaktad\u0131r!?..<\/p>\n<p>Y-CHP\u2018nin k\u00fcresel g\u00fc\u00e7lerin masa ba\u015f\u0131nda \u00fcretti\u011fi \u201cK\u00fcrt sorunu\u201dna bak\u0131\u015f a\u00e7\u0131s\u0131; \u201cDersim\u201d, \u201cSeyit R\u0131za\u201d , \u201c\u015eeyh Sait\u201d ve \u201cPKK\u201d\u2019n\u0131n ihanetleri \u00fczerinden olu\u015fmu\u015ftur\u2026<\/p>\n<p>Bu sakat ve CHP\u2019ye yak\u0131\u015fmayan g\u00f6r\u00fc\u015fleri nedeniyle K\u0131l\u0131\u00e7daro\u011flu\u2019nun gelebilece\u011fi yer; elbetteki \u201cPKK Kandil\u2019e \u00e7ekilse dahi silah b\u0131rakamaz\u201d noktas\u0131 olacakt\u0131r!..<\/p>\n<p>Nitekim \u00f6yle de olmu\u015ftur\u2026 <a href=\"https:\/\/www.google.com\/url?q=http:\/\/www.aydinlikgazete.com\/politika\/kilicdaroglunun-pkk-silah-birakamaz-sozleri-tepki-cekti-h76761.html&amp;sa=D&amp;usg=AFQjCNHSxsbamQcRMZ-L-vWpmxkxSPJehw\" target=\"_blank\" rel=\"noopener noreferrer\">(10)<\/a><\/p>\n<p>Dersimli, neredeyse TSK\u2019ya teslim olmay\u0131 \u00f6nerecektir!..<\/p>\n<p>Bu g\u00f6r\u00fc\u015fler, CHP\u2019nin temel felsefesine\u00a0taban tabana z\u0131tt\u0131r\u2026<\/p>\n<p>Bu nedenle parti program\u0131na uymamakta \u0131srarl\u0131 olan Dersimli Kemal\u2019in s\u00f6zlerine de\u011fer verme yerine, y\u00fcr\u00fcrl\u00fckte olan CHP Program\u0131na ba\u011fl\u0131 kalmak, CHP\u2019liler i\u00e7in en do\u011fru hareket tarz\u0131d\u0131r\u2026<\/p>\n<p>***<\/p>\n<p>Kemal K\u0131l\u0131\u00e7daro\u011flu acaba program\u0131 kendi d\u00fc\u015f\u00fcncesine g\u00f6re de\u011fi\u015ftirmeye\u00a0neden te\u015febb\u00fcs bile edememektedir?<\/p>\n<p>\u00d6yle ya birka\u00e7 sat\u0131rl\u0131k de\u011fi\u015fiklik, genel ba\u015fkan ile program aras\u0131ndaki uyumsuzlu\u011fu\u00a0giderilebilir\u2026<\/p>\n<p>Nedense bu konu hep g\u00f6rmezden gelinmektedir.<\/p>\n<p>Belli ki, CHP Y\u00f6netimini bir kaset operasyonu sonunda ele ge\u00e7iren TESEV ekibi, b\u00f6yle bir s\u00f6ylem de\u011fi\u015fikli\u011fine gidildi\u011finde, delegenin ve \u00fcyelerinuyanaca\u011f\u0131ndan\u00a0korkmaktad\u0131r..<\/p>\n<p>***<\/p>\n<p>Bu nedenle Y-CHP y\u00f6netimi ya\u015famakta oldu\u011fumuz sorunlar\u0131 i\u00e7 siyasetle\u00a0s\u0131n\u0131rl\u0131 olarak ele alarak g\u00fcn\u00fc kurtaraca\u011f\u0131n\u0131 d\u00fc\u015f\u00fcnmektedir\u2026<\/p>\n<p>Her\u015feyi Erdo\u011fan\u2019\u0131n \u201cba\u015fkanl\u0131k\u201d sorunu etraf\u0131nda ele alarak, ABD ile T\u00fcrkiye aras\u0131ndaki sava\u015f\u0131\u00a0g\u00f6zden ka\u00e7\u0131rmam\u0131z\u0131 istemektedir\u2026<\/p>\n<p>H\u00fck\u00fcmet bile hatal\u0131 Suriye politikas\u0131ndan \u201cU\u201d d\u00f6n\u00fc\u015f\u00fc yapm\u0131\u015fken, Y-CHP y\u00f6netimi bu de\u011fi\u015fikli\u011fi 1 Kas\u0131m se\u00e7imleri ile ilgili bir hamle olarak g\u00f6sterme \u00e7abas\u0131ndad\u0131r\u2026<\/p>\n<p>Erdo\u011fan, ger\u00e7ekte elinde olmayan bu de\u011fi\u015fikli\u011fi bir f\u0131rsata \u00e7evirme ve bu f\u0131rsattan yararlanarak kendini kurtarma planlar\u0131 yap\u0131yor olabilir.<\/p>\n<p>\u00d6yledir diye, ba\u015ftan beri savundu\u011fumuz \u201cTER\u00d6RLE M\u00dcZAKERE ED\u0130LMEZ, M\u00dcCADELE ED\u0130L\u0130R\u201d g\u00f6r\u00fc\u015f\u00fcn\u00fc terkedecek de\u011filiz herhalde\u2026<\/p>\n<p>Ya\u015fad\u0131klar\u0131m\u0131z\u0131 i\u00e7 siyasetin kirli kulvarlar\u0131ndan \u00e7\u0131kart\u0131p, emperyalizmin b\u00f6lgemiz ve \u00fclkemiz \u00fczerindeki hesaplar\u0131 ba\u011flam\u0131nda ele ald\u0131\u011f\u0131m\u0131zda, kolayl\u0131kla ne yapmam\u0131z gerekti\u011fini anlayabiliriz\u2026<\/p>\n<p>Yerimiz, toprak b\u00fct\u00fcnl\u00fc\u011f\u00fcm\u00fcz\u00fc\u00a0korumak i\u00e7in sava\u015fan TSK\u2019nin yan\u0131ndad\u0131r.<\/p>\n<p>Yurtseverli\u011fin de devrimcili\u011fin de gere\u011fi budur\u2026<\/p>\n<p>\u0130nsan olmak da emperyalizme kar\u015f\u0131 olmay\u0131 gerektirir!..<\/p>\n<p>Ba\u015fka konularda bizim gibi d\u00fc\u015f\u00fcnmeyen insanlarla, bu konuda ayn\u0131 \u015feyleri d\u00fc\u015f\u00fcnm\u00fc\u015f olmay\u0131 umut verici bulmal\u0131y\u0131z\u2026<\/p>\n<p>Bundan \u00f6t\u00fcr\u00fc en k\u00fc\u00e7\u00fck bir ku\u015fkuya kap\u0131lmamak gerekir\u2026<\/p>\n<p>\u00c7\u00fcnk\u00fc yurt savunmas\u0131 b\u00fct\u00fcn yurtta\u015flarla birlikte verilir\u2026<\/p>\n<p>Cemil Can<\/p>\n<p>D\u0130PNOTLAR:<\/p>\n<p>(1) T\u00fcrkiye\u2019nin b\u00f6l\u00fcc\u00fc ter\u00f6r \u00f6rg\u00fct\u00fc PKK\u2019ya y\u00f6nelik kararl\u0131 operasyonu NATO\u2019da da tedirginlik yaratt\u0131. NATO Genel Sekreteri Jens Stoltenberg, T\u00fcrkiye\u2019nin PKK\u2019ya y\u00f6nelik operasyonlar\u0131n\u0131 ele\u015ftirdi, \u201ca\u00e7\u0131l\u0131ma d\u00f6n\u00fc\u015fmesini\u201d istedi. Stoltenberg, \u201csorun gereksiz yere b\u00fcy\u00fct\u00fclmemeli\u201d dedi..<\/p>\n<p><a href=\"https:\/\/www.google.com\/url?q=http:\/\/www.ulusalkanal.com.tr\/gundem\/nato-tedirgin-operasyonlari-durdurun-h75814.html&amp;sa=D&amp;usg=AFQjCNEe9GPpqwTWVjaokGXQlnpmmIDdYQ\" target=\"_blank\" rel=\"noopener noreferrer\">http:\/\/www.ulusalkanal.com.tr\/gundem\/nato-tedirgin-operasyonlari-durdurun-h75814.html<\/a><\/p>\n<p>(2) Amerika, T\u00fcrk jetlerinin 10 Eyl\u00fcl\u2019de Kuzey Irak\u2019ta PKK kamplar\u0131na yapt\u0131\u011f\u0131 hava harekat\u0131na \u201cOrada unsurlar\u0131m\u0131z var\u201d diyerek direndi\u011fi ortaya \u00e7\u0131kt\u0131. Kuzey Irak\u2019taki koordinasyon merkezinde bulunan ABD subaylar\u0131, Genelkurmay\u2019a harekat\u0131n durdurulmas\u0131 gerekti\u011fini iletti. Ancak Genelkurmay \u201cOrada ne i\u015finiz var. \u00c7ekilin biz vuraca\u011f\u0131z\u201d dedi ve 21 sava\u015f u\u00e7a\u011f\u0131 PKK hedeflerini yerle bir etti.<\/p>\n<p><a href=\"https:\/\/www.google.com\/url?q=http:\/\/www.ulusalkanal.com.tr\/gundem\/abd-tsk-nin-pkk-kamplarina-yonelik-harektini-engellemeye-calisti-h75474.html&amp;sa=D&amp;usg=AFQjCNHOgUpCzNlak3DaUKr6CrCd3DWbng\" target=\"_blank\" rel=\"noopener noreferrer\">http:\/\/www.ulusalkanal.com.tr\/gundem\/abd-tsk-nin-pkk-kamplarina-yonelik-harektini-engellemeye-calisti-h75474.html<\/a><\/p>\n<p>(3) YPG, Halk Koruma Birlikleri veya K\u00fcrt\u00e7e ad\u0131ndan k\u0131salt\u0131larak YPG, Suriye\u2019de kurulan ve faaliyet g\u00f6steren K\u00fcrt Y\u00fcksek Komitesi\u2019ne ba\u011fl\u0131 silahl\u0131 \u00f6rg\u00fctt\u00fcr. YPJ ise YPG\u2019nin kad\u0131n koludur..<\/p>\n<p><a href=\"https:\/\/www.google.com\/url?q=https:\/\/tr.wikipedia.org\/wiki\/Halk_Koruma_Birlikleri&amp;sa=D&amp;usg=AFQjCNFoeg3lBnPsaEo-5dEJ8YCHI9ENfQ\" target=\"_blank\" rel=\"noopener noreferrer\">https:\/\/tr.wikipedia.org\/wiki\/Halk_Koruma_Birlikleri<\/a><\/p>\n<p>(4) \u201cYPG ter\u00f6r \u00f6rg\u00fct\u00fc de\u011fil\u201d. ABD D\u0131\u015fi\u015fleri Bakanl\u0131\u011f\u0131 S\u00f6zc\u00fcs\u00fc John Kirby, Washington D.C.\u2019de d\u00fczenledi\u011fi bas\u0131n toplant\u0131s\u0131nda, ABD\u2019nin YPG\u2019yi ter\u00f6rist bir \u00f6rg\u00fct olarak g\u00f6rmedi\u011fini s\u00f6yledi.<\/p>\n<p><a href=\"https:\/\/www.google.com\/url?q=http:\/\/www.milliyet.com.tr\/-ypg-teror-orgutu-degil-\/dunya\/detay\/2121511\/default.htm&amp;sa=D&amp;usg=AFQjCNFL_ZfzWDkpS7e2SzzI-YYCMxKvdw\" target=\"_blank\" rel=\"noopener noreferrer\">http:\/\/www.milliyet.com.tr\/-ypg-teror-orgutu-degil-\/dunya\/detay\/2121511\/default.htm<\/a><\/p>\n<p>(5) CHP Genel Ba\u015fkan\u0131 Kemal K\u0131l\u0131\u00e7daro\u011flu, PKK\u2019n\u0131n Suriye kolu PYD\u2019nin silahl\u0131 grubu YPG i\u00e7in \u201cBizim i\u00e7in YPG ter\u00f6r \u00f6rg\u00fct\u00fc de\u011fildir. YPG kendi vatan\u0131n\u0131 kurtarmak i\u00e7in \u00f6rg\u00fctlenmi\u015f bir olu\u015fumdur\u201d dedi.<\/p>\n<p><a href=\"https:\/\/www.google.com\/url?q=http:\/\/www.aydinlikgazete.com\/m\/mansetler\/kemal-kilicdaroglu-ypg-teror-orgutu-degil-h55022.html&amp;sa=D&amp;usg=AFQjCNGRZCMQHmtJlcdoE2pTiJfbRRhxng\" target=\"_blank\" rel=\"noopener noreferrer\">http:\/\/www.aydinlikgazete.com\/m\/mansetler\/kemal-kilicdaroglu-ypg-teror-orgutu-degil-h55022.html<\/a><\/p>\n<p>(6)<a href=\"https:\/\/www.google.com\/url?q=http:\/\/www.ulusalkanal.com.tr\/teror-askerle-cozulmez-ne-demek-makale%2c4750.html&amp;sa=D&amp;usg=AFQjCNHw2cC8B7iriTTNjYFpWQgG-uxbcg\" target=\"_blank\" rel=\"noopener noreferrer\">http:\/\/www.ulusalkanal.com.tr\/teror-askerle-cozulmez-ne-demek-makale,4750.html<\/a><\/p>\n<p>(7) HDP E\u015f Genel Ba\u015fkan\u0131 Y\u00fcksekda\u011f,\u201dBiz s\u0131rt\u0131m\u0131z\u0131 YPJ\u2019ye, YPG\u2019ye ve PYD\u2019ye yasl\u0131yoruz bunu s\u00f6ylemekte ve savunmakta hi\u00e7bir sak\u0131nca g\u00f6rm\u00fcyoruz\u201d dedi..<\/p>\n<p><a href=\"https:\/\/www.google.com\/url?q=http:\/\/www.milliyet.com.tr\/figen-yuksekdag-sirtimizi-ypj-ye-gundem-2089792\/&amp;sa=D&amp;usg=AFQjCNGPcCImaHxqUx5NEW9HX_BygN77DA\" target=\"_blank\" rel=\"noopener noreferrer\">http:\/\/www.milliyet.com.tr\/figen-yuksekdag-sirtimizi-ypj-ye-gundem-2089792\/<\/a><\/p>\n<p>(8)<a href=\"https:\/\/www.google.com\/url?q=http:\/\/www.independent.co.uk\/voices\/editorials\/support-the-kurds-the-only-way-to-defeat-isis-is-by-supporting-the-kurdish-militias-therefore-turkey-10511742.html&amp;sa=D&amp;usg=AFQjCNGPiAXzJ6i7QhlpMbcj-iEGQ6FkSQ\" target=\"_blank\" rel=\"noopener noreferrer\">http:\/\/www.independent.co.uk\/voices\/editorials\/support-the-kurds-the-only-way-to-defeat-isis-is-by-supporting-the-kurdish-militias-therefore-turkey-10511742.html<\/a><\/p>\n<p>(9) \u201cT\u00fcrkiye\u2019nin Kuzey Irak\u2019tan PKK\u2019y\u0131 tamamen tasfiye etmek\u00a0hem hakk\u0131, hem g\u00f6revidir. Cumhuriyet Halk Partisi iktidar\u0131nda bu g\u00f6rev eksiksiz\u00a0yerine getirilecektir. (\u2026) Ter\u00f6rle etkili bir m\u00fccadele\u00a0ger\u00e7ekle\u015ftirmek i\u00e7in g\u00fcvenlik g\u00fc\u00e7leri yeniden yap\u0131land\u0131r\u0131lacakt\u0131r. Uzman ve profesyonel elemanlardan olu\u015facak \u00f6zel e\u011fitimli g\u00fcvenlik g\u00fc\u00e7leri ter\u00f6rist sald\u0131r\u0131lar\u0131 eylem a\u015famas\u0131na gelmeden ve m\u00fcmk\u00fcn oldu\u011fu \u00f6l\u00e7\u00fcde T\u00fcrkiye s\u0131n\u0131rlar\u0131na ula\u015fmadan \u00f6nlemeyi\u00a0ama\u00e7layan bir yap\u0131ya kavu\u015facak ve yeterli olanak, yetenek ve teknoloji ile donat\u0131lacakt\u0131r.\u201d (Program, B\u00f6l\u00fcm IV, Sayfa:113)<\/p>\n<p><a href=\"https:\/\/www.google.com\/url?q=http:\/\/chp-muhalefethareketi.biz.tr\/wp-content\/uploads\/2015\/01\/CHP_Program.pdf&amp;sa=D&amp;usg=AFQjCNH2FfCrZAnrR-_VwabHWR54WvvwTA\" target=\"_blank\" rel=\"noopener noreferrer\">http:\/\/chp-muhalefethareketi.biz.tr\/wp-content\/uploads\/2015\/01\/CHP_Program.pdf<\/a><\/p>\n<p>(10)CHP lideri K\u0131l\u0131\u00e7daro\u011flu\u2019nun bir TV program\u0131nda \u201cPKK Kandil\u2019e \u00e7ekilse dahi silah b\u0131rakamaz\u201d \u015feklindeki s\u00f6zleri tepki \u00e7ekti\u2026<\/p>\n<p><a href=\"https:\/\/www.google.com\/url?q=http:\/\/www.aydinlikgazete.com\/politika\/kilicdaroglunun-pkk-silah-birakamaz-sozleri-tepki-cekti-h76761.html&amp;sa=D&amp;usg=AFQjCNHSxsbamQcRMZ-L-vWpmxkxSPJehw\" target=\"_blank\" rel=\"noopener noreferrer\">http:\/\/www.aydinlikgazete.com\/politika\/kilicdaroglunun-pkk-silah-birakamaz-sozleri-tepki-cekti-h76761.html<\/a><\/p>\n<p><strong>KARAKTERS\u0130ZLER\u200f \u00a0 \u00a0Cemil Can<\/strong><br \/>\nK\u0131l\u0131\u00e7daro\u011flu, bir gazetecinin \u201cSe\u00e7im h\u00fck\u00fcmeti kurulurken, CHP i\u00e7inden baz\u0131 isimlere teklif g\u00f6t\u00fcr\u00fclece\u011fi\u201d iddialar\u0131n\u0131 sormas\u0131 \u00fczerine \u00a0&#8220;CHP&#8217;de o kadarkaraktersiz\u00a0insan yoktur\u201d <a href=\"https:\/\/www.google.com\/url?q=https:\/\/www.facebook.com\/notes\/cemil-can\/karaktersizler\/511085135721523?pnref%3Dstory%23&amp;sa=D&amp;sntz=1&amp;usg=AFQjCNHGdEarAKuodSIgDG-fjwlInrS2jg\" target=\"_blank\" rel=\"noopener noreferrer\">(1)<\/a>\u00a0yan\u0131t\u0131n\u0131 vererek ta\u015f\u0131 gedi\u011fine oturttu!..<\/p>\n<p>Dersimli Kemal, Anayasa&#8217;n\u0131n 114 ve 116. maddelerine g\u00f6re kurulacak Ge\u00e7ici Bakanlar Kurulu&#8217;nda g\u00f6rev almay\u0131 \u201ckaraktersizlik\u201d olarak de\u011ferlendirmi\u015f&#8230;<\/p>\n<p>Ana muhalefet partisinin lideri, \u201ckarakter\u201d s\u00f6zc\u00fc\u011f\u00fcn\u00fc argodaki anlam\u0131 <a href=\"https:\/\/www.google.com\/url?q=https:\/\/www.facebook.com\/notes\/cemil-can\/karaktersizler\/511085135721523?pnref%3Dstory%23&amp;sa=D&amp;sntz=1&amp;usg=AFQjCNHGdEarAKuodSIgDG-fjwlInrS2jg\" target=\"_blank\" rel=\"noopener noreferrer\">(2)<\/a>\u00a0ile kullanmayaca\u011f\u0131na g\u00f6re, felsefi anlam\u0131 (3) ile kulland\u0131\u011f\u0131ndan ku\u015fku duyulmamal\u0131d\u0131r&#8230;<\/p>\n<p>Ba\u015fta Tu\u011frul T\u00fcrke\u015f olmak \u00fczere, se\u00e7im h\u00fck\u00fcmetinde g\u00f6rev alanlar Dersimli Kemal&#8217;in \u201ckarakter testi\u201dnden s\u0131n\u0131fta kald\u0131lar!..<\/p>\n<p>Bu tan\u0131mlamaya g\u00f6re, Davuto\u011flu&#8217;nun son kabinesi tamamen \u201ckaraktersiz\u201dlerden olu\u015fmaktad\u0131r!?..<\/p>\n<p>***<\/p>\n<p>AKP ile koalisyon h\u00fck\u00fcmeti kurmadan \u00f6nce belirlenmi\u015f 14 ilkenin,neredeyse t\u00fcm\u00fcnden vazge\u00e7meye haz\u0131r birine; elbette ki, \u201cd\u00fc\u015f\u00fcnce ve hareketlerinde tutarl\u0131\u201d ki\u015fi denemez!..<\/p>\n<p>Bu durumda \u201ckaraktersiz\u201d s\u0131fat\u0131 en \u00e7ok K\u0131l\u0131\u00e7daro\u011flu ile \u00f6rt\u00fc\u015f\u00fcyor&#8230;<\/p>\n<p>Anayasan\u0131n \u00f6ng\u00f6rd\u00fc\u011f\u00fc bir g\u00f6revi kabul etmeyi \u201ckaraktersizlik\u201d olarak niteleyen biri, ne yaz\u0131k ki Cumhuriyeti kuran partinin hala lideridir&#8230;<\/p>\n<p>Anayasada \u00f6ng\u00f6r\u00fclen 45 g\u00fcnl\u00fck s\u00fcrenin \u00e7o\u011funun bo\u015f\u00a0konu\u015fmalarla doldurulmas\u0131n\u0131n ba\u015f sorumlusu da odur&#8230;<\/p>\n<p>AKP taraf\u0131ndan kendilerine h\u00fck\u00fcmet ortakl\u0131\u011f\u0131 teklif edilmedi\u011fini kendisi ikrar etmi\u015fti&#8230;<\/p>\n<p>Buna ra\u011fmen, g\u00f6r\u00fc\u015fmelere neden devam edilmi\u015ftir?<\/p>\n<p>Dersimli, CHP&#8217;nin yeni milletvekili adaylar\u0131n\u0131 belirlemeden \u00f6nce bu soruya yan\u0131t vermek zorundad\u0131r&#8230;<\/p>\n<p>***<\/p>\n<p>CHP heyetinin, en k\u0131sa s\u00fcre i\u00e7erisinde Davuto\u011flu&#8217;nun h\u00fck\u00fcmet kuramayaca\u011f\u0131n\u0131 ortaya koymas\u0131 ve h\u00fck\u00fcmet kurma g\u00f6revinin\u00a0CHP&#8217;ye verilmesine olanak sa\u011flamas\u0131 gerekirdi&#8230;<\/p>\n<p>45 g\u00fcnl\u00fck s\u00fcrenin dolmas\u0131na birka\u00e7 g\u00fcn kalsa bile, Cumhurba\u015fkan\u0131n\u0131n g\u00f6revi ikinci b\u00fcy\u00fck parti olan CHP&#8217;ye vermemesi\u00a0ana muhalefetin a\u011f\u0131rl\u0131\u011f\u0131yla ilgili bir meseledir.<\/p>\n<p>Bu a\u00e7\u0131k hak gasb\u0131\u00a0kar\u015f\u0131s\u0131nda, son derece p\u0131s\u0131r\u0131k ve edilgen kalan K\u0131l\u0131\u00e7daro\u011flu, erken se\u00e7im sonunda birinci parti olsa da h\u00fck\u00fcmet kurmakla g\u00f6revlendirilmeyebilir&#8230;<\/p>\n<p>B\u00f6yle bir durumla kar\u015f\u0131la\u015f\u0131nca acaba ne yapacak?<\/p>\n<p>Davuto\u011flu&#8217;ndan sonra h\u00fck\u00fcmeti kurmak i\u00e7in kendisine g\u00f6rev verilmemesi halinde de ayn\u0131 eylemin yap\u0131lmas\u0131 \u015fartt\u0131&#8230;<\/p>\n<p>O eylemi yapacak medeni cesarette olan biri olmad\u0131\u011f\u0131 anla\u015f\u0131ld\u0131!<\/p>\n<p>Y\u0131llar \u00f6nce \u201cyemin etmeme\u201d eylemi ile de karakterini g\u00f6stermi\u015fti&#8230;<\/p>\n<p>Biz anlamak istemedik&#8230;<\/p>\n<p>Anla\u015f\u0131l\u0131yor ki, K\u0131l\u0131\u00e7daro\u011flu CHP&#8217;ye oy veren se\u00e7menin hakk\u0131n\u0131\u00a0ve hukukunu\u00a0koruyacak yeterlilikte ve nitelikte de\u011fildir!..<\/p>\n<p>***<\/p>\n<p>Onun b\u00fct\u00fcn amac\u0131; \u201c\u00f6n se\u00e7im\u201d aldatmacas\u0131 ile milletvekili se\u00e7tirdi\u011fi adamlar\u0131n\u0131 bir kez daha se\u00e7tirebilmek ve b\u00f6ylece genel ba\u015fkanl\u0131k koltu\u011funu koruma alt\u0131na almakt\u0131r&#8230;<\/p>\n<p>\u00c7\u00fcnk\u00fc K\u0131l\u0131\u00e7daro\u011flu&#8217;nun s\u00f6z\u00fcne g\u00fcvenilemez!..<\/p>\n<p>Ba\u015far\u0131s\u0131z olmas\u0131 halinde \u00e7ekilece\u011fine\u00a0s\u00f6z vermi\u015fti, bu s\u00f6z\u00fcn\u00fc de tutmam\u0131\u015ft\u0131r&#8230;<\/p>\n<p>Kemal K\u0131l\u0131\u00e7daro\u011flu, Dersimlidir ama s\u00f6z\u00fcn\u00fcn eri de\u011fildir!..<\/p>\n<p>Dolay\u0131s\u0131yla iktidara gelme gibi bir derdi bulunmamaktad\u0131r!..<\/p>\n<p>AKP h\u00fck\u00fcmetlerinin 13 y\u0131lda Devlette yaratt\u0131\u011f\u0131 tahribat\u0131 onarma ve rejimi de\u011fi\u015ftirme \u00e7abalar\u0131n\u0131 geriye \u00e7evirmenin tek yolu kald\u0131: O da 6 Ok&#8217;a i\u00e7tenlikle ba\u011fl\u0131 ve y\u00fcrekli bir ekiple se\u00e7ime gitmektir!..<\/p>\n<p>Atat\u00fcrk\u00e7\u00fc d\u00fc\u015f\u00fcnce ile uzaktan yak\u0131ndan ilgisi bulunmayan, Cumhuriyet de\u011ferlerini \u00f6z\u00fcmsememi\u015f, sa\u011f partilerden dev\u015firilmi\u015f ki\u015filerle se\u00e7im kazanmak imkans\u0131zd\u0131r&#8230;.<\/p>\n<p>Dolay\u0131s\u0131yla CHP&#8217;nin bu ekiple ,1 Kas\u0131m&#8217;da da ba\u015far\u0131l\u0131 bir sonu\u00e7 alamayaca\u011f\u0131 a\u00e7\u0131k se\u00e7ik ortadad\u0131r&#8230;<\/p>\n<p>Belki,HDP&#8217;ye kayan oylar\u0131 geriye gelebilir, hepsi o kadard\u0131r&#8230;<\/p>\n<p>Bu da ba\u015far\u0131 say\u0131lmaz tabi&#8230;<\/p>\n<p>Denebilir ki, K\u0131l\u0131\u00e7daro\u011flu ile Bah\u00e7eli&#8217;nin varl\u0131\u011f\u0131, AKP iktidarda kalmas\u0131n\u0131n temel g\u00fcvencesidir&#8230;<\/p>\n<\/div>\n<\/div>\n<p>Cemil Can<\/p>\n<p>D\u0130PNOTLAR:<\/p>\n<p>(1)<a href=\"http:\/\/www.google.com\/url?q=http:\/\/l.facebook.com\/l.php?u%3Dhttp%253A%252F%252Fwww.ntv.com.tr%252Fturkiye%252Fkilicdaroglu-chpde-o-kadar-karaktersiz-insan-yoktur%252CSqV80HyV-0yqfl6CLWkuog%26h%3DvAQHwz0K0%26s%3D1&amp;sa=D&amp;sntz=1&amp;usg=AFQjCNED6q8qFh1MQgzbyGmrofbTA_0aKg\" target=\"_blank\" rel=\"noopener noreferrer\">http:\/\/www.ntv.com.tr\/turkiye\/kilicdaroglu-chpde-o-kadar-karaktersiz-insan-yoktur,SqV80HyV-0yqfl6CLWkuog<\/a><\/p>\n<p>(2)<a href=\"https:\/\/www.google.com\/url?q=https:\/\/www.facebook.com\/l.php?u%3Dhttps%253A%252F%252Feksisozluk.com%252Fkaraktersiz-insanlarin-genel-ozellikleri--4250741%26h%3DZAQEmdT29%26s%3D1&amp;sa=D&amp;sntz=1&amp;usg=AFQjCNFzJ8Ag5mJgtui7oeik3J76C41KMw\" target=\"_blank\" rel=\"noopener noreferrer\">https:\/\/eksisozluk.com\/karaktersiz-insanlarin-genel-ozellikleri&#8211;4250741<\/a><\/p>\n<p>(3)TDK S\u00f6zl\u00fc\u011f\u00fcne g\u00f6re karakter: (felsefe)Bireyinkendi kendine egemen olmas\u0131n\u0131, kendi kendisiyle uyum i\u00e7indebulunmas\u0131n\u0131, d\u00fc\u015f\u00fcn\u00fc\u015fve hareketlerinde tutarl\u0131,sa\u011flam kalabilmesini sa\u011flayan \u00f6zellikler b\u00fct\u00fcn\u00fc.<\/p>\n<h2 class=\"rmSubject\">D\u00dc\u015eMAN ORDUSUNDA \u0130\u015eBA\u015eI YAPMAK!..\u200f<\/h2>\n<p>45 g\u00fcnde\u00a055\u00a0\u015fehit verdik&#8230;<\/p>\n<p>Son gelen haber; \u015e\u0131rnak&#8217;ta hain kur\u015funlar\u0131n hedefi olan y\u00fczba\u015f\u0131yd\u0131,o da \u015fehit olmu\u015f.<\/p>\n<p>Sava\u015f, ABD ile T\u00fcrkiye aras\u0131ndad\u0131r\u00a0ve b\u00fct\u00fcn \u015fiddetiyle devam ediyor&#8230;<\/p>\n<p>Ne yaz\u0131k ki, hatal\u0131 bir tespit, olduk\u00e7a taraftar bulmu\u015ftur:<\/p>\n<p>Geni\u015f y\u0131\u011f\u0131nlar, AKP&#8217;nin tek ba\u015f\u0131na iktidara gelmesi i\u00e7in sava\u015f\u0131 Erdo\u011fan&#8217;\u0131nba\u015flatt\u0131\u011f\u0131na inan\u0131yorlar&#8230;<\/p>\n<p>Halbuki, TSK\u00a0operasyonlara 24 Temmuz&#8217;da ba\u015flam\u0131\u015ft\u0131.<\/p>\n<p>13 g\u00fcn \u00f6nce, 11 Temmuz&#8217;da PKK\u00a0\u201c\u00e7at\u0131\u015fmas\u0131zl\u0131k bitti\u201d diyerek askerlerimize sald\u0131r\u0131lm\u0131\u015ft\u0131&#8230;<\/p>\n<p>A\u011f\u0131r darbe alan ter\u00f6r \u00f6rg\u00fct\u00fc, \u015fimde \u201cBar\u0131\u015f Bloku\u201d olu\u015fturarak sava\u015f\u0131n psikolojik cephesini ayakta tutmaya \u00e7al\u0131\u015f\u0131yor.<\/p>\n<p>Yayg\u0131n Erdo\u011fan kar\u015f\u0131tl\u0131\u011f\u0131ndan yararlanarak, bu hakl\u0131 sava\u015f\u0131 \u201cSaray\u0131n Sava\u015f\u0131\u201d gibi g\u00f6sterme \u00e7abalar\u0131na, ne yaz\u0131k ki, Y-CHP&#8217;de kat\u0131lm\u0131\u015f bulunmaktad\u0131r!..<\/p>\n<p>Yoktan yere \u201cYurt severli\u011fi\u201d ve \u201cvatan savunmas\u0131n\u0131\u201d AKP&#8217;ye b\u0131rak\u0131yorlar!..<\/p>\n<p>Dersimli,her zaman ki gibi PKK&#8217;y\u0131 CHP&#8217;ye \u201cevlat edinmi\u015f\u201d gibidir&#8230;<\/p>\n<p>***<\/p>\n<p>D\u00fc\u015fman \u00e7ephesinde i\u015f tutanlar, ger\u00e7e\u011fi \u00e7ok fazla gizleyemeyecekler&#8230;<\/p>\n<p>\u00c7\u00fcnk\u00fc, PKK ve t\u00fcrevlerini en anla\u015f\u0131l\u0131r \u015fekilde \u201c\u00fcst ak\u0131l\u201d tanmlam\u0131\u015ft\u0131r.<\/p>\n<p>ABD&#8217;nin Savunma Bakan\u0131 Ashton Carter&#8217;\u0131n tarifi \u015f\u00f6yledir:<\/p>\n<p>\u201cSuriye&#8217;deki K\u00fcrtler tam da bizim \u00f6nceden bahsetti\u011fimiz nitelikleri sergiledi.Onlar, motivasyonu y\u00fcksek, alan i\u015fgal ederek\u00a0ve koruyabilenkara kuvvetleridir\u201d \u00a0dedi&#8230; <a href=\"https:\/\/www.google.com\/url?q=https:\/\/www.facebook.com\/notes\/cemil-can\/d%25C3%25BC%25C5%259Fman-ordusunda-i%25C5%259Fba%25C5%259Fi-yapmak\/507986849364685?pnref%3Dstory%23&amp;sa=D&amp;sntz=1&amp;usg=AFQjCNEfZTUsQ004SZeHIbxULAcYJQek5w\" target=\"_blank\" rel=\"noopener noreferrer\">(1)<\/a><\/p>\n<p>ABD&#8217;ye g\u00f6re PKK, hem alan i\u015fgal edebilir hem de i\u015fgal etti\u011fi alanlar\u0131 koruyabilir niteliktedir&#8230;<\/p>\n<p>PKK, \u00f6ne \u00e7\u0131kan bu yetene\u011fi sayesinde, ABD ordusuna dahil olup, \u201ckara g\u00fcc\u00fc\u201d olarak g\u00f6rev yapmaktad\u0131r&#8230;<\/p>\n<p>Obama, bug\u00fcnlerde PKK militanlar\u0131na SEAL\u00a0komandolar\u0131 <a href=\"https:\/\/www.google.com\/url?q=https:\/\/www.facebook.com\/notes\/cemil-can\/d%25C3%25BC%25C5%259Fman-ordusunda-i%25C5%259Fba%25C5%259Fi-yapmak\/507986849364685?pnref%3Dstory%23&amp;sa=D&amp;sntz=1&amp;usg=AFQjCNEfZTUsQ004SZeHIbxULAcYJQek5w\" target=\"_blank\" rel=\"noopener noreferrer\">(2)<\/a>\u00a0kadar \u00f6nem vermektedir!<\/p>\n<p>Bua\u00e7\u0131k itirafa ra\u011fmen, ya\u015famakta oldu\u011fumuz olaylar\u0131, salt ter\u00f6r olaylar\u0131 olarak nitelendirmek aymazl\u0131kt\u0131r.<\/p>\n<p>Kim ne derse desin sava\u015f; ABD ile T\u00fcrkiye aras\u0131ndad\u0131r!<\/p>\n<p>Bu noktada akla gelen soru \u015fu olmal\u0131d\u0131r: ABD ve AB&#8217;nin deste\u011fi ile iktidara gelen AKP&#8217;nin ABD ile aras\u0131nda ne olmu\u015ftur da sava\u015facak noktaya gelmi\u015flerdir.<\/p>\n<p>Daha d\u00fcne kadar BOP&#8217;nin e\u015f ba\u015fkanl\u0131\u011f\u0131n\u0131 y\u00fcr\u00fcten Erdo\u011fan, bug\u00fcn bu projesinin\u00a0y\u0131k\u0131lmas\u0131 i\u00e7in neden var g\u00fcc\u00fcyle \u00e7al\u0131\u015fmaktad\u0131r?<\/p>\n<p>Bu sorular\u0131n do\u011fru yan\u0131tlar\u0131n\u0131 bulmadan, olup biteni kavramak olduk\u00e7a zordur.<\/p>\n<p>Acaba ABD&#8217;nin Recep Tayyip Erdo\u011fan&#8217;\u0131n \u201c\u00fczerini \u00e7izme\u201d nedeni nedir?<\/p>\n<p>Biliyoruz ki,\u00a017\u00a0ve 25 Aral\u0131k\u00a0Yolsuzluk ve R\u00fc\u015fvet Operesyonlar\u0131n\u0131n d\u00fc\u011fmesine basan Obama&#8217;d\u0131r.<\/p>\n<p>Kudretli savc\u0131 Zekeriya \u00d6z&#8217;\u00fcn ka\u00e7mas\u0131ndan sonra, kan\u0131tlar\u0131 Cemaat&#8217;in polis ve yarg\u0131 i\u00e7erisine s\u0131zd\u0131rd\u0131\u011f\u0131 adamlar\u0131 ile topland\u0131\u011f\u0131na \u00a0ku\u015fkumuz kalmad\u0131&#8230;<\/p>\n<p>Cemaat, adeta CIA&#8217;n\u0131n T\u00fcrkiye i\u00e7erisindeki birimi olarak g\u00f6rev yapm\u0131\u015ft\u0131r&#8230;<\/p>\n<p>***<\/p>\n<p>B\u00fct\u00fcn bunlardan daha \u00f6nemli, \u00f6nce ya\u015fanm\u0131\u015f ve ABD a\u00e7\u0131s\u0131ndan son derece dikkatle izlenen geli\u015fmeler vard\u0131r.<\/p>\n<p>\u0130\u015fte Erdo\u011fan&#8217;\u0131n g\u00f6zden \u00e7\u0131kart\u0131lma\u00a0nedenini bunlar aras\u0131nda aramak gerekir&#8230;<\/p>\n<p>Bu nedenlerin ba\u015f\u0131nda; \u201cT\u00fcrk Ak\u0131m\u0131\u201d olarak bilinen do\u011falgaz ta\u015f\u0131ma anla\u015fmas\u0131 gelmektedir.<a href=\"https:\/\/www.google.com\/url?q=https:\/\/www.facebook.com\/notes\/cemil-can\/d%25C3%25BC%25C5%259Fman-ordusunda-i%25C5%259Fba%25C5%259Fi-yapmak\/507986849364685?pnref%3Dstory%23&amp;sa=D&amp;sntz=1&amp;usg=AFQjCNEfZTUsQ004SZeHIbxULAcYJQek5w\" target=\"_blank\" rel=\"noopener noreferrer\">(3)<\/a><\/p>\n<p>Jeo-stratejist Thierry Meyssan\u2019\u0131n, \u201dErdo\u011fan Sisteminin Sonuna Do\u011fru\u201d<a href=\"https:\/\/www.google.com\/url?q=https:\/\/www.facebook.com\/notes\/cemil-can\/d%25C3%25BC%25C5%259Fman-ordusunda-i%25C5%259Fba%25C5%259Fi-yapmak\/507986849364685?pnref%3Dstory%23&amp;sa=D&amp;sntz=1&amp;usg=AFQjCNEfZTUsQ004SZeHIbxULAcYJQek5w\" target=\"_blank\" rel=\"noopener noreferrer\">(4)<\/a>\u00a0ba\u015fl\u0131kl\u0131 makalesinde; Erdo\u011fan&#8217;\u0131n bu ad\u0131m\u0131 \u201cNATO kurallar\u0131n\u0131 \u00e7i\u011fnemek cesareti\u201d olarak nitelendirilmektedir.<\/p>\n<p>\u0130\u015fte Rusya\u00a0ile imzalanan bu anla\u015fmadan sonra, AB ile oldu\u011fu gibi ABD taraf\u0131ndan da Erdo\u011fan&#8217;\u0131n \u00fczeri \u00e7izilmi\u015ftir.<\/p>\n<p>Kavga her zaman oldu\u011fu gibi petrol ve do\u011falgaz \u00fczerinedir!<\/p>\n<p>Dolay\u0131s\u0131yla bundan sonraki geli\u015fmeler, Erdo\u011fan&#8217;\u0131 iktidardan d\u00fc\u015f\u00fcrmek ve uyumlu yeni i\u015fbirlik\u00e7ileri iktidara getirmek \u00fczerine kurulmu\u015ftur.<\/p>\n<p>Bu durumu bilen Erdo\u011fan, Saddam ve Kaddafi&#8217;nin akibetine u\u011framamak i\u00e7in kendini korumaya alm\u0131\u015ft\u0131r.<\/p>\n<p>Tekrar edelim: Sava\u015f ABD ile T\u00fcrkiye aras\u0131ndad\u0131r&#8230;<\/p>\n<p>Bu sava\u015f\u0131 \u201cSaray\u0131n Sava\u015f\u0131\u201d veya \u201cErdo\u011fan&#8217;\u0131n Sava\u015f\u0131\u201d gibi g\u00f6sterme \u00e7abalar\u0131, k\u00fcresel g\u00fc\u00e7lerin taraf\u0131na ge\u00e7ip, onlar\u0131n psikolojik sava\u015f\u0131n\u0131 y\u00fcr\u00fctmekten farks\u0131zd\u0131r&#8230;<\/p>\n<p>Bir anlamda, k\u00fcresel g\u00fc\u00e7lere askerlik yapmakt\u0131r&#8230;<\/p>\n<p>RTE&#8217;nin 13\u00a0y\u0131ll\u0131k iktidar\u0131nda ya\u015fatt\u0131klar\u0131ndan ve yaratt\u0131\u011f\u0131 nefretten yola \u00e7\u0131karak; k\u00fcresel g\u00fc\u00e7lerin ekme\u011fine ya\u011f s\u00fcrecek \u015fekilde propagandalar\u0131na alet olmak, en b\u00fcy\u00fck ihanettir&#8230;<\/p>\n<p>Bu y\u00fczden ter\u00f6r \u00f6rg\u00fct\u00fc PKK&#8217;n\u0131n ortadan kald\u0131r\u0131lmas\u0131n\u0131 hedef alan bu operasyonlara kar\u015f\u0131 \u00e7\u0131kmak, d\u00fcr\u00fcst bir yurtta\u015f\u0131n i\u015fi olamaz!&#8230;<\/p>\n<p>Dolay\u0131s\u0131yla, operasyonlar\u0131n ba\u015far\u0131s\u0131ndan Erdo\u011fan da yararlanacak diye, \u201cbar\u0131\u015f\u201d \u00e7\u0131\u011fl\u0131\u011f\u0131 atarak, kar\u015f\u0131 tarafta yer almak; do\u011frudan d\u00fc\u015fman\u0131n psikolojik harp dairesindei\u015fba\u015f\u0131 yapmak anlam\u0131na gelecektir&#8230;<\/p>\n<p>Cemil Can<\/p>\n<p>D\u0130PNOTLAR:<\/p>\n<p>(1)<a href=\"http:\/\/www.google.com\/url?q=http:\/\/l.facebook.com\/l.php?u%3Dhttp%253A%252F%252Fwww.aydinlikgazete.com%252Fpolitika%252Fcarter-pydliler-motivasyonu-yuksek-kara-kuvvetimiz-h75776.html%26h%3D7AQEm4CaX%26s%3D1&amp;sa=D&amp;sntz=1&amp;usg=AFQjCNEpezoMLgyRlxz63X0p_xMC79I7ow\" target=\"_blank\" rel=\"noopener noreferrer\">http:\/\/www.aydinlikgazete.com\/politika\/carter-pydliler-motivasyonu-yuksek-kara-kuvvetimiz-h75776.html<\/a><\/p>\n<p>(2)<a href=\"https:\/\/www.google.com\/url?q=https:\/\/tr.wikipedia.org\/wiki\/Navy_SEALs&amp;sa=D&amp;sntz=1&amp;usg=AFQjCNFtF8WwSQmmVtysqRUqIC4Lpl9OHQ\" target=\"_blank\" rel=\"noopener noreferrer\">https:\/\/tr.wikipedia.org\/wiki\/Navy_SEALs<\/a><\/p>\n<p>(3) <a href=\"http:\/\/www.google.com\/url?q=http:\/\/l.facebook.com\/l.php?u%3Dhttp%253A%252F%252Fwww.aydinlikgazete.com%252Fm%252Fdunya%252Fab-uyesi-olmamanin-avantaji-turk-akimi-h60071.html%26h%3DpAQFSaTCa%26s%3D1&amp;sa=D&amp;sntz=1&amp;usg=AFQjCNFj5UUwGQU3lo9UgIeAyqeRdjzdYg\" target=\"_blank\" rel=\"noopener noreferrer\">http:\/\/www.aydinlikgazete.com\/m\/dunya\/ab-uyesi-olmamanin-avantaji-turk-akimi-h60071.html<\/a><\/p>\n<p>(4)<a href=\"http:\/\/www.google.com\/url?q=http:\/\/l.facebook.com\/l.php?u%3Dhttp%253A%252F%252Fwww.voltairenet.org%252Farticle187841.html%26h%3DJAQE7yoOs%26s%3D1&amp;sa=D&amp;sntz=1&amp;usg=AFQjCNH1W5d8jP0Jl6T4pEamDHKFse66Xg\" target=\"_blank\" rel=\"noopener noreferrer\">http:\/\/www.voltairenet.org\/article187841.html<\/a><\/p>\n<p>Meyssan&#8217;\u0131n bu makalesi, Habip Hamza Erdem taraf\u0131ndanT\u00fcrk\u00e7eye \u00e7evrilerek \u00f6zetlenmi\u015ftir. Takip eden ba\u011flant\u0131danmakaleye ula\u015fabilirsiniz. Okuman\u0131z\u0131 \u00f6neririm.<\/p>\n<p><a href=\"http:\/\/www.google.com\/url?q=http:\/\/www.dunya48.com\/habip-hamza-erdem\/26014-habip-hamza-erdem-bati-erdogan-nasil-goruyor&amp;sa=D&amp;sntz=1&amp;usg=AFQjCNHxqZTj_0o2ls53UWQJpKIruuyb8w\" target=\"_blank\" rel=\"noopener noreferrer\">http:\/\/www.dunya48.com\/habip-hamza-erdem\/26014-habip-hamza-erdem-bati-erdogan-nasil-goruyo<\/a>r<\/p>\n<h2>K\u0130M\u0130NLE SAVA\u015eTI\u011eIMIZI B\u0130LEL\u0130M!..<\/h2>\n<p><a href=\"https:\/\/www.google.com\/url?q=https:\/\/www.facebook.com\/notes\/cemil-can\/kiminle-sava%25C5%259Fti%25C4%259Fimizi-bilelim\/500648373431866&amp;sa=D&amp;sntz=1&amp;usg=AFQjCNGEZBZrbE26ikW5os56D-Iy2Re9gg\" target=\"_blank\" rel=\"noopener noreferrer\">2 A\u011fustos 2015, 11:31<\/a><\/p>\n<p>PKK, 11 Temmuz&#8217;da \u201c\u00e7at\u0131\u015fmas\u0131zl\u0131k bitti\u201d diyerek, askerlerimize sald\u0131rd\u0131!..<\/p>\n<p>Bu tarihi unutmayal\u0131m&#8230;<\/p>\n<p>Sonra,Suru\u00e7&#8217;taki canl\u0131 bomba eylemi yap\u0131ld\u0131. Ard\u0131ndan T\u00fcrkiye I\u015e\u0130D&#8217;e operasyon ba\u015flatt\u0131. PYD mevzileri de vuruldu!..<\/p>\n<p>PKK ise, misilleme olarak uykudaki polislerimize suikast yapt\u0131. \u0130ki \u015fehit verdik&#8230;<\/p>\n<p>K\u00fcresel g\u00fc\u00e7lerin amac\u0131 T\u00fcrkiye&#8217;yi kar\u0131\u015ft\u0131rmak ve sava\u015fmadan teslim almakt\u0131. Kar\u0131\u015ft\u0131rd\u0131lar da&#8230;<\/p>\n<p>PKK&#8217;ya operasyonlar ba\u015flamadan \u00f6nce:<\/p>\n<p>-Diyarbak\u0131r&#8217;daki HDP mitinginde bomban\u0131n patlamas\u0131ndan sonra, halkaso\u011fukkanl\u0131l\u0131k tavsiye eden HDP E\u015f Genel Ba\u015fkan\u0131 Selahattin Demirta\u015f, Suru\u00e7 olay\u0131ndan sonra: \u201dArt\u0131k halk\u0131m\u0131z kendi g\u00fcvenli\u011fini almak zorunda\u201d diyerek, silahlanma \u00f6nerdi!..<\/p>\n<p>Suru\u00e7&#8217;tan 4 g\u00fcn \u00f6nce, KCK Y\u00f6neticisi Cemil Bay\u0131k:\u201d Silahlan\u0131n, yer alt\u0131 sistemi kurun,t\u00fcneller kaz\u0131n\u201d diye emir vermi\u015fti!..<\/p>\n<p>-HDP E\u015f Genel Ba\u015fkan\u0131 Figen Y\u00fcksekda\u011f ise: \u201dBiz s\u0131rt\u0131m\u0131z\u0131 YPJ&#8217;ye,YPG&#8217;ye ve PYD&#8217;ye day\u0131yoruz\u201d diyerek tehdit etti&#8230;<\/p>\n<p>Hakkar\u0131 Milletvekili Abdullah Zeydan: \u201dPKK&#8217;n\u0131n \u00f6yle bir g\u00fcc\u00fc var ki, sizit\u00fckr\u00fc\u011f\u00fc ile bo\u011far\u201ddedi&#8230;<\/p>\n<p>Bir tek T\u00fcrk halk\u0131n\u0131n s\u0131rt\u0131n\u0131 dayayaca\u011f\u0131 yeri g\u00f6steren yok!..<\/p>\n<p>Operasyon ba\u015flad\u0131ktan sonra:<\/p>\n<p>Beyaz Saray Ulusal G\u00fcvenlik Konseyi S\u00f6zc\u00fcs\u00fc Alistair Baskey, PKK&#8217;ya \u201cT\u00fcrkiye h\u00fck\u00fcmetiyle diyalo\u011fa girme\u201d \u00e7a\u011fr\u0131s\u0131 yapt\u0131\u2026 PKK&#8217;n\u0131n T\u00fcrkiye ilebir cephe dahaa\u00e7mas\u0131n\u0131 ak\u0131ll\u0131ca bulmayan yetkili, PKK&#8217;ya y\u00f6nelik operasyonlarda; T\u00fcrkiye&#8217;den \u201cmakul\u201d olmas\u0131n\u0131 beklediklerini s\u00f6yledi&#8230;<\/p>\n<p>ABD&#8217;li yetkililer tek hedeflerini, I\u015e\u0130D&#8217;in elinde tuttu\u011fu son s\u0131n\u0131r hatt\u0131ndan s\u00f6k\u00fclmesi olarak a\u00e7\u0131klad\u0131lar&#8230;<\/p>\n<p>Suriye&#8217;ye \u201cdemokrasi getirmek\u201d i\u00e7in Esat&#8217;\u0131 devirme, insan hak ve \u00f6zg\u00fcrl\u00fckleri getirme vb. gibi masallar\u0131 anlatma i\u015fini ise bizim ahmaklara b\u0131rakt\u0131lar&#8230;<\/p>\n<p>Onlar\u0131n tek hedefi: T\u00fcrkiye&#8217;nin son s\u0131n\u0131r hatt\u0131n\u0131n ele ge\u00e7irilmesidir&#8230;<\/p>\n<p>\u0130ngiliz gazetesi Finansial Times&#8217;e g\u00f6re,ola\u011fan\u00fcst\u00fc NATO toplant\u0131s\u0131nda; T\u00fcrkiye&#8217;den PKK&#8217;ya y\u00f6nelik operasyonlar\u0131 \u201ck\u0131s\u0131tlamas\u0131\u201dve \u201corant\u0131l\u0131 kar\u015f\u0131l\u0131k\u201d vermesinin istendi\u011fi yaz\u0131ld\u0131..<\/p>\n<p>Bizlerin silahs\u0131z g\u00f6steri ve y\u00fcr\u00fcy\u00fc\u015flere m\u00fcdahale eden polisten s\u00fcrekli istedi\u011fimiz \u201corant\u0131l\u0131 g\u00fc\u00e7 kullanma\u201d gibi bir \u015fey yani\u2026 PKK ne yaparsa, siz de o kadar kar\u015f\u0131l\u0131k verin diyorlar. \u00c7\u00fcnk\u00fc PKK onlara daha \u00e7ok laz\u0131m, bitirilsin istemiyorlar&#8230;<\/p>\n<p>Yoruma ihtiya\u00e7 duyulacak bir tek s\u00f6zc\u00fck kullanmad\u0131lar!..Her \u015fey son derece a\u00e7\u0131k&#8230;<\/p>\n<p>***<\/p>\n<p>4 Mart 2006&#8217;da B\u00fcy\u00fck Ortado\u011fu Projesi E\u015f Ba\u015fkan\u0131 oldu\u011funu a\u00e7\u0131klayan Erdo\u011fan, iki g\u00fcnl\u00fck resmi \u00c7in ziyaretinde; \u201c\u00c7in ile ili\u015fkilerimizestratejik(1) a\u00e7\u0131dan bak\u0131yoruz\u201d dedi&#8230;<\/p>\n<p>Bu c\u00fcmle ile verilen mesaj \u00e7ok \u00f6nemlidir!&#8230;<\/p>\n<p>Bana biraz, Erdo\u011fan NATO&#8217;ya parmak sall\u0131yor gibi geldi!..<\/p>\n<p>\u00c7in ile ili\u015fkilere \u201cstratejik\u201d bakmak, \u015eanhgay \u0130\u015fbirli\u011fi \u00d6rg\u00fct\u00fc&#8217;ne (\u015e\u0130\u00d6)<a href=\"https:\/\/www.google.com\/url?q=https:\/\/tr.wikipedia.org\/wiki\/%25C5%259Eanghay_%25C4%25B0%25C5%259Fbirli%25C4%259Fi_%25C3%2596rg%25C3%25BCt%25C3%25BC&amp;sa=D&amp;sntz=1&amp;usg=AFQjCNGbhCi4EP_DYZW7J5xeJoWVtv-W2w\" target=\"_blank\" rel=\"noopener noreferrer\">(2)<\/a>\u00a0g\u00f6z k\u0131rpmakanlam\u0131na da gelir&#8230;<\/p>\n<p>\u00c7in&#8217;i \u00fcst \u00fcste 3 kez ziyaret eden Erdo\u011fan, \u00c7in&#8217;in toprak b\u00fct\u00fcnl\u00fc\u011f\u00fcveegemenli\u011fini destekledi\u011fi mesaj\u0131n\u0131 verdi&#8230;<\/p>\n<p>Az i\u015f de\u011fildir; \u201cDo\u011fu T\u00fcrkistan \u0130slami Hareketi\u201dnide ter\u00f6r \u00f6rg\u00fct\u00fc olarak kabul etti&#8230;<\/p>\n<p>\u00c7in taraf\u0131 ise, T\u00fcrkiye&#8217;nin I\u015e\u0130D ve PKK&#8217;ya kar\u015f\u0131 m\u00fccadelesinidestekledi\u011fini ifade etti&#8230;<\/p>\n<p>Yak\u0131n ge\u00e7mi\u015fte \u201cY\u00fcksek \u0130rtifa Geli\u015fmi\u015f Hava ve F\u00fcze Savunma Sistemi\u201d ihalesinde en uygun fiyat\u0131 \u00c7in&#8217;in vermesi, T\u00fcrkiye-\u00c7in ili\u015fkilerinden ABD ve NATO&#8217;nun duydu\u011furahats\u0131zl\u0131k,buna ra\u011fmen T\u00fcrkiye&#8217;nin \u00c7in ile g\u00f6r\u00fc\u015fmeyi s\u00fcrd\u00fcrmesi, <a href=\"http:\/\/www.google.com\/url?q=http:\/\/www.pau.edu.tr\/zyilmaz\/tr\/sayfa\/kritik-gelismeler-ulkemizin-basini-fuze-gibi-dordurdu-artik-zamani-geldi&amp;sa=D&amp;sntz=1&amp;usg=AFQjCNF1OHerk2gElqpG-qIWdoeTtin2wg\" target=\"_blank\" rel=\"noopener noreferrer\">(3)<\/a>\u00a0birlikte de\u011ferlendirildi\u011finde; \u00f6rg\u00fct\u00fcn \u201cdiyalog orta\u011f\u0131\u201d olan T\u00fcrkiye Cumhuriyeti, Cumhurba\u015fkan\u0131n\u0131n a\u011fz\u0131ndan \u00e7\u0131kan bu bir c\u00fcmlelik mesaj\u0131nda; \u201cstrateji\u201ds\u00f6zc\u00fc\u011f\u00fcn\u00fcn kullan\u0131lmas\u0131, ak\u0131llara bu olas\u0131l\u0131\u011f\u0131 getirmektedir&#8230;<\/p>\n<div>\n<div>\n<p>Bana g\u00f6re T\u00fcrkiye&#8217;nin tercihi son derece do\u011fru ve isabetlidir&#8230;<\/p>\n<p>***<\/p>\n<p>Devletleraras\u0131 ili\u015fkiler \u00e7ok y\u00f6nl\u00fc ve karma\u015f\u0131kt\u0131r. Bu ili\u015fkileri k\u0131sa s\u00fcre i\u00e7erisinde kestirip atmak \u00f6yle kolay olamaz elbette&#8230;<\/p>\n<p>Nitekim,T\u00fcrkiye bir taraftan \u015e\u0130\u00d6&#8217;ne yakla\u015f\u0131rken,di\u011fer taraftan ABD ile \u201c\u0130ncirlik Mutabakat\u0131\u201dn\u0131 imzalamak zorunda kalm\u0131\u015ft\u0131r!<\/p>\n<p>\u0130lgin\u00e7tir; bu mutabakatla PKK&#8217;n\u0131n Suriye kolu PYD,ter\u00f6r \u00f6rg\u00fct\u00fc kabuledilmemi\u015ftir!..<\/p>\n<p>PKK&#8217;n\u0131n g\u00f6vdesi ter\u00f6r \u00f6rg\u00fct\u00fcd\u00fcr ama kolu de\u011fildir!?..<\/p>\n<p>Pentagon s\u00f6zc\u00fcs\u00fc Jeff Davis: \u201cPKK ayr\u0131d\u0131r YPG ayr\u0131\u201ddemi\u015f&#8230;<\/p>\n<p>Pentagon&#8217;un bu a\u00e7\u0131klamas\u0131ndan hemen sonra, YPG s\u00f6zc\u00fcs\u00fc Redur Xelil: \u201cPKK ile \u00f6rg\u00fctsel ba\u011flant\u0131m\u0131z yok\u201ddedi&#8230;<\/p>\n<p>Ard\u0131ndan,ABD D\u0131\u015fi\u015fleri S\u00f6zc\u00fcs\u00fc\u00a0John Kirby:\u201c\u0130ncirlik sayesinde YPG&#8217;ye daha aktif destek verece\u011fiz\u201ddedi&#8230;<\/p>\n<p>Beyaz Saray\u00a0S\u00f6zc\u00fcs\u00fc Eric Shultz ise: \u201cGerilimin d\u00fc\u015fmesi ve bar\u0131\u015f s\u00fcrecine geri d\u00f6n\u00fc\u015f \u00e7a\u011fr\u0131s\u0131 yap\u0131yoruz\u201d dedi\u2026<\/p>\n<p>ABD D\u0131\u015fi\u015fleri Bakanl\u0131\u011f\u0131 S\u00f6zc\u00fcs\u00fc\u00a0MarkToner&#8217;\u0131n: \u201dI\u015e\u0130D&#8217;e kar\u015f\u0131 sava\u015fan gruplar\u0131n tamam\u0131na ABD taraf\u0131ndan destek verilir\u201d \u015feklindeki a\u00e7\u0131klamas\u0131ndan sonra; \u201c\u0130ncirlik mutabakat\u0131 ile YPG&#8217;ye aktif destekleriniart\u0131racaklar\u0131n\u0131\u201ds\u00f6yledi&#8230;<\/p>\n<p>Shultz, \u201cPKK&#8217;n\u0131n sald\u0131r\u0131lar\u0131n\u0131 k\u0131n\u0131yoruz, PKK bir ter\u00f6r organizasyonudur, T\u00fcrkiye&#8217;nin savunma hakk\u0131na destek veriyoruz\u201d diyerek, PKK&#8217;n\u0131n vurulmas\u0131na itiraz etmedi&#8230;<\/p>\n<p>New York Times&#8217;ta \u00e7\u0131kan bir a\u00e7\u0131klamada; ABD&#8217;li bir yetkili, \u201cT\u00fcrkiye, YPG&#8217;ye sald\u0131rmayaca\u011f\u0131 konusunda g\u00fcvence verdi\u201d dedi&#8230;<\/p>\n<p>\u0130ngiliz The Economist gazetesinde ise: \u201dT\u00fcrkiye b\u00f6lgedeki kaosuart\u0131r\u0131yor\u201d yorumu yap\u0131ld\u0131&#8230;<\/p>\n<p>Bu gazetede yay\u0131nlanan makalede; PKK&#8217;y\u0131 vurarak, olas\u0131 bir erken se\u00e7imde HDP&#8217;ye kayan oylar\u0131 geri\u00a0alarak, Anayasay\u0131 da de\u011fi\u015ftirecek \u015fekilde, AKP&#8217;yi tek ba\u015f\u0131na iktidara getirmek i\u00e7in a\u00e7\u0131l\u0131m\u0131n sonu\u00e7land\u0131r\u0131ld\u0131\u011f\u0131 savunuluyor&#8230;<\/p>\n<p>T\u00fcrkiye&#8217;deki Erdo\u011fan kar\u015f\u0131tlar\u0131n\u0131n hemen hemen t\u00fcm\u00fc, bu g\u00f6r\u00fc\u015fte birle\u015fti!..<\/p>\n<p>Bizimkiler,T\u00fcrkiye&#8217;nin ba\u015far\u0131s\u0131ndan Erdo\u011fan da yararlanacak korkusu ile neredeyse ba\u015far\u0131s\u0131zl\u0131\u011f\u0131 savunacak noktaya geldiler.Ak\u0131l ve mant\u0131kla a\u00e7\u0131klanamayacak \u015fekilde kendilerini kaybettiler!..<\/p>\n<p>Geli\u015fmeler bu y\u00f6nde ilerleyince Davuto\u011flu da, \u201cPYD&#8217;nin Suriye&#8217;dekikazan\u0131mlar\u0131ndan rahats\u0131z olmad\u0131\u011f\u0131m\u0131z\u0131\u201da\u00e7\u0131klamak zorunda b\u0131rak\u0131ld\u0131&#8230;<\/p>\n<p>PYD kazan\u0131mlar\u0131n\u0131n; T\u00fcrkmen, Arap ve Yezidilerden bo\u015falt\u0131lan alanlara, K\u00fcrtlerin yerle\u015ftirilerek \u201cdemografik yap\u0131\u201dn\u0131n K\u00fcrtler lehine de\u011fi\u015ftirilmesi ve PYD&#8217;nin kurdu\u011fu \u201ckanton\u201dlar oldu\u011fu, tart\u0131\u015fma konusu bile de\u011fildir!..<\/p>\n<p>Bu kadar\u0131 yeterli g\u00f6r\u00fclmemi\u015f ki,Ba\u015fbakanl\u0131k Bas\u0131n M\u00fc\u015faviri Osman Sert&#8217;e: \u201cSuriyeli K\u00fcrtlerle sava\u015fm\u0131yoruz\u201d a\u00e7\u0131klamas\u0131 yapt\u0131r\u0131lm\u0131\u015ft\u0131r!..<\/p>\n<p>Sanki \u00a0ABD&#8217;nin, Ortado\u011fu&#8217;da kendi askeri yerine, K\u00fcrtleri bir s\u00fcre dahakullanabilmesi i\u00e7in h\u00fck\u00fcmetimizi b\u00f6yle bir a\u00e7\u0131klama yapmaya zorlam\u0131\u015flar ve mecbur b\u0131rakm\u0131\u015flar gibi&#8230;<\/p>\n<p>Yoksa,PKK&#8217;y\u0131 bombala ama sak\u0131n koluna bir \u015fey yapma iste\u011fi izah edilebilir mi?..<\/p>\n<p>Tam da bu noktada; K\u00fcrtlerin ba\u011f\u0131ms\u0131z bir devlet kurmaktan ziyade, ba\u011f\u0131ms\u0131z\u00a0d\u00fc\u015f\u00fcnme yetene\u011fini geli\u015ftirmeye ihtiya\u00e7lar\u0131 vard\u0131r denebilir\u2026<\/p>\n<p>HDP&#8217;nin E\u015f Genel Ba\u015fkan\u0131 Figen Y\u00fcksekda\u011f&#8217;\u0131n s\u0131rt\u0131n\u0131 yaslad\u0131\u011f\u0131;YPJ, YPG ve HDP&#8217;ye, ABD destek verdi\u011fine g\u00f6re, son tahlilde Figen&#8217;in dayand\u0131\u011f\u0131 g\u00fc\u00e7 ABD&#8217;dir&#8230;<\/p>\n<p>Obama&#8217;n\u0131n \u201ckara g\u00fcc\u00fcm\u00fczd\u00fcr\u201d dedi\u011fi PKK\/PYD&#8217;nin g\u00f6revi bellidir!..<\/p>\n<p>ABD&#8217;nin I\u015e\u0130D&#8217;e kar\u015f\u0131 Ayn El Arap&#8217;ta (Kobani) \u00e7at\u0131\u015fan PYD&#8217;ye havadan att\u0131\u011f\u0131 24 ton silah ve m\u00fchimmat\u0131n bir k\u0131sm\u0131, hava kuvvetlerimizin 7.operasyonunda, 5 ayr\u0131 gizli depoda vurularak imha edildi&#8230;<\/p>\n<p>\u00c7ok a\u00e7\u0131k ve net olarak ortaya \u00e7\u0131kt\u0131 ki, bug\u00fcn sava\u015ft\u0131\u011f\u0131m\u0131z g\u00fc\u00e7; K\u00fcrt halk\u0131n\u0131n de\u011fil ABD&#8217;nin kurup destekledi\u011fi ter\u00f6r \u00f6rg\u00fct\u00fc PKK ve t\u00fcrevleridir&#8230; T\u0131pk\u0131 El-Kaide gibi&#8230;<\/p>\n<p>ABD&#8217;nin i\u00e7erimizdeki en tehlikeli m\u00fcttefiki ise, ne yaz\u0131k ki, \u201cSilahl\u0131 m\u00fccadele ile bu i\u015f \u00e7\u00f6z\u00fclmez\u201ddiyerek; hala utanmadan,s\u0131k\u0131lmadan \u201cter\u00f6rle m\u00fczakere\u201dyi savunan K\u0131l\u0131\u00e7daro\u011flu&#8217;nun Y-CHP&#8217;sidir!<\/p>\n<p>2000&#8217;li y\u0131llar\u0131n ba\u015f\u0131nda, silahl\u0131 m\u00fccadele ile ter\u00f6r\u00fcn nas\u0131l bitirildi\u011finiunutturmak i\u00e7in yap\u0131lmad\u0131k \u015faklabanl\u0131k kalmad\u0131&#8230;<\/p>\n<p>Ayn\u0131 \u015fekilde \u201cFetullah\u00e7\u0131 Ter\u00f6r \u00d6rg\u00fct\u00fc\u201d (FT\u00d6) de ABD&#8217;nin himayesinde palazlanm\u0131\u015ft\u0131r.<\/p>\n<p>Bu \u00f6rg\u00fct\u00fcn mensuplar\u0131, \u201cajanl\u0131k yapmak\u201dve \u201cmilli orduya kumpas kurmak\u201d su\u00e7lamalar\u0131 ile yarg\u0131lanmaktad\u0131rlar.<\/p>\n<p>En g\u00f6z\u00fc kara savunucular\u0131 Y-CHP&#8217;nin milletvekilleridir&#8230;<\/p>\n<p>B\u00f6ylece T\u00fcrkiye&#8217;de; biri ABD-AB (NATO) \u00e7\u0131karlar\u0131n\u0131 savunmak i\u00e7in verilecek her g\u00f6revi yapmaya amade i\u015fbirlik\u00e7iler, di\u011feri T\u00fcrkiye taraf\u0131nda kalan ama s\u0131rt\u0131n\u0131 dayayacak bir yeri de bulunmayanlar olmak \u00fczere,saflar belirgin hale gelmi\u015ftir&#8230;<\/p>\n<p>T\u00fcrk halk\u0131, bu ahval ve \u015ferait i\u00e7erisinde bir \u00e7\u0131k\u0131\u015f yolu ararken;son 12 g\u00fcn i\u00e7inde 17 evlad\u0131n\u0131 daha ter\u00f6re kurban vermi\u015ftir. Kalle\u015f\u00e7e \u015fehit edilen bu yi\u011fitlerimizin(4) kan\u0131, T\u00fcrk Ordusu&#8217;na adeta \u201cteslim ol\u201d \u00e7a\u011fr\u0131s\u0131 yapan, bu ABD-AB i\u015fbirlik\u00e7isi hainlerin eline bula\u015fm\u0131\u015ft\u0131r!..<\/p>\n<p>Cemil Can<\/p>\n<p>D\u0130PNOTLAR:<\/p>\n<p>(1)Strateji:Eskilerin sevk\u00fclcey\u015f dedi\u011fi strateji s\u00f6zc\u00fc\u011f\u00fcn\u00fcn anlam\u0131:Bir ulusun veya uluslar toplulu\u011funun, bar\u0131\u015f ve sava\u015fta benimsenen politikalara destek vermek amac\u0131yla politik, ekonomik, psikolojik ve askeri g\u00fc\u00e7leri bir arada kullanma bilimi ve sanat\u0131d\u0131r&#8230;<\/p>\n<p>Bir milletin savunmas\u0131nda askeri, siyasi, ekonomik ve manevi g\u00fc\u00e7leri bir arada kullanma ve d\u00fczenleme sanat\u0131d\u0131r.<\/p>\n<p>Eski Yunancada strategos k\u00f6k\u00fcnden gelen ve &#8220;Generalin Sanat\u0131&#8221;anlam\u0131na kullan\u0131lan strateji s\u00f6zc\u00fc\u011f\u00fcn\u00fcn \u00e7e\u015fitli zamanlarda de\u011fi\u015fik tan\u0131mlar\u0131 yap\u0131lm\u0131\u015ft\u0131r: Clawewitc&#8217;e g\u00f6re, &#8220;Harbi kazanmak i\u00e7in muharebeleri kullanma sanat\u0131d\u0131r&#8221;, Moltke,&#8221;Bir \u00e7are bulma, en zor \u015fartlar alt\u0131nda icraatta bulunma sanat\u0131d\u0131r&#8221; demi\u015ftir. Baufre ise, &#8220;Anla\u015fmazl\u0131klar\u0131n halli i\u00e7in kuvvete ba\u015fvuran iki hasm\u0131n diyalekti\u011fidir&#8221; diye tarif etmi\u015ftir&#8230;<\/p>\n<p>Askeri strateji,silahl\u0131 kuvvetlerin ya da bu kuvvetlerin b\u00fcnyesindeki kurumlar\u0131n stratejik ama\u00e7lar\u0131na ula\u015fmak i\u00e7in izledikleri yoldur.<\/p>\n<p>(2) \u015eanghay \u0130\u015fbirli\u011fi \u00d6rg\u00fct\u00fc (\u015e\u0130\u00d6):26 Nisan 1996&#8217;da \u015eanghay&#8217;da toplanan be\u015f \u00fclkenin S\u0131n\u0131r B\u00f6lgelerinde Askeri G\u00fcvenin Derinle\u015ftirilmesi Anla\u015fmas\u0131&#8217;n\u0131n imzalanmas\u0131yla \u015eanghay Be\u015flisi (Rusya, \u00c7in,Kazakistan,Tacikistan,K\u0131rg\u0131z\u0131stan) kurulmu\u015f oldu&#8230; \u00d6zbekistan&#8217;\u0131n kat\u0131l\u0131m\u0131 ile \u00fcye say\u0131s\u0131 alt\u0131ya ula\u015ft\u0131 ve 2001 y\u0131l\u0131nda \u015e\u0130\u00d6&#8217;n\u00fcn kurulu\u015fu ile sonu\u00e7land\u0131.<\/p>\n<\/div>\n<\/div>\n<p>D\u00fcnya petrol \u00fcretim ve kullan\u0131m pazar\u0131n\u0131n yar\u0131s\u0131ndan fazlas\u0131n\u0131 elinde bulunduran ve Hindistan, \u0130ran, Mo\u011folistan ve Pakistan&#8217;\u0131n g\u00f6zlemci olarak bulundu\u011fu \u00f6rg\u00fct, ABD&#8217;ye kar\u015f\u0131 etkili bir kutup olu\u015fturmaktad\u0131r. D\u00f6nemin Rusya Devlet Ba\u015fkan\u0131 Putin, \u00f6rg\u00fct\u00fcn A\u011fustos 2007&#8217;deki Bi\u015fkek zirvesinde; \u201cTek kutuplu d\u00fcnya kabul edilemez\u201ddiyerek birli\u011finmisyonunu ifade etmi\u015ftir.<\/p>\n<p>\u00c7\u0131k\u0131\u015f noktas\u0131na bakt\u0131\u011f\u0131m\u0131zda; \u00fcye \u00fclkelerin s\u0131n\u0131r b\u00f6lgelerinde askeri g\u00fcvenli\u011fi sa\u011flamak gibi g\u00f6r\u00fcnse de, birincil amac\u0131n \u201cBat\u0131\u201dya kar\u015f\u0131 alternatif ve etkili blok olu\u015fturmak,ikincil amac\u0131n ise d\u00fcnya n\u00fcfusunun 1\/4&#8217;\u00fcn\u00fcn ya\u015fad\u0131\u011f\u0131 co\u011frafyada; en b\u00fcy\u00fck g\u00fcvenlik tehditleri olarak deklare ettikleri ter\u00f6r,ayr\u0131l\u0131k\u00e7\u0131l\u0131k ve a\u015f\u0131r\u0131c\u0131l\u0131kla m\u00fccadele ad\u0131 at\u0131nda, bu co\u011frafyada ya\u015fayan halk ve uygarl\u0131klar\u0131 dizginlemektir.<\/p>\n<p>ABD kar\u015f\u0131t\u0131 ilk ciddi ad\u0131m, 2005&#8217;te at\u0131lm\u0131\u015ft\u0131r. \u015e\u0130\u00d6 zirve toplant\u0131s\u0131nda, ABD&#8217;ye Orta Asya&#8217;daki askeri varl\u0131\u011f\u0131na son verme \u00e7a\u011fr\u0131s\u0131 yap\u0131lm\u0131\u015ft\u0131r.Bunun \u00fczerine, \u00d6zbekistan&#8217;daki ABD askerleri \u00fclkeyi terketmi\u015flerdir.<\/p>\n<p>A\u011fustos 2007&#8217;de \u015e\u0130\u00d6&#8217;ne \u00fcye alt\u0131 \u00fclke, Rusya&#8217;n\u0131n Ural Da\u011flar\u0131&#8217;nda \u201cBar\u0131\u015f Misyonu 2007\u201d ad\u0131yla ortak bir askeri tatbikat ger\u00e7ekle\u015ftirdi.<\/p>\n<p>T\u00fcrkiye 2012&#8217;de \u00f6rg\u00fcte \u201cdiyalog orta\u011f\u0131\u201d olarak kat\u0131ld\u0131. Kat\u0131l\u0131m sonras\u0131 karar\u0131 de\u011ferlendiren \u00c7in&#8217;deki akademisyenler ve Rus analistler, bu karar\u0131n hem \u015e\u0130\u00d6 hem de T\u00fcrkiye a\u00e7\u0131s\u0131ndan bir devrim niteli\u011finde oldu\u011funu belirttiler.<\/p>\n<p>Ekonominin h\u0131zla b\u00fcy\u00fcmesi \u00c7in Halk Cumhuriyeti&#8217;nin (\u00c7HC) petrole olanba\u011f\u0131ml\u0131l\u0131\u011f\u0131n\u0131 art\u0131rm\u0131\u015f; 1993 itibariyle \u00c7in&#8217;i petrol ithal eden \u00fclke konumuna getirmi\u015ftir.Basra K\u00f6rfezi b\u00f6lgesine ba\u011f\u0131ml\u0131l\u0131\u011f\u0131 azaltmak amac\u0131yla aray\u0131\u015flara giren CHC, \u00f6zellikle Rusya ve Kazakistan ile petrol boru hatt\u0131 konusunda bir dizi anla\u015fmaya imza atm\u0131\u015ft\u0131r.<\/p>\n<p><a href=\"https:\/\/www.google.com\/url?q=https:\/\/tr.wikipedia.org\/wiki\/%25C5%259Eanghay_%25C4%25B0%25C5%259Fbirli%25C4%259Fi_%25C3%2596rg%25C3%25BCt%25C3%25BC&amp;sa=D&amp;sntz=1&amp;usg=AFQjCNGbhCi4EP_DYZW7J5xeJoWVtv-W2w\" target=\"_blank\" rel=\"noopener noreferrer\">https:\/\/tr.wikipedia.org\/wiki\/%C5%9Eanghay_%C4%B0%C5%9Fbirli%C4%9Fi_%C3%96rg%C3%BCt%C3%BC<\/a><\/p>\n<p>(3)<a href=\"http:\/\/www.google.com\/url?q=http:\/\/l.facebook.com\/l.php?u%3Dhttp%253A%252F%252Fwww.pau.edu.tr%252Fzyilmaz%252Ftr%252Fsayfa%252Fkritik-gelismeler-ulkemizin-basini-fuze-gibi-dordurdu-artik-zamani-geldi%26h%3DaAQFarL7u%26s%3D1&amp;sa=D&amp;sntz=1&amp;usg=AFQjCNGEUE986Up7cbkwFI-A3g6IBBbmuA\" target=\"_blank\" rel=\"noopener noreferrer\">http:\/\/www.pau.edu.tr\/zyilmaz\/tr\/sayfa\/kritik-gelismeler-ulkemizin-basini-fuze-gibi-dordurdu-artik-zamani-geldi<\/a><\/p>\n<p>(4) 20 Temmuz&#8217;da; Uzm. Onba\u015f\u0131 M\u00fcsellim \u00dcnal, 22 Temmuz&#8217;da; Polis Memurlar\u0131 Okan Acar ve Feyyaz Yumu\u015fak, 23 Temmuz&#8217;da; AstsubayYal\u00e7\u0131n Nane, Polis Memuru Tansu Ayd\u0131n, 25 Temmuz&#8217;da; Ba\u015f\u00e7avu\u015f\u0130smail Yavuz, Uzman\u00e7avu\u015f Mehmet Ko\u00e7ak,26 Temmuz&#8217;da; Polis Memuru M.Fatih Sivri, 27 Temmuz&#8217;da; Binba\u015f\u0131 Arslan Kulaks\u0131z, 28 Temmuz&#8217;da; Uzman\u00e7avu\u015f Ziya Sarpkaya, 29 Temmuz&#8217;da; Polis Memuru Mehmet Uyar,30 Temmuz&#8217;da; \u00dcste\u011fmen \u0130brahim Tanr\u0131verdi, Onba\u015f\u0131 Hamza Y\u0131ld\u0131r\u0131m ve Er \u00d6mer Kaan Kandemir, 31 Temmuz&#8217;da; Polis Memuru \u0130sa \u0130pek,Polis Memuru Serdar Kazar ve 1 A\u011fustos 2015&#8217;te J.Uzm.\u00c7avu\u015f Ali G\u00f6k\u00e7e \u015fehit edilmi\u015flerdir.<\/p>\n<p><strong>\u201cB\u0130LM\u0130YORDUM\u201d MAZERET\u0130 KALMADI!..<\/strong><\/p>\n<p><a href=\"https:\/\/www.google.com\/url?q=https:\/\/www.facebook.com\/cemil.can.94009&amp;sa=D&amp;ust=1456753983817000&amp;usg=AFQjCNF9-8FQJLhHOGoNJ5Ojd0FrpsquBg\" target=\"_blank\" rel=\"noopener noreferrer\">CEMIL CAN<\/a>\u00b7\u00a0<a href=\"https:\/\/www.google.com\/url?q=https:\/\/www.facebook.com\/notes\/cemil-can\/bilmiyordum-mazereti-kalmadi\/581440238686012&amp;sa=D&amp;ust=1456753983817000&amp;usg=AFQjCNHDY1rVCIDUmIvgcUc3p6oKTBW21Q\" target=\"_blank\" rel=\"noopener noreferrer\">29 \u015eUBAT 2016 PAZARTESI<\/a><br \/>\nAKP&#8217;nin \u00a0Paralel Yap\u0131, cemaatlerin Cemaat, muhaliflerin \u201cF Tipi\u201d, kendilerinin Hizmet Hareketi, yarg\u0131 organlar\u0131n\u0131n ise Fetullah\u00e7\u0131 Ter\u00f6r \u00d6rg\u00fct\u00fc\u00a0olarak adland\u0131rd\u0131\u011f\u0131 \u00f6rg\u00fctlenme; \u00a0 23 \u015eubat 2016 g\u00fcn\u00fc bir hukuk metninde faaliyetleri esas al\u0131narak tarif\u00a0edilmi\u015ftir:<\/p>\n<div>\n<p>\u201c&#8230;yarg\u0131 i\u00e7inde\u00a0ge\u00e7mi\u015fte do\u011frudan bilinmeyen, ancak; sistemli bir \u015fekilde \u00f6rg\u00fctlenen, kamuoyunda; Paralel Yap\u0131, Cemaat, veya Fetullah\u00e7\u0131 Ter\u00f6r \u00d6rg\u00fct\u00fc\u00a0gibi isimlerle an\u0131lan bir olu\u015fumun\u00a0tahakk\u00fcm\u00fc alt\u0131na girdi\u011fi,<\/p>\n<p>kendilerinden olmayan herkesi\u00a0herhangi bir \u015fekilde, (M\u00fcfetti\u015f raporlar\u0131, sahte isimli ihbarlar, nereden geldi\u011fi belli olmayan bilgi notlar\u0131 gibi&#8230;) bertaraf\u00a0etmeye matuf davran\u0131\u015flar i\u00e7erisine girildi\u011fi, ayn\u0131 \u00f6rg\u00fctlenmenin\u00a0\u00f6zellikle 1980 y\u0131l\u0131n\u0131n ikinci yar\u0131s\u0131ndan ba\u015flamak \u00fczere; sistemli\u00a0bir \u015fekilde;emniyet te\u015fkilat\u0131 m\u00fclki idare amirli\u011fi\u00a0ve\u00a0T\u00fcrk Silahl\u0131 Kuvvetlerinde de yap\u0131ld\u0131\u011f\u0131, belli bir g\u00fcce eri\u015ftikleri\u00a0varsay\u0131m\u0131yla devlet i\u00e7inde kendilerine uygun bir d\u00fczen kurmak\u00a0amac\u0131yla; organize\u00a0bir \u015fekilde hareket edip,t\u00fcm\u00fcyle devleti y\u00f6netmeye\u00a0kalk\u0131\u015ft\u0131klar\u0131,<br \/>\n\u00f6zellikle; T\u00fcrk Silahl\u0131 Kuvvetleri i\u00e7inde, \u00e7o\u011funlu\u011fu kurmay subay ve general olan personelin,\u00a0ba\u015fka yerlerde yap\u0131lm\u0131\u015f sahte ihbar mektuplar\u0131 ile yine kendilerinin dijital ortamda kurgulad\u0131klar\u0131 delilleri sistemli bir \u015fekilde kulland\u0131klar\u0131,<\/p>\n<p>ordu mensubu gen\u00e7 te\u011fmenlerin cep telefonlar\u0131na y\u00fczlerce say\u0131labilecek kumpas niteli\u011finde\u00a0amaca y\u00f6nelik aleyhte kullan\u0131labilecek mesajlar g\u00f6nderdikleri, ve bunun ortaya \u00e7\u0131kmas\u0131 sonucu sehven\u00a0yap\u0131ld\u0131\u011f\u0131 gibi gerek\u00e7elerle ge\u00e7i\u015ftirildi\u011fi,<\/p>\n<p>keza; Balyoz\u00a0ve Ergenekon\u00a0davalar\u0131nda g\u00f6r\u00fcld\u00fc\u011f\u00fc gibi;\u00a0netice alma ama\u00e7l\u0131 olarak san\u0131klar taraf\u0131ndan g\u00f6m\u00fcld\u00fc\u011f\u00fc itibar\u0131n\u0131 yaratarak, bir k\u0131s\u0131m silahlar\u0131n bir yerlere g\u00f6m\u00fcl\u00fcp, g\u00fcya bulunmu\u015f\u00a0gibi i\u015flem yap\u0131p tutanaklar\u00a0tutuldu\u011fu,<\/p>\n<p>delillendirme\u00a0\u00e7abalar\u0131 i\u00e7inde kullan\u0131lan bilgisayarlardan kendilerinden olmayan ki\u015filere ait isimleri ge\u00e7en belgeleri, yine kendilerinden ve kendilerine yak\u0131n subay, astsubay ve personel vas\u0131tas\u0131yla, bir yerlere koyup delil bulduk \u015feklinde kumpaslara girdikleri,\u00a0kendilerinden olmayanlar\u0131 bertaraf edip, kendilerinden olanlar\u0131n \u00f6n\u00fcn\u00fc a\u00e7maya\u00a0y\u00f6nelik hareket i\u00e7inde bulunduklar\u0131, bu hususun DEVLET TARAFINDAN FARK ED\u0130LMES\u0130 \u00fczerine; bu yap\u0131 ile, sistemli\u00a0bir m\u00fccadeleye giri\u015fildi\u011fi de toplumun,kamunun ve yarg\u0131n\u0131n malumlar\u0131\u00a0olan husustur&#8230;\u201d (1)<\/p>\n<p>K\u0131saca FET\u00d6\u00a0de denilen Fetullah\u00e7\u0131 Ter\u00f6r \u00d6rg\u00fct\u00fcn\u00fc,\u00a0 \u0130zmir 11. A\u011f\u0131r Ceza Mahkemesi h\u00fckm\u00fcn\u00fcn gerek\u00e7esinde tan\u0131mlam\u0131\u015ft\u0131r.<br \/>\nYukar\u0131daki ifadelerde bana ait bir tek s\u00f6zc\u00fck yoktur.<\/p>\n<p>Kolay okunmas\u0131 i\u00e7in baz\u0131 c\u00fcmleleri ayr\u0131 sat\u0131rlara yazd\u0131m.<\/p>\n<p>Al\u0131nt\u0131 olan metin, Emniyet te\u015fkilat\u0131n\u0131 tamamen ele ge\u00e7irmek\u00a0amac\u0131yla, masa ba\u015f\u0131nda yaz\u0131lan senaryolara,sahte kan\u0131tlar\u00a0\u00fcreterek, \u00f6zel g\u00f6revli a\u011f\u0131r ceza mahkemesinde a\u00e7\u0131lm\u0131\u015f ve mahkumiyetle\u00a0sonu\u00e7lanm\u0131\u015f bir davan\u0131n,(2) Yarg\u0131tay 16. Ceza Dairesinde\u00a0bozulmas\u0131ndan sonra verilmi\u015f beraat\u00a0karar\u0131n\u0131n gerek\u00e7esinden al\u0131nt\u0131d\u0131r. (3)<\/p>\n<p>Emniyet te\u015fkilat\u0131nda \u00fcst d\u00fczey g\u00f6revlerde bulunan ba\u015far\u0131l\u0131 emniyet m\u00fcd\u00fcrleri Mustafa G\u00fclc\u00fc\u00a0ile Celal Uzunkaya\u00a0hakk\u0131nda a\u00e7\u0131lm\u0131\u015f olan davan\u0131n, beraatle sonu\u00e7lanmas\u0131, bir d\u00f6nemin kapand\u0131\u011f\u0131n\u0131n en \u00f6nemli kan\u0131t\u0131d\u0131r&#8230;<\/p>\n<p>Emniyette \u00fcst d\u00fczey g\u00f6revlerde bulunan \u00a0ve kumpaslarla hedef al\u0131nan di\u011fer emniyet m\u00fcd\u00fcrleri; Emin Arslan,Sabri Uzun\u00a0ve Hanefi Avc\u0131,\u00a0bu karardan habersiz olarak \u201cDevleti Tehdit Eden Ter\u00f6r Yap\u0131lanmalar\u0131\u201d panelinde benzer tespitleri yapm\u0131\u015flard\u0131r&#8230; (4)<\/p>\n<p>Hi\u00e7bir teredd\u00fct g\u00f6stermeden rahatl\u0131kla diyebiliriz ki; \u0130zmir 11. A\u011f\u0131r Ceza Mahkemesinin karar\u0131, ayn\u0131 zamanda, \u201cHizmet Hareketi\u201dnin bir ter\u00f6r \u00f6rg\u00fct\u00fc oldu\u011funun en \u00e7arp\u0131c\u0131 kan\u0131t\u0131d\u0131r&#8230;<\/p>\n<p>Bu \u00f6rg\u00fct\u00fcn finans kurulu\u015flar\u0131 ile propagandas\u0131n\u0131 yapan kurum ve kurulu\u015flar\u0131na kar\u015f\u0131 yap\u0131lacak operasyonlar\u0131, hukuka ayk\u0131r\u0131 eylemlermi\u015f gibi g\u00f6stererek destek vermek,ter\u00f6r \u00f6rg\u00fct\u00fcne destek vermek\u00a0ve ter\u00f6r \u00f6rg\u00fct\u00fcn\u00fc iyi g\u00f6stermek anlam\u0131na gelece\u011fine ku\u015fku yoktur.<\/p>\n<p>Dolay\u0131s\u0131yla bundan b\u00f6yle, \u201cF Tipi\u201dne kar\u015f\u0131 yap\u0131lacak operasyonlara, temel hak ve \u00f6zg\u00fcrl\u00fckleri savunmabahanesi\u00a0ile kol kanat gerenler, bu \u00f6rg\u00fcte\u00a0bilerek\u00a0veisteyerek\u00a0\u201cyard\u0131m\u00a0ve yatakl\u0131k\u201d su\u00e7unu i\u015fleyecekler vesu\u00e7u\u00a0ve su\u00e7luyu \u00f6vmekle\u00a0rahatl\u0131kla su\u00e7lanabileceklerdir.<\/p>\n<p>As\u0131l \u00f6nemlisi ise bundan b\u00f6yle, \u201cbilmiyordum\u201d mazeretinin arkas\u0131na saklanma olana\u011f\u0131n\u0131n, ortadan kalkm\u0131\u015f olmas\u0131d\u0131r&#8230;<\/p>\n<p>FET\u00d6&#8217;n\u00fc savunanlar i\u00e7in \u201cAldat\u0131ld\u0131m\u201d savunmas\u0131 da ge\u00e7erli olamayacakt\u0131r tabi.<\/p>\n<p>Zira ortada, kap\u0131 gibi mahkeme karar\u0131 bulunmaktad\u0131r&#8230;<\/p>\n<p>Cemil Can<br \/>\nD\u0130PNOTLAR:<\/p>\n<p>(1) \u0130zmir 11. A\u011f\u0131r Ceza Mahkemesinin 23.02.2016 tarih ve 2016\/69 Yeni Esas numaral\u0131 karar\u0131.<\/p>\n<p>(2) \u0130zmir 10 A\u011f\u0131r Ceza Mahkemesinin 11.04. 2013 tarih ve 2010\/78 E, 2013\/54 K say\u0131l\u0131 karar\u0131.<\/p>\n<p>(3) Yarg\u0131tay 16. Ceza Dairesi\u2019nin 28.12.2015 tarih ve E:2015\/185, K:2015\/5279 say\u0131l\u0131 karar\u0131.<\/p>\n<p>(4)<a href=\"https:\/\/www.google.com\/url?q=http:\/\/www.ulusalkanal.com.tr\/gundem\/emin-arslan-sabri-uzun-ve-hanefi-avci-f-tipi-orgutu-anlatti-h93072.html&amp;sa=D&amp;ust=1456753983843000&amp;usg=AFQjCNEnyZI2Iln12JT4aFTItmEHDHWX-g\" target=\"_blank\" rel=\"noopener noreferrer\">http:\/\/www.ulusalkanal.com.tr\/gundem\/emin-arslan-sabri-uzun-ve-hanefi-avci-f-tipi-orgutu-anlatti-h93072.html<\/a><\/p>\n<\/div>\n<p><a href=\"https:\/\/www.google.com\/url?q=https:\/\/www.facebook.com\/cemil.can.94009&amp;sa=D&amp;ust=1455462208594000&amp;usg=AFQjCNGjKilIC7Rx_gz06RwU8W33USuFTg\" target=\"_blank\" rel=\"noopener noreferrer\"><strong>POKER MASASI VE KAR\u015eI DEVR\u0130M\u200f \u00a0Cemil CAN<\/strong><br \/>\nCemil CAN<\/a>\u00b7 \u00a0<a href=\"https:\/\/www.google.com\/url?q=https:\/\/www.facebook.com\/notes\/cemil-can\/poker-masasi-ve-kar%25C5%259Fidevrim\/575849665911736&amp;sa=D&amp;ust=1455462208594000&amp;usg=AFQjCNGCUgaj7dNm7t3SFYl8sEudHODNAQ\" target=\"_blank\" rel=\"noopener noreferrer\">14 \u015eubat 2016 Pazar<\/a><\/p>\n<p>Dersimli Kemal Ahmet Hakan&#8217;\u0131n program\u0131nda:Davuto\u011flu partimizi ziyarete geldi\u011finde; kendisine sordum. H\u00fck\u00fcmetin hangi icraat\u0131na anayasan\u0131n hangi h\u00fckm\u00fc engel oluyor. Bana \u00f6yle bir madde yok dedi. Yook!..<a href=\"https:\/\/www.google.com\/url?q=http:\/\/l.facebook.com\/l.php?u%3Dhttp%253A%252F%252Ftv.cnnturk.com%252Ftv-cnn-turk%252Fprogramlar%252Ftarafsiz-bolge%252Fchp-lideri-kemal-kilicdaroglu-tarafsiz-bolgede%26h%3DvAQFWkS9v%26s%3D1&amp;sa=D&amp;ust=1455462208595000&amp;usg=AFQjCNGJnULinUXaZgEwkkVgyuCT2DyYSQ\" target=\"_blank\" rel=\"noopener noreferrer\">\u00a0<\/a><a href=\"https:\/\/www.google.com\/url?q=http:\/\/l.facebook.com\/l.php?u%3Dhttp%253A%252F%252Ftv.cnnturk.com%252Ftv-cnn-turk%252Fprogramlar%252Ftarafsiz-bolge%252Fchp-lideri-kemal-kilicdaroglu-tarafsiz-bolgede%26h%3DvAQFWkS9v%26s%3D1&amp;sa=D&amp;ust=1455462208596000&amp;usg=AFQjCNE5Z5ZRlUO9kv4J7Khxv1CR6ch9kg\" target=\"_blank\" rel=\"noopener noreferrer\">(1)<\/a><\/p>\n<p>9 \u015eubat 2016 Sal\u0131 g\u00fcn\u00fc yap\u0131lan grup toplant\u0131s\u0131nda da benzer s\u00f6zleri s\u00f6yledi&#8230;<a href=\"https:\/\/www.google.com\/url?q=https:\/\/www.facebook.com\/l.php?u%3Dhttps%253A%252F%252Fwww.youtube.com%252Fwatch%253Fv%253DLCCv7r4QziU%26h%3DPAQE1onnz%26s%3D1&amp;sa=D&amp;ust=1455462208597000&amp;usg=AFQjCNEWV7giEqSu9-1Z2vOyKT1PZdD1IQ\" target=\"_blank\" rel=\"noopener noreferrer\">\u00a0<\/a><a href=\"https:\/\/www.google.com\/url?q=https:\/\/www.facebook.com\/l.php?u%3Dhttps%253A%252F%252Fwww.youtube.com%252Fwatch%253Fv%253DLCCv7r4QziU%26h%3DPAQE1onnz%26s%3D1&amp;sa=D&amp;ust=1455462208597000&amp;usg=AFQjCNEWV7giEqSu9-1Z2vOyKT1PZdD1IQ\" target=\"_blank\" rel=\"noopener noreferrer\">(2)<\/a><\/p>\n<p>Davuto\u011flu gibi K\u0131l\u0131\u00e7daro\u011flu&#8217;na g\u00f6re de yeni bir anayasa yapmaya ihtiya\u00e7 yoktur.<\/p>\n<p>Bu do\u011fru tespitten sonra, bu defa da 180 derecelik bir d\u00f6n\u00fc\u015fle \u00e7ark ediyor; \u00f6zg\u00fcrl\u00fck\u00e7\u00fc bir anayasa yapmam\u0131z, darbe anayasas\u0131ndan kurtulmam\u0131z gerekiyor diyor!<\/p>\n<p>Hazret Anayasa Uzla\u015fma Komisyonu ad\u0131n\u0131 hatal\u0131 bulmu\u015f, bunun yerine \u201cT\u00fcrkiye&#8217;yi Darbe Hukukundan Ar\u0131nd\u0131rma Komisyonu\u201d kullan\u0131lmas\u0131 daha do\u011frudur diyor.<\/p>\n<p>Y-CHP, hem anayasa de\u011fi\u015fikli\u011fine ihtiya\u00e7 yok demekte, hem de i\u015fin i\u00e7erisinde&#8230;<\/p>\n<p>\u0130sim konusunda baya\u011f\u0131 \u0131srarc\u0131 olacakm\u0131\u015f!?..<\/p>\n<p>Bug\u00fcne kadar anayasa 17 kez de\u011fi\u015ftirildi.<\/p>\n<p>En esasl\u0131 de\u011fi\u015fiklikler, Ecevit&#8217;in ba\u015fbakanl\u0131\u011f\u0131 d\u00f6neminde, \u00a0AB&#8217;ye uyum yasalar\u0131 \u00e7\u0131kart\u0131l\u0131rken yap\u0131lm\u0131\u015ft\u0131.<\/p>\n<p>Daha sonra 2010 Anayasa Referandumu ile 12 Eyl\u00fcl hukukundan kalan di\u011fer maddeler de\u011fi\u015ftirildi.<\/p>\n<p>Yani anayasa ba\u015ftan aya\u011fa de\u011fi\u015ftirildi, \u201cdarbe anayasas\u0131\u201d s\u00f6z\u00fcn\u00fcn bir ge\u00e7erlili\u011fi yok&#8230;<\/p>\n<p>\u201cDarbe hukuku\u201dnu de\u011fi\u015ftirme s\u00f6ylemi dinlenebilir.<\/p>\n<p>Lakin o konunun yeri de \u201cAnayasa Uzla\u015fma Komisyonu\u201d de\u011fil.<\/p>\n<p>\u00c7\u00fcnk\u00fc, y\u00fczde 10 baraj\u0131,\u00a0Se\u00e7im Kanunu&#8217;ndaki bir h\u00fck\u00fcm ve yasa de\u011fi\u015fikli\u011fi ile \u00e7\u00f6z\u00fclebilir&#8230;<\/p>\n<p>Ayn\u0131 \u015fekilde Siyasi Partiler Yasas\u0131&#8217;ndaki, \u201clider sultas\u0131\u201dna ortam haz\u0131rlayan antidemokratik h\u00fck\u00fcmler de yasa de\u011fi\u015fikli\u011fi ile giderilebilecek aksakl\u0131klard\u0131r.<\/p>\n<p>Nedense ne iktidar ne muhalefet bu konuyu a\u011f\u0131zlar\u0131na almamaktad\u0131r&#8230;<\/p>\n<p>K\u0131l\u0131\u00e7daro\u011flu, arada bir bu konuya temas etmekte, fakat \u00e7\u00f6z\u00fcm yolunu Anayasa Uzla\u015fma Komisyonu olarak g\u00f6sterip, halk\u0131 yanl\u0131\u015f bilgilendirmektedir&#8230;<\/p>\n<p>Esasen yapt\u0131\u011f\u0131 i\u015f, bu komisyona ihtiya\u00e7 varm\u0131\u015financ\u0131n\u0131\u00a0yerle\u015ftirmektir!..<\/p>\n<p>\u00c7\u00fcnk\u00fc kurulan masa \u201cpoker masas\u0131\u201dndan farks\u0131z olmayacak!..<\/p>\n<p>Bu oyunu en iyi oynayan AKP&#8217;dir ve her zamanki gibi yine o kazanacak!<\/p>\n<p>Meclisin sil ba\u015ftan yeni bir anayasa yapma yetkisi bulunmamaktad\u0131r.<\/p>\n<p>Her \u015feyden \u00f6nce buna anayasan\u0131n kendisi engeldir.<\/p>\n<p>Bu konuda, \u0130stanbul Baro Ba\u015fkan\u0131\u00a0\u00dcmit Kocasakal, Tuncay Mollaveiso\u011flu ile yapt\u0131\u011f\u0131 programda \u00e7ok do\u011fru ve doyurucu a\u00e7\u0131klamalar yapt\u0131.<a href=\"https:\/\/www.google.com\/url?q=https:\/\/www.facebook.com\/l.php?u%3Dhttps%253A%252F%252Fwww.youtube.com%252Fwatch%253Fv%253DFuQGRIhRnqM%26h%3D6AQEVSOSB%26s%3D1&amp;sa=D&amp;ust=1455462208606000&amp;usg=AFQjCNEFOM_z5eXP5VlVrt_6gBP0mNDUuA\" target=\"_blank\" rel=\"noopener noreferrer\">\u00a0<\/a><a href=\"https:\/\/www.google.com\/url?q=https:\/\/www.facebook.com\/l.php?u%3Dhttps%253A%252F%252Fwww.youtube.com%252Fwatch%253Fv%253DFuQGRIhRnqM%26h%3D6AQEVSOSB%26s%3D1&amp;sa=D&amp;ust=1455462208606000&amp;usg=AFQjCNEFOM_z5eXP5VlVrt_6gBP0mNDUuA\" target=\"_blank\" rel=\"noopener noreferrer\">(3)<\/a><\/p>\n<p>*** *<\/p>\n<p>Hal b\u00f6yle iken, Y-CHP ile Y-MHP&#8217;nin \u201cyeni anayasa\u201d \u00a0i\u00e7in kraldan fazla kralc\u0131 olmalar\u0131 ne anlama gelmektedir?<\/p>\n<p>Muhalefet partileri, \u00a0Erdo\u011fan&#8217;\u0131n \u201cba\u015fkan\u201d olmak i\u00e7in yapt\u0131\u011f\u0131 hamleye neden alet edilmektedirler?<\/p>\n<p>Bu sorular\u0131n do\u011fru yan\u0131tlar\u0131n\u0131 bulabilmek i\u00e7in baz\u0131ger\u00e7ekleri\u00a0kabul etmek gerekiyor: 2002 y\u0131l\u0131nda iktidara gelen gerici g\u00fc\u00e7ler, 14 y\u0131ll\u0131k iktidarlar\u0131 boyunca, ad\u0131m ad\u0131mkar\u015f\u0131devrimi\u00a0ger\u00e7ekle\u015ftirdiler.<\/p>\n<p>S\u0131ra kar\u015f\u0131devrimin\u00a0hukukunu\u00a0yapmaya geldi!..<\/p>\n<p>AKP&#8217;nin hukuk d\u0131\u015f\u0131 icraatlar\u0131n\u0131 soru\u015fturulamaz\u00a0hale getirmek ve fiili duruma uygun hukuk\u00a0yapabilmek i\u00e7in, \u00a0yeni bir anayasaya ihtiyac\u0131 var!..<\/p>\n<p>Zor olan bir ger\u00e7e\u011fi daha kabul edelim:<\/p>\n<p>Y-CHP, kar\u015f\u0131devrimcilerin bu acil ihtiyac\u0131na \u00f6nc\u00fcl\u00fck yaparak,me\u015fruiyet zemini\u00a0olu\u015fturmakla g\u00f6revlidir!..<\/p>\n<p>Bu ger\u00e7e\u011fin bir ba\u015fka anlam\u0131 da; Y-CHP&#8217;nin kar\u015f\u0131devrimikabullendi\u011fi\u00a0ve s\u00fcrekli bir AKP iktidar\u0131nda, s\u00fcrekli muhalefette kalma konusunda anla\u015fmaya vard\u0131\u011f\u0131d\u0131r&#8230;<\/p>\n<p>*** *<\/p>\n<p>\u0130\u00e7i\u015fleri Bakan\u0131 Efkan Ala&#8217;n\u0131n \u201cBu Anayasay\u0131 tan\u0131m\u0131yoruz\u201d<a href=\"https:\/\/www.google.com\/url?q=http:\/\/l.facebook.com\/l.php?u%3Dhttp%253A%252F%252Fwww.hurriyet.com.tr%252Ficisleri-bakani-efkan-ala-anayasayi-tanimiyorum-28344069%26h%3DyAQH4aZeg%26s%3D1&amp;sa=D&amp;ust=1455462208612000&amp;usg=AFQjCNEd1QSIxqhqccotqtrlt_7Hz92yEQ\" target=\"_blank\" rel=\"noopener noreferrer\">\u00a0<\/a><a href=\"https:\/\/www.google.com\/url?q=http:\/\/l.facebook.com\/l.php?u%3Dhttp%253A%252F%252Fwww.hurriyet.com.tr%252Ficisleri-bakani-efkan-ala-anayasayi-tanimiyorum-28344069%26h%3DyAQH4aZeg%26s%3D1&amp;sa=D&amp;ust=1455462208613000&amp;usg=AFQjCNEcQhwnNS697fOz1tP3NGxZBEW8JQ\" target=\"_blank\" rel=\"noopener noreferrer\">(4)<\/a>\u00a0s\u00f6z\u00fc ile Cumhurba\u015fkan\u0131&#8217;n\u0131n kaymakamlara yapt\u0131\u011f\u0131, \u201cYeri geldi\u011fi zaman koyun mevzuat\u0131 bir kenara\u201d<a href=\"https:\/\/www.google.com\/url?q=https:\/\/www.facebook.com\/l.php?u%3Dhttps%253A%252F%252Fwww.youtube.com%252Fwatch%253Fv%253DxLDrFUQBNUQ%26h%3DGAQHWpTsD%26s%3D1&amp;sa=D&amp;ust=1455462208614000&amp;usg=AFQjCNGG_7sWbv9WPANd_0YUtGF2aGaBTw\" target=\"_blank\" rel=\"noopener noreferrer\">\u00a0<\/a><a href=\"https:\/\/www.google.com\/url?q=https:\/\/www.facebook.com\/l.php?u%3Dhttps%253A%252F%252Fwww.youtube.com%252Fwatch%253Fv%253DxLDrFUQBNUQ%26h%3DGAQHWpTsD%26s%3D1&amp;sa=D&amp;ust=1455462208614000&amp;usg=AFQjCNGG_7sWbv9WPANd_0YUtGF2aGaBTw\" target=\"_blank\" rel=\"noopener noreferrer\">(5)<\/a>\u00a0 \u00e7a\u011fr\u0131s\u0131, ne olup bitti\u011fini anlamak i\u00e7in yeterli olmal\u0131d\u0131r&#8230;<\/p>\n<p>Erdo\u011fan&#8217;\u0131n konu\u015fmas\u0131 i\u00e7erisinde ge\u00e7en \u201czihinsel ink\u0131lap\u201d ile daha \u00f6ncelerden AKP s\u00f6zc\u00fclerinin s\u00f6yledi\u011fi ve \u201csessiz devrim\u201d olarak tan\u0131mlad\u0131klar\u0131, bu kar\u015f\u0131devrim ger\u00e7e\u011fidir!..<\/p>\n<p>Sonu\u00e7 olarak \u015funu s\u00f6yleyebiliriz:<\/p>\n<p>AKP ad\u0131m ad\u0131m kar\u015f\u0131devrimi yap\u0131yor, hukuku ise fiili duruma daha sonradan uyduruyor!<\/p>\n<p>\u015eimdi s\u0131ra \u201cba\u015fkanl\u0131k sistemi\u201dne \u00a0ge\u00e7meye geldi.<\/p>\n<p>Fiilen ba\u015fkanl\u0131k sistemine ge\u00e7ildi zaten&#8230;<\/p>\n<p>Erdo\u011fan ba\u015fkan yetkilerinin t\u00fcm\u00fcn\u00fc kullanmaktad\u0131r.<\/p>\n<p>Eksik kalan, bu fiili duruma hukuku uydurmakt\u0131r sadece.<\/p>\n<p>Bunun i\u00e7in anayasa de\u011fi\u015fikli\u011fine ihtiya\u00e7 var.<\/p>\n<p>\u0130\u015fte AKP&#8217;nin duydu\u011fu bu acil ihtiya\u00e7, Dersimli Kemal ile Devlet Bah\u00e7eli taraf\u0131ndan giderilmektedir.<\/p>\n<p>Kemal&#8217;in bu konuda s\u00f6yledi\u011fi s\u00f6zlerin de\u011feri, kendi gibi be\u015f para etmez!<\/p>\n<p>Cumhuriyet d\u00fc\u015fman\u0131 oldu\u011funa en ufak bir ku\u015fku bulunmayan Dersimli Kemal, \u201cT\u00fcrkiye&#8217;yi Darbe Hukukundan Ar\u0131nd\u0131rma Komisyonu\u201d \u00a0ad\u0131n\u0131 \u00f6rt\u00fc\u00a0olarak kullanmaktad\u0131r.<\/p>\n<p>G\u00f6receksiniz; Cumhuriyet&#8217;i kuran \u00a0Cumhuriyet Halk Partisi&#8217;ne Atat\u00fcrk&#8217;\u00fcn Cumhuriyet&#8217;i y\u0131kt\u0131r\u0131lacakt\u0131r!<\/p>\n<p>Belli ki, muhalefet partilerinin genel ba\u015fkanlar\u0131 kendilerini o makamlara \u00a0getiren k\u00fcresel g\u00fc\u00e7lere diyet bor\u00e7lar\u0131n\u0131 \u00f6demektedirler&#8230;<\/p>\n<p>*** *<\/p>\n<p>Bu b\u00fcy\u00fck ihaneti perdelemek i\u00e7in ba\u015fka k\u00fc\u00e7\u00fck\u00a0oyunlar\u00a0da sergilenmektedir.<\/p>\n<p>Parti tabanlar\u0131n\u0131n hassas\u00a0oldu\u011fu konularda s\u00fcrekli g\u00fcndem de\u011fi\u015ftirilmektedir:<\/p>\n<p>Bu ihtiya\u00e7 Y-CHP&#8217;de Meclis&#8217;te Atat\u00fcrk posterinin indirilmesi ile giderilmi\u015ftir&#8230;<\/p>\n<p>Y-MHP de ise delegelerin kurultay\u0131 toplama iradesine\u00a0de\u011fer verilmeyerek, ak\u0131l almaz bir tart\u0131\u015fma ba\u015flat\u0131lm\u0131\u015ft\u0131r&#8230;<\/p>\n<p>Senaryolar Atlantik \u00a0\u00f6tesinde yaz\u0131lmaktad\u0131r&#8230;<\/p>\n<p>Zaman zaman Jeo Biden, \u0130stanbul&#8217;a kadar gelip, adamlar\u0131na ne yapmalar\u0131 gerekti\u011fini anlatmaktad\u0131r&#8230;<\/p>\n<p>Anla\u015f\u0131l\u0131yor ki, bu d\u00f6nem iktidar ve \u00a0muhalefet i\u015fbirli\u011fi yaparak, \u201cT\u00fcrk Milleti\u201dni Anayasadan \u00a0\u00e7\u0131kartmaya \u00e7al\u0131\u015facaklard\u0131r!<\/p>\n<p>Bu arada Dersimli&#8217;nin CHP iktidar\u0131nda mutlaka\u00a0getirece\u011fiz dedi\u011fi; \u201cYerel Y\u00f6netimler \u00d6zerklik \u015eart\u0131\u201d da anayasa h\u00fckm\u00fc haline getirilmi\u015f olacak!<\/p>\n<p>K\u00fcresel g\u00fc\u00e7lerin as\u0131l istedi\u011fi de\u011fi\u015fiklikler, kolayca ge\u00e7ecekler.<\/p>\n<p>G\u00f6r\u00fcld\u00fc\u011f\u00fc gibi; CHP iktidar de\u011fil ama, Y-CHP \u00a0iktidardad\u0131r!..<\/p>\n<p>Erdo\u011fan&#8217;\u0131n \u201cba\u015fkanl\u0131\u011f\u0131\u201d kar\u015f\u0131l\u0131\u011f\u0131nda, \u201cuniter devlet\u201din par\u00e7alanmas\u0131 ger\u00e7ekle\u015ftirilecektir&#8230;<\/p>\n<p>\u201cAnayasa Uzla\u015fma Komisyonu\u201dnda uzla\u015fma sa\u011flanamamas\u0131 \u00e7ok da \u00a0\u00f6nemli de\u011fildir.<\/p>\n<p>Uzla\u015fmazl\u0131k konular\u0131, nas\u0131lsa halkoyuna sunulacakt\u0131r&#8230;<\/p>\n<p>Meydanlara inildi\u011finde, halk\u0131 kimin \u00a0etkileyebilece\u011fi \u00a0ise bellidir!..<\/p>\n<p>Dersimli&#8217;nin \u00a0her se\u00e7imde tekrar ettiklerini yineleyece\u011fi s\u0131r de\u011fil.<\/p>\n<p>\u201cDiktat\u00f6r bozuntusu\u201d ile ba\u015flayaca\u011f\u0131 konu\u015fmalar\u0131n\u0131, 17\/25 Aral\u0131k Olaylar\u0131\u00a0ile s\u00fcsleyece\u011finden ad\u0131m gibi eminim.<\/p>\n<p>Onun bu g\u00fcvenilmez ki\u015fili\u011fi\u00a0nedeniyle, ge\u00e7mi\u015f se\u00e7imlerde oldu\u011fu gibi, bu inkar edilemez ger\u00e7ekler \u00a0bile yine \u201cz\u0131rva\u201d \u00a0i\u015flemi g\u00f6recektir&#8230;<\/p>\n<p>*** *<\/p>\n<p>\u00dclke g\u00fcndeminin birinci s\u0131ralar\u0131nda; toprak b\u00fct\u00fcnl\u00fc\u011f\u00fcm\u00fcz, g\u00fcvenli\u011fimiz, ter\u00f6r, m\u00fclteci ve ekonomi gibi yak\u0131c\u0131 sorunlar varken, \u201cyeni anayasa\u201d yapmaya kalk\u0131\u015fmak, gemi batarken restorantta keman \u00e7almaya benzemektedir&#8230;<\/p>\n<p>K\u00fcresel g\u00fc\u00e7lerin AKP&#8217;yi iktidara getirerek kar\u015f\u0131devrimi ger\u00e7ekle\u015ftirdiklerini kabul\u00a0etmek ise kolay de\u011fildir!<\/p>\n<p>\u00c7\u00fcnk\u00fc bu kabule g\u00f6re, gere\u011fini de yapmak gerekir.<\/p>\n<p>Devrimler ve kar\u015f\u0131devrimler \u00e7o\u011fu kez yavrular\u0131n\u0131 da yerler&#8230;<\/p>\n<p>G\u00fclenlerin, G\u00fcllerin, Ar\u0131n\u00e7lar\u0131n ve \u00c7eliklerin tasfiyesini bu kapsamda de\u011ferlendirmek gerekir&#8230;<\/p>\n<p>*** *<\/p>\n<p>Kar\u015f\u0131devrim ger\u00e7e\u011fini kabullendikten sonra, Cumhuriyet yanl\u0131lar\u0131n\u0131n birinci g\u00f6revi, kar\u015f\u0131devrimi durdurmak,\u00a0geriletmek\u00a0 ve yenmek\u00a0olarak kar\u015f\u0131m\u0131za gelir&#8230;<\/p>\n<p>\u0130\u015fte bu nokta, yurtseverli\u011fin test edilece\u011fi yerdir.<\/p>\n<p>Bu g\u00f6revleri yerine getirebilmek i\u00e7in; elimizdeki en etkili ara\u00e7lar siyasal partilerdir.<\/p>\n<p>Bu y\u00fczden i\u015fgal edilip ele ge\u00e7irilen; CHP ile MHP&#8217;nin, mutlaka i\u015fgalden kurtar\u0131lmas\u0131\u00a0gerekir&#8230;<\/p>\n<p>Bu iki partinin halka do\u011fru \u00f6nderlik yapmas\u0131 sa\u011flanmadan,u\u00e7uruma\u00a0do\u011fru olan bu gidi\u015f durdurulamaz!<\/p>\n<p>Ger\u00e7ek muhalefet olmadan, iktidarla ba\u015f etmek ise \u00a0kolay i\u015f de\u011fildir&#8230;<\/p>\n<p>D\u0130PNOTLAR:<\/p>\n<p>(1)<a href=\"https:\/\/www.google.com\/url?q=http:\/\/l.facebook.com\/l.php?u%3Dhttp%253A%252F%252Ftv.cnnturk.com%252Ftv-cnn-turk%252Fprogramlar%252Ftarafsiz-bolge%252Fchp-lideri-kemal-kilicdaroglu-tarafsiz-bolgede%26h%3D1AQE3k5et%26s%3D1&amp;sa=D&amp;ust=1455462208634000&amp;usg=AFQjCNH8VOdjXt7Rh8srDAB70bn6EiXvEQ\" target=\"_blank\" rel=\"noopener noreferrer\">http:\/\/tv.cnnturk.com\/tv-cnn-turk\/programlar\/tarafsiz-bolge\/chp-lideri-kemal-kilicdaroglu-tarafsiz-bolgede<\/a><\/p>\n<p>(2)<a href=\"https:\/\/www.google.com\/url?q=https:\/\/www.youtube.com\/watch?v%3DLCCv7r4QziU&amp;sa=D&amp;ust=1455462208635000&amp;usg=AFQjCNFCI9X1_BHhvyqBxb_aqRD24DuoPQ\" target=\"_blank\" rel=\"noopener noreferrer\">\u00a0<\/a><a href=\"https:\/\/www.google.com\/url?q=https:\/\/www.youtube.com\/watch?v%3DLCCv7r4QziU&amp;sa=D&amp;ust=1455462208636000&amp;usg=AFQjCNHg1WHG5S-l3-D4RGRtF-0AV237WA\" target=\"_blank\" rel=\"noopener noreferrer\">https:\/\/www.youtube.com\/watch?v=LCCv7r4QziU<\/a><\/p>\n<p>(3)<a href=\"https:\/\/www.google.com\/url?q=https:\/\/www.youtube.com\/watch?v%3DFuQGRIhRnqM&amp;sa=D&amp;ust=1455462208636000&amp;usg=AFQjCNHh06DdAEqNYngzAK5L9udtljY2xA\" target=\"_blank\" rel=\"noopener noreferrer\">\u00a0<\/a><a href=\"https:\/\/www.google.com\/url?q=https:\/\/www.youtube.com\/watch?v%3DFuQGRIhRnqM&amp;sa=D&amp;ust=1455462208636000&amp;usg=AFQjCNHh06DdAEqNYngzAK5L9udtljY2xA\" target=\"_blank\" rel=\"noopener noreferrer\">https:\/\/www.youtube.com\/watch?v=FuQGRIhRnqM<\/a><\/p>\n<p>(4)<a href=\"https:\/\/www.google.com\/url?q=http:\/\/www.hurriyet.com.tr\/icisleri-bakani-efkan-ala-anayasayi-tanimiyorum-28344069&amp;sa=D&amp;ust=1455462208637000&amp;usg=AFQjCNEvA6cfyJ7Pzzm6-aIBdRCFBA5XIQ\" target=\"_blank\" rel=\"noopener noreferrer\">http:\/\/www.hurriyet.com.tr\/icisleri-bakani-efkan-ala-anayasayi-tanimiyorum-28344069<\/a><\/p>\n<p>(5)<a href=\"https:\/\/www.google.com\/url?q=https:\/\/www.youtube.com\/watch?v%3DxLDrFUQBNUQ&amp;sa=D&amp;ust=1455462208638000&amp;usg=AFQjCNE2VmPCrjspaIj8_69zN4O23fQFSg\" target=\"_blank\" rel=\"noopener noreferrer\">\u00a0<\/a><a href=\"https:\/\/www.google.com\/url?q=https:\/\/www.youtube.com\/watch?v%3DxLDrFUQBNUQ&amp;sa=D&amp;ust=1455462208638000&amp;usg=AFQjCNE2VmPCrjspaIj8_69zN4O23fQFSg\" target=\"_blank\" rel=\"noopener noreferrer\">https:\/\/www.youtube.com\/watch?v=xLDrFUQBNUQ<\/a><\/p>\n<p>BEYAZ SARAY&#8217;IN SAVA\u015eI!..<\/p>\n<p><a href=\"https:\/\/www.google.com\/url?q=https:\/\/www.facebook.com\/cemil.can.94009&amp;sa=D&amp;ust=1453655857201000&amp;usg=AFQjCNEFQZXDUF_DIUPEXU_Z4rdLPN43yA\" target=\"_blank\" rel=\"noopener noreferrer\">Cemil Can<\/a>\u00b7\u00a0<a href=\"https:\/\/www.google.com\/url?q=https:\/\/www.facebook.com\/notes\/cemil-can\/beyaz-sarayin-sava%25C5%259Fi\/567791796717523&amp;sa=D&amp;ust=1453655857202000&amp;usg=AFQjCNHmQ0DoXydDkh_DHnSOBf2hW0flsQ\" target=\"_blank\" rel=\"noopener noreferrer\">24 OCAK 2016 \u00a0 P<\/a>azar<\/p>\n<p>PKK \u015fehir sava\u015flar\u0131nda k\u00f6\u015feye s\u0131k\u0131\u015f\u0131nca, ABD Ba\u015fkan Yard\u0131mc\u0131s\u0131 Joe Biden imdada yeti\u015fti&#8230;<\/p>\n<p>Hazret, sanki s\u00f6m\u00fcrge valisi gibi, gelir gelmez yuvarlak masaya kurdu: \u0130lk i\u015f olarak iktidar ve muhalefet partilerinin \u201ca\u00e7\u0131l\u0131mc\u0131\u201d milletvekillerini \u00e7a\u011f\u0131rd\u0131&#8230;<\/p>\n<p>CHP&#8217;den; Sezgin Tanr\u0131kulu, Fikri Sa\u011flar, AKP&#8217;den; Galip Ensario\u011flu ve Orhan Miro\u011flu, HDP&#8217;den; Leyla Zana ile Ayhan Bilgen \u0130stanbul&#8217;a ko\u015ftular&#8230;<\/p>\n<p>MHP&#8217;nin duru\u015fu bu defa iyiydi, toplant\u0131ya kat\u0131lmad\u0131lar&#8230;<\/p>\n<p>Biden, ikinci i\u015f olarak PKK&#8217;ya destek verenakademisyenlere\u00a0sahip \u00e7\u0131kt\u0131&#8230;<\/p>\n<p>Ard\u0131ndan \u0130kinci Cumhuriyet\u00e7ileri de unutmad\u0131 tabi.<\/p>\n<p>Can D\u00fcndar&#8217;\u0131n o\u011flu \u00fczerinden, Silivri&#8217;ye destek mesaj\u0131 g\u00f6nderdi: \u201c\u00c7ok cesur bir baban var, onunla gurur duymal\u0131s\u0131n\u201d dedi&#8230;<\/p>\n<p>G\u00fcvenlik kuvvetlerimizi uyarmay\u0131 da ihmal etmedi.<\/p>\n<p>PKK&#8217;ya kar\u015f\u0131 yap\u0131lan operasyonlarda, \u201cSivillere zarar verilmemeli\u201d dedi&#8230;<\/p>\n<p>Mesaj\u0131 alan PKK militanlar\u0131, do\u011frudan sivillere ate\u015f\u00a0a\u00e7maya ba\u015flad\u0131lar.<\/p>\n<p>Karne almak i\u00e7in okulun bah\u00e7esinde toplanan \u00e7ocuklar\u0131n \u00fczerine bomba att\u0131lar&#8230;<\/p>\n<p>Hainlerin patronu ve ak\u0131l hocalar\u0131 geldi ya moral buldular.<\/p>\n<p>Ak\u0131llar\u0131nca T\u00fcrkiye&#8217;nin ter\u00f6rle m\u00fccadelesine uluslararas\u0131 kurulu\u015flar\u0131n m\u00fcdahil\u00a0olmas\u0131n\u0131 sa\u011flayacaklar!..<\/p>\n<p>Biden Obama&#8217;n\u0131n verdi\u011fi g\u00f6revi yerine getiriyor.<\/p>\n<p>PKK&#8217;n\u0131n Suriye kolu PYD&#8217;nin ter\u00f6r \u00f6rg\u00fct\u00fcolmad\u0131\u011f\u0131n\u0131\u00a0T\u00fcrkiye&#8217;ye kabul ettirmeye \u00e7al\u0131\u015f\u0131yor&#8230;<\/p>\n<p>Ortado\u011fu&#8217;daki karag\u00fcc\u00fc\u00a0olmay\u0131 kabullendikten sonra, ABD, \u00a0PKK&#8217;ya yapt\u0131\u011f\u0131 askeri yard\u0131mlar\u0131n niteli\u011fini de y\u00fckseltti&#8230; PKK&#8217;n\u0131n silah depolar\u0131nda, ABD yap\u0131m\u0131 \u0130nsans\u0131z Hava Ara\u00e7lar\u0131 (\u0130HA) var&#8230;<\/p>\n<p>\u0130ncirlik \u00dcss\u00fc&#8217;nden Suriye&#8217;deki ter\u00f6r \u00f6rg\u00fctlerine g\u00f6nderilen, silah monte edilmi\u015f kamyonetlerin\u00a0foto\u011fraflar\u0131, Pentagon&#8217;un resmi sitesini s\u00fcsl\u00fcyor.<\/p>\n<p>PYD&#8217;nin askeri kanad\u0131 YPG de Suriye&#8217;de ayn\u0131\u00a0kamyonetleri kullan\u0131yor&#8230;<\/p>\n<p>Bu ara ABD askerleri, ter\u00f6r \u00f6rg\u00fct\u00fcn\u00fcn mevzilerinde g\u00f6rev icra ediyor ve \u00a0art\u0131k gizlenmiyorlar&#8230;<\/p>\n<p>Ter\u00f6ristlerle birlikte \u00e7ekilen g\u00f6r\u00fcnt\u00fcleri\u00a0elden ele dola\u015f\u0131yor&#8230;<\/p>\n<p>ABD&#8217;nin t\u00fcm bu haz\u0131rl\u0131klar\u0131na ra\u011fmen Davuto\u011flu, ABD ile ters d\u00fc\u015ft\u00fc: Biden&#8217;e \u00a0ra\u011fmen, \u0131srarla PYD&#8217;nin ter\u00f6r \u00f6rg\u00fct\u00fc oldu\u011funu s\u00f6yledi.<\/p>\n<p>Biden, Davuto\u011flu ile g\u00f6r\u00fc\u015ft\u00fckten sonra yap\u0131lan ortak a\u00e7\u0131klamada, PYD&#8217;yi a\u011fz\u0131na alamad\u0131 tabi&#8230;<\/p>\n<p>Davuto\u011flu da ayn\u0131 \u015fekilde davrand\u0131&#8230;<\/p>\n<p>Fakat PYD&#8217;nin silahl\u0131 kanad\u0131 YPG&#8217;nin ter\u00f6r \u00f6rg\u00fct\u00fc oldu\u011funu s\u00f6ylemeye devam etti.<\/p>\n<p>Dik durduktan sonra, e\u011filen kar\u015f\u0131 taraf oluyor&#8230;<\/p>\n<p>Biraz da diplomatik nezaket bunu gerektirdi denebilir&#8230;<\/p>\n<p>Hi\u00e7bir yoruma ihtiya\u00e7 duyulmadan, rahatl\u0131kla s\u00f6yleyebiliriz: Do\u011fu ve G\u00fcneydo\u011fu&#8217;da PKK&#8217;n\u0131n vekaleten y\u00fcr\u00fctt\u00fc\u011f\u00fc sava\u015f\u0131n ger\u00e7ek taraf\u0131 ABD&#8217;dir&#8230;<\/p>\n<p>Yani bu sava\u015f Saray&#8217;\u0131n de\u011fil, Beyaz Saray&#8217;\u0131n sava\u015f\u0131d\u0131r&#8230;<\/p>\n<p>Saflar, bu ger\u00e7e\u011fe g\u00f6re belirlenecek&#8230;<\/p>\n<p>*** *** ***<\/p>\n<p>Geldi\u011fimiz bu noktadan, biraz geriye do\u011fru gidip, CHP&#8217;nin 35. Kurultay\u0131&#8217;nda a\u00e7\u0131klanan Sonu\u00e7 Bildirgesi&#8217;ne bir kez daha g\u00f6z atal\u0131m derim.<\/p>\n<p>Dersimli Kemal&#8217;in Cumhurba\u015fkan\u0131 se\u00e7ildikten sonra,muhatap almayaca\u011f\u0131n\u0131\u00a0s\u00f6yledi\u011fi R. Tayyip Erdo\u011fan&#8217;\u0131, \u00fcstelik de kurultay\u0131n bir numaral\u0131 g\u00fcndem maddesi haline getirip, tahrik edici bir usl\u00fcpla ele\u015ftirmesi s\u0131radan bir olay de\u011fildir&#8230;<\/p>\n<p>K\u0131l\u0131\u00e7daro\u011flu, \u201cDiktat\u00f6r bozuntusu\u201d dedi\u011fi Erdo\u011fan&#8217;dan, kat kat fazlas\u0131yla yan\u0131t alaca\u011f\u0131n\u0131 Allah&#8217;\u0131 bir bilir gibi biliyordu&#8230;<\/p>\n<p>Zaten arad\u0131\u011f\u0131 da buydu.<\/p>\n<p>Diktat\u00f6r nitelemesi \u00fczerine Erdo\u011fan&#8217;\u0131n; tek parti d\u00f6nemine sald\u0131raca\u011f\u0131, \u0130smet Pa\u015fa&#8217;y\u0131 fa\u015fist ilan edece\u011fi, Atat\u00fcrk ve \u0130n\u00f6n\u00fc&#8217;y\u00fc Dersim&#8217;de katliam yapmakla su\u00e7layaca\u011f\u0131 kesindi.<\/p>\n<p>\u0130lk defa ya\u015fanan bir durum da de\u011fildi&#8230;<\/p>\n<p>B\u00f6ylece Dersimli Kemal&#8217;in \u015fi\u015fi inecekti; 1930&#8217;lu, 40&#8217;l\u0131 y\u0131llar\u0131n CHP&#8217;sinin, Atat\u00fcrk ve \u0130smet Pa\u015fa ile \u00a0birlikte itibars\u0131zla\u015ft\u0131r\u0131lmas\u0131n\u0131 sa\u011flayacakt\u0131&#8230;<\/p>\n<p>\u201cYeni CHP\u201dye hakl\u0131l\u0131k ve ihtiya\u00e7 zemini de haz\u0131rlanm\u0131\u015f olacakt\u0131&#8230;<\/p>\n<p>Ayn\u0131 zamanda, kendi yapamad\u0131\u011f\u0131 itibars\u0131zla\u015ft\u0131rmay\u0131, iktidara yapt\u0131rarak bir ta\u015fla iki ku\u015f vurmu\u015f olacakt\u0131&#8230;<\/p>\n<p>Ayr\u0131ca bug\u00fcne kadar kaybedilen se\u00e7imlerin sorumlusunun kim oldu\u011fu da tart\u0131\u015f\u0131lmayacakt\u0131&#8230;<\/p>\n<p>Bu tespitin abart\u0131l\u0131 oldu\u011funu s\u00f6yleyenler varsa, \u00a0\u015fu soruya yan\u0131t vermelerini bekliyorum: Bu olaydan sonra AKP kanad\u0131ndan CHP&#8217;ye do\u011fru yap\u0131lan a\u011f\u0131r ve haks\u0131z ele\u015ftirilere kar\u015f\u0131 K\u0131l\u0131\u00e7daro\u011flu, \u00a0CHP Genel Ba\u015fkan\u0131 s\u0131fat\u0131 ile bir tek c\u00fcmle s\u00f6ylemi\u015f midir?<\/p>\n<p>Bayku\u015f gibi her konuda kulaklar\u0131n\u0131 diken parti s\u00f6zc\u00fcs\u00fc Haluk Ko\u00e7, neden kay\u0131plara kar\u0131\u015f\u0131p evine gitmi\u015ftir&#8230;<\/p>\n<p>Her konuya maydanoz olan Genel Sekreter G\u00fcrsel Tekin ise, dut yemi\u015f b\u00fclb\u00fcle d\u00f6nm\u00fc\u015ft\u00fcr&#8230;<\/p>\n<p>Ne yaz\u0131k ki, \u0130n\u00f6n\u00fc ailesinden de di\u015fe dokunur bir tepki gelmemi\u015ftir&#8230;<\/p>\n<p>As\u0131l \u00f6nemli olan, kamuoyunun g\u00f6z\u00fcnden ka\u00e7\u0131r\u0131lan \u00a0Sonu\u00e7 Bildirgesi&#8217;ndeki ihanet olmu\u015ftur&#8230;<\/p>\n<p>Kullan\u0131lma s\u00fcresinin son g\u00fcn\u00fcnde Murat Karayal\u00e7\u0131n, o g\u00fcr\u00fclt\u00fc pat\u0131rt\u0131 aras\u0131nda Sonu\u00e7 Bildirgesi&#8217;ni karambole getirerek, \u201coybirli\u011fi\u201d ile ge\u00e7irmi\u015ftir!<\/p>\n<p>Hi\u00e7 ku\u015fku yok ki, tarih baba bu yap\u0131lanlara kay\u0131ts\u0131z kalmayacakt\u0131r.<\/p>\n<p>O me\u015fhur Sonu\u00e7 Bildirgesi&#8217;nde neler vard\u0131:<a href=\"https:\/\/www.google.com\/url?q=https:\/\/www.facebook.com\/l.php?u%3Dhttps%253A%252F%252Fwww.chp.org.tr%252FHaberler%252F11%252F35-olagan-kurultay-sonuc-bildirgesi-11848.aspx%26h%3DfAQG0g1xV%26s%3D1&amp;sa=D&amp;ust=1453655857224000&amp;usg=AFQjCNEO1VdR7NudZNZBbyuN-S2q-qJp9A\" target=\"_blank\" rel=\"noopener noreferrer\">(1)<\/a>\u00a0AKP&#8217;nin program\u0131nda yer alan ve her se\u00e7im bildirgesinde tekrar edilen \u201c\u00d6zg\u00fcrl\u00fck\u00e7\u00fc Demokrasi\u201d, CHP&#8217;nin de \u00f6nceli\u011fi\u00a0olarak kabul edilip, \u00a0T\u00fcrkiye&#8217;nin birinci ihtiyac\u0131\u00a0ve \u201cD\u00f6rd\u00fcnc\u00fc \u00a0Devrim\u201din ana hedefi olarak ilan edildi&#8230;<\/p>\n<p>AKP&#8217;nin, icraatlar\u0131na verdi\u011fi isimle, yapt\u0131klar\u0131n\u0131nters\u00a0oldu\u011funu bilmeyen yoktur.<\/p>\n<p>Ad\u0131n\u0131n \u201c\u00d6zg\u00fcrl\u00fck\u00e7\u00fc Demokrasi\u201d oldu\u011funa aldanmamak gerekir, Erdo\u011fan&#8217;\u0131n ger\u00e7ekten istedi\u011fi totaliter\u00a0bir rejimdir&#8230;<\/p>\n<p>Y-CHP de T\u00fcrkiye&#8217;yi i\u00e7inde bulundu\u011fu \u00e7\u0131kmazdan kurtaracak tek yolu \u201c\u00d6zg\u00fcrl\u00fck\u00e7\u00fc Demokrasi\u201d olarak g\u00f6sterdi&#8230;<\/p>\n<p>\u0130yi mi?<\/p>\n<p>Belli oldu ki, \u201cBa\u015fkanl\u0131k Sistemi\u201dne giden yolda, bu isimlendirme ile anayasa de\u011fi\u015fikli\u011fi yap\u0131lacak Y-CHP de kendi talebinin gere\u011fini yap\u0131yormu\u015f gibi bu i\u015fin i\u00e7erisinde aktif olarak rol alacakt\u0131r&#8230;<\/p>\n<p>Bu noktada, Y-CHP ile AKP&#8217;nin birle\u015fti\u011fini s\u00f6ylemekte bir yanl\u0131\u015fl\u0131k bulunmamaktad\u0131r&#8230;<\/p>\n<p>Bildirge ile \u201cYerel Y\u00f6netimler \u00d6zerklik \u015eart\u0131\u201d \u00fczerindeki\u015ferhlerin kald\u0131r\u0131lmas\u0131, hedef olarak CHP&#8217;nin \u00f6n\u00fcne kondu.<\/p>\n<p>B\u00f6ylece PKK\/HDP&#8217;nin \u201c\u00f6zy\u00f6netim\u201d ve \u201c\u00f6zerklik\u201d taleplerinin \u00f6n\u00fcndeki hukuki engellerin kald\u0131r\u0131lmas\u0131 talepleri de CHP&#8217;nin talebi olarak bildirgesiyle yans\u0131t\u0131ld\u0131&#8230;<\/p>\n<p>Bu anlamda da Y-CHP ile HDP&#8217;nin birle\u015fti\u011fini\u00a0s\u00f6ylemekte hatal\u0131 olmayacakt\u0131r&#8230;<\/p>\n<p>Ter\u00f6r sorunu, sonu\u00e7 bildirgesinde \u201cK\u00fcrt sorunu\u201d olarak kabul edilmi\u015f ve silahla \u00e7\u00f6z\u00fclemeyece\u011fine vurgu yap\u0131larak, PKK&#8217;ya kar\u015f\u0131 yap\u0131lan operasyonlar\u0131n gereksiz oldu\u011fu vurgulan\u0131p, ger\u00e7ekte \u201cbozgunculuk\u201d yap\u0131lmaktad\u0131r&#8230;<\/p>\n<p>\u201cDiktat\u00f6r bozuntusu\u201d s\u00f6zleri ile ba\u015flat\u0131lan tart\u0131\u015fman\u0131n halk\u0131n g\u00f6z\u00fcnden ka\u00e7\u0131rd\u0131\u011f\u0131 temel konular bunlard\u0131r i\u015fte&#8230;<\/p>\n<p>*** *** ***<\/p>\n<p>Bundan b\u00f6yle, k\u00f6kl\u00fc de\u011fi\u015fikliklerde ABD&#8217;nin talimat\u0131 ile ayn\u0131 rotaya giren iktidar ile ana muhalefeti kara g\u00fcc\u00fc olan \u00a0HDP de her ko\u015fulda destekleyecektir&#8230;<\/p>\n<p>E\u015f Genel Ba\u015fkan Selahattin Demirta\u015f, Do\u011fu&#8217;daki \u015fehir sava\u015flar\u0131ndan memnun gibidir.<\/p>\n<p>Bir tek sivil hedeflerin vurulmamas\u0131 i\u00e7in uyar\u0131da bulunuyor: \u201cBu sivil hedefler\u00a0konusunda kesinlikle herkesin \u00e7ok sert bir \u015fekilde toplumdan ele\u015ftiri alaca\u011f\u0131n\u0131\u00a0g\u00f6rmesi gerekiyor\u201d demi\u015f&#8230;<\/p>\n<p>Askeri hedeflere at\u0131\u015f serbest anlam\u0131na gelen bu a\u00e7\u0131klamadan sonra, bildiriye imza atan akademisyenlere, bu t\u00fcr s\u00f6zler \u201cd\u00fc\u015f\u00fcnceyi ifade etmek \u00f6zg\u00fcrl\u00fc\u011f\u00fc\u201d kapsam\u0131nda m\u0131d\u0131r diye sormak gerekir.<\/p>\n<p>Yakalanan suikast silahlar\u0131, el bombalar\u0131 ve roketatarlar\u0131 g\u00f6rmezden gelen akademisyenlere, \u201cayd\u0131n\u201d denilebilir \u00a0mi?<\/p>\n<p>PKK&#8217;n\u0131n \u201cSilahl\u0131 Kad\u0131n Kollar\u0131\u201d KJK, \u201cAkademisyenlerin duru\u015fu sahiplenilmeli\u201d \u00a0diyerek, aralar\u0131ndaki ili\u015fkiyi a\u00e7\u0131k etti.<\/p>\n<p>PKK&#8217;n\u0131n \u00fcniversitelerdeki kollar\u0131 olan bu ki\u015fileri, ne yaz\u0131k ki, \u00a0Y-CHP de 35. Kurultay&#8217;da sahiplendi&#8230;<\/p>\n<p>Demirta\u015f, \u201c\u00d6zerklik Bildirgesi\u201dnde \u015funlar\u0131 s\u00f6ylemi\u015fti: \u00a0 \u201cBu direni\u015f zaferle sonu\u00e7lanacak, herkes halk\u0131n iradesine sayg\u0131 duyacak. K\u00fcrtler art\u0131k kendi co\u011frafyas\u0131nda siyasi irade olacak. Belki K\u00fcrtlerin ba\u011f\u0131ms\u0131z devleti\u00a0de olacak, federal devleti de, kantonlar\u0131 da \u00f6zerk b\u00f6lgeleri de&#8230;\u201d<\/p>\n<p>Toprak b\u00fct\u00fcnl\u00fc\u011f\u00fcm\u00fcz\u00fc hedef alan ve topraklar\u0131m\u0131z \u00fczerinde ayr\u0131 bir devlet kurulmas\u0131n\u0131 hedefleyen bu s\u00f6zler, d\u00fc\u015f\u00fcnceyi ifade etme \u00f6zg\u00fcrl\u00fc\u011f\u00fc kapsam\u0131nda de\u011ferlendirilebilir mi?<\/p>\n<p>Ter\u00f6r \u00f6rg\u00fct\u00fcn\u00fc \u00f6vme, ter\u00f6r \u00f6rg\u00fct\u00fcne yard\u0131m ve yatakl\u0131k etme \u00a0ile su\u00e7u ve su\u00e7luyu \u00f6vme \u015feklindeki su\u00e7lar, bu aralar PKK ve sevicileri taraf\u0131ndan \u00a0a\u00e7\u0131k\u00e7a i\u015flenmektedir&#8230;<\/p>\n<p>DTK E\u015f Ba\u015fkan\u0131\u00a0Hatip Dicle, se\u00e7imlerden \u00f6nce AKP&#8217;nin Anayasa Uzla\u015fma Komisyonu masas\u0131ndan kalkmas\u0131n\u0131 Cumhuriyet gazetesine \u015f\u00f6yle de\u011ferlendirdi: \u201cMasan\u0131n devrilmesinde esas mesele, Rojova&#8217;daki geli\u015fmelerdi. Tel Abyad&#8217;\u0131n al\u0131nmas\u0131, iki kantonun birle\u015fmesi&#8230; Devletin temel korkusu, &#8216;PKK Amerika&#8217;yla anla\u015ft\u0131. Benim g\u00fcneyimde koridor kuracaklar. Bu benim i\u00e7in tehdittir&#8217; oldu.\u201d<\/p>\n<p>Dicle tehdit kusmaya devam ediyor:<\/p>\n<p>\u201dK\u0131r gerillas\u0131\u00a0\u015fu an devreye girmemi\u015ftir. \u015eu iki, \u00fc\u00e7 ay\u0131, karlar\u0131n erimesini bekliyorlar. O s\u00fcrece dek ad\u0131m at\u0131lmazsa ve s\u00fcre\u00e7 b\u00f6yle devam ederse baharla birlikte sava\u015f\u00a0o zaman boyutlan\u0131r.\u201d<\/p>\n<p>Dersimli Kemal&#8217;e g\u00f6re bu beyanlar da d\u00fc\u015f\u00fcnce a\u00e7\u0131klamas\u0131d\u0131r!..<\/p>\n<p>Mesut Barzani,\u00a0The Guardian gazetesine verdi\u011fi r\u00f6portajda: \u201d Eskiden T\u00fcrkiye&#8217;de &#8216;K\u00fcrdistan&#8217; ve &#8216;K\u00fcrt&#8217; kelimeleri yasakt\u0131, ancak bir ay evvel bu \u00fclkeye gitti\u011fimde,Cumhurba\u015fkanl\u0131\u011f\u0131 Saray\u0131&#8217;na \u00a0K\u00fcrdistan bayra\u011f\u0131 \u00e7ekildi\u201d dedi&#8230; Sykes-Picot Antla\u015fmas\u0131n\u0131n ge\u00e7erlili\u011fini yitirdi\u011fini savunan Barzani, K\u00fcrtlerin ba\u011f\u0131ms\u0131zl\u0131\u011fa\u00a0 \u00a0hi\u00e7 olmad\u0131klar\u0131 kadar yak\u0131n olduklar\u0131n\u0131 iddia etti&#8230;<\/p>\n<p>HDP E\u015f Genel Ba\u015fkan Yard\u0131mc\u0131lar\u0131; Nazmi G\u00fcr ve Meral Dan\u0131\u015f Pekta\u015f, Cenevre&#8217;de bulunan Birle\u015fmi\u015f Milletler (BM), \u0130nsan Haklar\u0131 Y\u00fcksek Komiserleri ile yapt\u0131klar\u0131 g\u00f6r\u00fc\u015fmede, T\u00fcrkiye&#8217;nin Do\u011fu ve G\u00fcneydo\u011fu&#8217;sunda uluslararas\u0131 sava\u015f hukukunun \u00e7i\u011fnendi\u011fini\u00a0iddia ederek, m\u00fcdahalede bulunmas\u0131n\u0131 talep ettiler.<\/p>\n<p>Daha \u00f6nce de HDP E\u015f Genel Ba\u015fkanlar\u0131 Selahattin Demirta\u015f ile Figen Y\u00fcksekda\u011f, BM \u00d6zel Raport\u00f6r\u00fc Christof Heyns&#8217;e ba\u015fvurarak \u00a0inceleme\u00a0talebinde bulunmu\u015flard\u0131&#8230;<\/p>\n<p>PKK&#8217;n\u0131n Kaldil&#8217;deki y\u00f6neticilerinden Bese Hozat\u00a0bile, Y-CHP&#8217;den memnundur.<\/p>\n<p>Han\u0131m Efendi, bir tek \u201culusalc\u0131lar\u0131\u201d fazlal\u0131k g\u00f6r\u00fcyor.<\/p>\n<p>Dersimli Kemal&#8217;e: \u201cCHP&#8217;nin ulusalc\u0131 kesimden kurtulmas\u0131 gerekiyor\u201d talebini iletti&#8230;<\/p>\n<p>Yak\u0131nda bu iste\u011fi yerine getirilirse \u015fa\u015f\u0131rmay\u0131n!<\/p>\n<p>Kim ne derse desin; yorum ve analize ihtiya\u00e7 kalmad\u0131&#8230;<\/p>\n<p>Haberleri alt alta koyup okuyun.<\/p>\n<p>G\u00f6receksiniz; Kemal K\u0131l\u0131\u00e7daro\u011flu ile PKK&#8217;n\u0131n \u201ctan\u0131t\u0131m ve propaganda birimi\u201d haline d\u00f6n\u00fc\u015ft\u00fcr\u00fclen Y-CHP, Beyaz Saray&#8217;\u0131n Sava\u015f\u0131&#8217;nda ABD ve PKK&#8217;n\u0131n yan\u0131nda saf\u0131n\u0131 belirlemi\u015f<\/p>\n<p>D\u0130PNOT:<\/p>\n<p>(1)<a href=\"https:\/\/www.google.com\/url?q=https:\/\/www.facebook.com\/l.php?u%3Dhttps%253A%252F%252Fwww.chp.org.tr%252FHaberler%252F11%252F35-olagan-kurultay-sonuc-bildirgesi-11848.aspx%26h%3DIAQE0cZju%26s%3D1&amp;sa=D&amp;ust=1453655857244000&amp;usg=AFQjCNEJwYz2gXxC-zoMalMh8K3tnUlsgg\" target=\"_blank\" rel=\"noopener noreferrer\">\u00a0<\/a><a href=\"https:\/\/www.google.com\/url?q=https:\/\/www.facebook.com\/l.php?u%3Dhttps%253A%252F%252Fwww.chp.org.tr%252FHaberler%252F11%252F35-olagan-kurultay-sonuc-bildirgesi-11848.aspx%26h%3DIAQE0cZju%26s%3D1&amp;sa=D&amp;ust=1453655857245000&amp;usg=AFQjCNHfA9r0uAjbItFn5cW3BiuXTZC4Qg\" target=\"_blank\" rel=\"noopener noreferrer\">https:\/\/www.chp.org.tr\/Haberler\/11\/35-olagan-kurultay-sonuc-bildirgesi-11848.aspx<\/a><\/p>\n<h2 class=\"rmSubject\">AYL\u0130N&#8217;\u0130N YOLU!..\u200f<\/h2>\n<p>PKK\u2019n\u0131n bask\u0131s\u0131 nedeniyle Tunceli\u2019de d\u00fckkanlara as\u0131lan Seyit R\u0131za\u00a0foto\u011fraflar\u0131, g\u00fcvenlik kuvvetlerinin ba\u015far\u0131l\u0131 operasyonlar\u0131ndan sonraindirilmeye\u00a0ba\u015fland\u0131\u2026.<\/p>\n<p>Seyit R\u0131za\u2019n\u0131n hayranlar\u0131 da r\u00f6van\u015f al\u0131r gibi TBMM\u2019ndeki odalar\u0131nda as\u0131l\u0131 bulunan Atat\u00fcrk posterlerini indirmeye ba\u015flad\u0131lar\u2026<\/p>\n<p>Y-CHP Ankara Milletvekili Aylin Nazl\u0131aka\u2019n\u0131n \u201cyol arkada\u015flar\u0131\u201d, bu son eylemlerine sahip \u00e7\u0131kamad\u0131lar!<\/p>\n<p>Ba\u015fta K\u0131l\u0131\u00e7daro\u011flu olmak \u00fczere, bir bir k\u0131v\u0131rmaya ba\u015flad\u0131lar.<\/p>\n<p>Bug\u00fcnlerde Atat\u00fcrk\u00e7\u00fcl\u00fc\u011f\u00fc kimseye b\u0131rakm\u0131yorlar!<\/p>\n<p>\u201c1930\u2019lar\u0131n CHP\u2019si de\u011filiz\u201d, \u201c6 Ok\u2019u yeniden yorumlamak gerekir\u201d s\u00f6zlerini, sanki ba\u015fkalar\u0131 s\u00f6ylemi\u015fti.<\/p>\n<p>Atat\u00fcrk posterini \u201cYeni \u015feyler s\u00f6yleme zaman\u0131d\u0131r\u201d diyerek, indirdi\u011fine y\u00fczde y\u00fcz inan\u0131lan Genel Ba\u015fkan Yard\u0131mc\u0131s\u0131 ve MYK \u00dcyesi\u00a0Zeynep Alt\u0131nok\u2019u, Dersimli Kemal abisi harcayamad\u0131!..<\/p>\n<p>Tepkilerin tavan yapt\u0131\u011f\u0131 g\u00fcnlerde, Dersimlinin Zeynep\u2019ini de yan\u0131na alarak Almanya\u2019dan poz vermesi rezaletin \u00f6tesinde, kimin nerede durdu\u011funun resmi gibiydi.<\/p>\n<p>Almanya gezisi, CEPA\u2019n\u0131n arkas\u0131nda ruhsats\u0131z y\u00fckselen bina y\u00fcz\u00fcnden vuruldu\u011fu s\u00f6ylenen \u00c7ankaya Belediye Ba\u015fkan\u0131 Alper Ta\u015fdelen\u2019e park a\u00e7t\u0131r\u0131lmas\u0131na benzedi\u2026<\/p>\n<p>K\u0131l\u0131\u00e7daro\u011flu, Ya\u015far Kemal Park\u0131\u2019n\u0131n a\u00e7\u0131l\u0131\u015f\u0131nda, haberi yapan internet gazetesinin sahibini \u201cs\u00f6zde CHP\u2019li\u201d ilan ederek, b\u00f6yleleri partiden temizleyece\u011fini s\u00f6ylemi\u015fti!..<\/p>\n<p>Atat\u00fcrk\u2019\u00fcn posterinin indirilmesi olay\u0131n\u0131 kamuoyuna yans\u0131tan Nazl\u0131aka s\u00f6yledi\u011fine, s\u00f6yleyece\u011fine \u015fimdi bin pi\u015fman oldu!<\/p>\n<p>Olay\u0131 yalanlam\u0131yor, posteri indirenin kim oldu\u011funu da s\u00f6ylemeye cesareti yok!<\/p>\n<p>Ne de olsa, onun da K\u0131l\u0131\u00e7daro\u011flu\u2019na diyet borcu var.<\/p>\n<p>Nazl\u0131aka, iki arada bir dere kald\u0131\u2026<\/p>\n<p>Milyonlarca yetenekli partili aras\u0131ndan, onu tombaladan \u00e7ekip Meclis\u2019e ta\u015f\u0131yan Dersimlinin ricas\u0131n\u0131 yerine getirmek zorunda!<\/p>\n<p>A\u00e7\u0131klamas\u0131n\u0131n son b\u00f6l\u00fcm\u00fc itiraf gibi:<\/p>\n<p>\u201cAyr\u0131ca iyi niyetinden\u00a0\u015f\u00fcphe duymad\u0131\u011f\u0131m bir yol arkada\u015f\u0131m\u0131\u00a0kesinlikle if\u015fa etmem\u201d diyor\u2026<\/p>\n<p>Bu c\u00fcmlede g\u00f6z\u00fcme tak\u0131lan sorunlu iki s\u00f6zc\u00fck var.<\/p>\n<p>Biri \u201ciyi niyet\u201d di\u011feri \u201cyol arkada\u015f\u0131\u201d!..<\/p>\n<p>Altlar\u0131n\u0131 \u00e7iziyorum\u2026<\/p>\n<p>Nazl\u0131 Aylin, \u201cYeni \u015feyler s\u00f6ylemek gerek\u201d diyerek, Atat\u00fcrk posterini indiren milletvekilini \u201ciyi niyetli\u201d kabul ediyor\u2026<\/p>\n<p>Ayr\u0131ca bu \u201ciyi niyetli\u201d milletvekilinin \u201cyol arkada\u015f\u0131\u201d oldu\u011funu s\u00f6yl\u00fcyor\u2026<\/p>\n<p>\u0130yi niyetli olduktan sonra, yol arkada\u015fl\u0131klar\u0131 da hay\u0131rl\u0131 olsun, ne diyelim!<\/p>\n<p>Unu \u00f6nderimiz, biricik kurtar\u0131c\u0131m\u0131z, Cumhuriyetin ve Cumhuriyet Halk Partisi\u2019nin kurucusu Mustafa Kemal Atat\u00fcrk\u2019\u00fcn, posterini Meclisten indiren bir milletvekilinin yolu nerelerden ge\u00e7er acaba?<\/p>\n<p>Aylin Han\u0131m, hangi yolda bu milletvekili ile birlikte y\u00fcr\u00fcyor?<\/p>\n<p>Hangi yolun yolcusudurlar?<\/p>\n<p>\u201cYol arkada\u015f\u0131\u201dn\u0131 a\u00e7\u0131klamayan Nazl\u0131aka, bari yolunu a\u00e7\u0131klasa!<\/p>\n<p>Cemaat\u2019in mi, PKK\u2019n\u0131n m\u0131 yolunda y\u00fcr\u00fcyorlar yoksa Cumhuriyet gazetesinin \u00e7izdi\u011fi ikinci cumhuriyet yolundan m\u0131?<\/p>\n<p>A\u00e7\u0131klas\u0131n da bilelim.<\/p>\n<p>Atat\u00fcrk\u2019\u00fcn yolunda y\u00fcr\u00fcmedikleri kesin\u2026<\/p>\n<p>Han\u0131mefendi a\u00e7\u0131klamas\u0131nda: \u201cS\u00fcreci bir lin\u00e7 kampanyas\u0131na\u00a0d\u00f6n\u00fc\u015ft\u00fcrd\u00fckten sonra, benim bir isim vermem art\u0131k hi\u00e7 m\u00fcmk\u00fcn de\u011fildir. Atat\u00fcrk Devrimleri ve Cumhuriyet de\u011ferleri i\u00e7in verdi\u011fim m\u00fccadele son nefesime kadar s\u00fcrecektir\u201d demi\u015f\u2026<\/p>\n<p>Tabii ki, \u201clin\u00e7 kampanyas\u0131\u201d tesbitine kat\u0131lmaya olanak yok, ger\u00e7ek\u00e7i de\u011fil.<\/p>\n<p>Kimin akl\u0131na gelmi\u015fse, CHP i\u00e7erisindeki \u201ciyi niyetli\u201d Cumhuriyet ve Atat\u00fcrk d\u00fc\u015fmanlar\u0131n\u0131 gizleyerek, konunun daha fazla kamuoyu g\u00fcndeminde kalmas\u0131 engellenecekti.<\/p>\n<p>Tam tersine sonu\u00e7lar verdi\u2026<\/p>\n<p>Aylin Han\u0131m, hem Atat\u00fcrk Devrimleri ve Cumhuriyet de\u011ferleri i\u00e7in m\u00fccadele verdi\u011fini s\u00f6yl\u00fcyor hem de ihanet i\u00e7erisindeki milletvekilleri ile yol arkada\u015fl\u0131\u011f\u0131na devam ediyor\u2026<\/p>\n<p>Birka\u00e7 sat\u0131rl\u0131k a\u00e7\u0131klamada bile \u00e7eli\u015fkiye d\u00fc\u015ft\u00fcler!<\/p>\n<p>Bana g\u00f6re, kesin ihra\u00e7 talebiyle disipline verilmesi dan\u0131\u015f\u0131kl\u0131d\u0131r.<\/p>\n<p>Dersimli, akl\u0131nca bu \u015fekilde olay\u0131 ge\u00e7i\u015ftirecekti\u2026<\/p>\n<p>Asl\u0131nda, Atat\u00fcrk posterini Meclisten indiren milletvekilini aramaya gerek yok!<\/p>\n<p>Ola\u011fan \u015f\u00fcpheli 990 delegenin oyunu alarak, yeniden genel ba\u015fkanl\u0131\u011fa se\u00e7ilen Kemal K\u0131l\u0131\u00e7daro\u011flu\u2019dur.<\/p>\n<p>As\u0131l sorumlular ise 81 ile da\u011f\u0131lm\u0131\u015f durumda\u2026<\/p>\n<p>Atat\u00fcrk\u00e7\u00fc d\u00fc\u015f\u00fcnceyi savunan milletvekillerini ihra\u00e7 edip, Atat\u00fcrk posterini indirecek hainleri, y\u00f6netim kademelerine getiren Kemal K\u0131l\u0131\u00e7daro\u011flu\u2019nu yeniden se\u00e7enler, bir kenara \u00e7ekilip sorumlu arayamazlar!..<\/p>\n<p>Cemil Can<\/p>\n<p>&nbsp;<\/p>\n<p>KAPININ \u00d6N\u00dcNE KONACAKLAR!..<\/p>\n<p><a href=\"https:\/\/www.google.com\/url?q=https:\/\/www.facebook.com\/cemil.can.94009&amp;sa=D&amp;usg=AFQjCNFeg0IqMHC3nMo846ivS2TMJHT1Kw\" target=\"_blank\" rel=\"noopener noreferrer\">Cemil Can<\/a>\u00b7<a href=\"https:\/\/www.google.com\/url?q=https:\/\/www.facebook.com\/notes\/cemil-can\/kapinin-%25C3%25B6n%25C3%25BCne-konacaklar\/559264537570249&amp;sa=D&amp;usg=AFQjCNH6bsFel9ZbkePzn6ha90HsfXZvhQ\" target=\"_blank\" rel=\"noopener noreferrer\">3 OCAK 2016 Pazar<\/a><br \/>\nCizre, Nusaybin, Sur, Varto, Silopi, Silvan, Bulan\u0131k ve Lice il\u00e7eleri \u201c\u00f6zerklik\u201d ilan ettiler&#8230;<br \/>\nPKK e\u015f ba\u015fkan\u0131 Selahattin Demirta\u015f, bu durumu \u201c\u00f6zy\u00f6netim\u201d olarak tarif edip, sevimli hale getirmeye \u00e7al\u0131\u015f\u0131yor&#8230;<br \/>\nAyr\u0131l\u0131k\u00e7\u0131 K\u00fcrtler, nihai hedeflerinin \u201cK\u00fcrdistan\u201d\u0131 kurmak oldu\u011funu gizlemiyorlar&#8230;<br \/>\nBunun i\u00e7in, 22 Temmuz&#8217;da isyan hareketini ba\u015flatt\u0131lar&#8230;<br \/>\nKendi ifadeleri ile \u201c\u00e7at\u0131\u015fmas\u0131zl\u0131k\u201d dedikleri d\u00f6nemden sonra, bir gece evlerinde uyuyan iki polisimizi hunharcainfaz\u00a0ettiler&#8230;<br \/>\n\u201cA\u00e7\u0131l\u0131m\u201d s\u0131ras\u0131nda, Do\u011fu&#8217;daki belediyelerin \u00e7o\u011fu; ara\u00e7, gere\u00e7 ve t\u00fcm olanaklar\u0131n\u0131 \u00a0PKK&#8217;n\u0131n hizmetine verdiler&#8230;<br \/>\nPKK, t\u00fcnel ve hendekleri\u00a0bu belediyelerin ara\u00e7lar\u0131 ile kazd\u0131&#8230;<br \/>\nBu y\u00fczden, 16 belediye ba\u015fkan\u0131 tutuklad\u0131&#8230;<br \/>\n24 Temmuz&#8217;dan bu yana s\u00fcren operasyonlar, bu isyan\u0131n bast\u0131r\u0131lmas\u0131\u00a0i\u00e7indir&#8230;<br \/>\nNokta.<br \/>\n***<br \/>\nAskerlere g\u00f6re, TSK iki cephede d\u00fc\u015f\u00fck yo\u011funluklu sava\u015f yap\u0131yor&#8230;<br \/>\nT\u00fcrkiye bu ko\u015fullar alt\u0131nda iken; \u00a0Cumhuriyeti kuranlar\u0131n partisi CHP&#8217;nin, \u0130stanbul \u0130l Gen\u00e7lik Kollar\u0131 Ba\u015fkan\u0131 Kenan Oltu\u00a0konu\u015fuyor:<br \/>\nOltu, PKK&#8217;ya yak\u0131n Dicle Haber Ajans\u0131na verdi\u011fi rop\u00f6rtajda; bomba d\u00fczenekli hendekleri savunduktan sonra, \u201cCHP gen\u00e7li\u011fi olarak K\u00fcrdistan&#8217;a gideceklerini\u201d ve \u201cDo\u011fu&#8217;daki fa\u015fizmin\u00a0kar\u015f\u0131s\u0131nda birlikte yan yana olacaklar\u0131n\u0131\u201d s\u00f6ylemi\u015f&#8230;<a href=\"https:\/\/www.google.com\/url?q=http:\/\/l.facebook.com\/l.php?u%3Dhttp%253A%252F%252Fbayraktarcagdas.blogspot.com.tr%252F2015%252F12%252Ftarihe-dusulen-notlar-106.html%26h%3DqAQHE2zcU%26s%3D1&amp;sa=D&amp;usg=AFQjCNHkp_GC9bjJWtuAyr0KLUW1CnKoFQ\" target=\"_blank\" rel=\"noopener noreferrer\">\u00a0<\/a><a href=\"https:\/\/www.google.com\/url?q=http:\/\/l.facebook.com\/l.php?u%3Dhttp%253A%252F%252Fbayraktarcagdas.blogspot.com.tr%252F2015%252F12%252Ftarihe-dusulen-notlar-106.html%26h%3DqAQHE2zcU%26s%3D1&amp;sa=D&amp;usg=AFQjCNHkp_GC9bjJWtuAyr0KLUW1CnKoFQ\" target=\"_blank\" rel=\"noopener noreferrer\">(1)<\/a><\/p>\n<div>\n<div>Akl\u0131nca Suru\u00e7 ve Ankara eylemlerinin benzerini \u00f6rg\u00fctleyecek!<br \/>\n\u201cBiz Do\u011fu&#8217;da<\/div>\n<\/div>\n<p>siyasi d\u00fc\u015f\u00fcncelerini ortaya koyduklar\u0131 i\u00e7in katledilen\u00a0insanlara da sahip \u00e7\u0131kaca\u011f\u0131z\u201d diyen Oltu&#8217;nun,HDP\u00a0 E\u015f Ba\u015fkanl\u0131\u011f\u0131na daha \u00e7ok yak\u0131\u015ft\u0131\u011f\u0131na \u015f\u00fcphe yok!..<\/p>\n<div>\n<div>Kenan Efendi, T\u00fcrkiye&#8217;nin Do\u011fu&#8217;suna \u201c<\/div>\n<\/div>\n<p>K\u00fcrdistan\u201d diyor&#8230;<\/p>\n<div>\n<div>G\u00fcvenlik kuvvetlerinin PKK&#8217;ya kar\u015f\u0131 y\u00fcr\u00fctt\u00fc\u011f\u00fc operasyonlar\u0131 da \u201c<\/div>\n<\/div>\n<p>fa\u015fizm\u201d olarak nitelendiriyor&#8230;<\/p>\n<div>\n<div>Kenan&#8217;a g\u00f6re, \u00e7at\u0131\u015fmalarda etkisiz hale getirilen ter\u00f6ristlerin tek su\u00e7u:D\u00fc\u015f\u00fcncelerini ortaya koymakm\u0131\u015f&#8230;<\/div>\n<\/div>\n<div>\n<div>CHP&#8217;nin SOROS\u00c7ULAR taraf\u0131ndan i\u015fgal edilmesinden sonra;Halk TV\u00a0ve Cumhuriyet\u00a0gazetesi de \u201c\u0130kinci Cumhuriyet\u00e7iler\u201din eline ge\u00e7erek; Cemaat ve PKK&#8217;n\u0131n borazan\u0131 haline getirildi&#8230;<br \/>\nOnlar da bu koroda g\u00f6rev \u00fcstlenmi\u015f!<br \/>\nYalan m\u0131?<br \/>\n***<br \/>\nRus u\u00e7a\u011f\u0131 d\u00fc\u015f\u00fcr\u00fclmeden \u00f6nce, T\u00fcrkiye&#8217;nin \u00a0k\u0131rm\u0131z\u0131 \u00e7izgi olarak ilan etti\u011fi F\u0131rat&#8217;\u0131n Bat\u0131&#8217;s\u0131na ge\u00e7mek isteyen PKK&#8217;n\u0131n Suriye uzant\u0131s\u0131 PYD&#8217;nin silahl\u0131 kanad\u0131 YPG,\u00a0hava bombard\u0131man\u0131 ile iki kez durdurulmu\u015ftu&#8230;<br \/>\nErdo\u011fan 11 Kas\u0131m&#8217;da, \u00a0\u201cKimse F\u0131rat&#8217;\u0131n Bat\u0131s\u0131&#8217;na bir defa ge\u00e7emez. Bu konuda \u00e7ok kararl\u0131y\u0131z\u201d demi\u015fti&#8230;<br \/>\n27 Ekim&#8217;de Davuto\u011flu ise, \u201cRusya&#8217;ya ve ABD&#8217;ye de s\u00f6yledik. F\u0131rat&#8217;\u0131n Bat\u0131s\u0131&#8217;na PYD ge\u00e7meyecek. Ge\u00e7ti\u011fi anda vururuz dedik. 2 kere de vurduk\u201d demi\u015fti&#8230;<br \/>\nPYD, Rus u\u00e7a\u011f\u0131n\u0131n d\u00fc\u015f\u00fcr\u00fclmesinden sonra, ABD&#8217;nin hava deste\u011fi ile Te\u015frin Baraj\u0131&#8217;n\u0131 I\u015e\u0130D&#8217;\u0131n elinden ald\u0131&#8230;<br \/>\nHaber aynen b\u00f6yle yay\u0131nland\u0131 ve do\u011fru\u00a0oldu\u011fu anla\u015f\u0131ld\u0131&#8230;<br \/>\nT\u00fcrkiye&#8217;nin\u00a0k\u0131rm\u0131z\u0131 \u00e7izgisi \u00e7i\u011fnendi&#8230;<br \/>\nBu durum bizim i\u00e7in angajman kurallar\u0131ndan \u00e7ok \u00e7ok \u00f6nemli, \u00a0bir sava\u015f nedeniydi!<br \/>\nHaberin verili\u015f \u015fekli, pek rahats\u0131z edici de\u011fildi&#8230;<br \/>\n\u00c7\u00fcnk\u00fc haberde T\u00fcrkiye&#8217;nin k\u0131rm\u0131z\u0131 \u00e7izgisi ihlal edildi denmiyordu&#8230;<br \/>\nSonu\u00e7ta; F\u0131rat&#8217;\u0131n bat\u0131 k\u0131y\u0131s\u0131na ge\u00e7en PYD\u00a0i\u00e7in, T\u00fcrkiye s\u0131n\u0131r\u0131nda yer alan Cerablus yolu da a\u00e7\u0131lm\u0131\u015ft\u0131 o kadar&#8230;<br \/>\nU\u00e7a\u011f\u0131n d\u00fc\u015f\u00fcr\u00fclmesinden sonra, Rusya&#8217;n\u0131n Suriye&#8217;ye S-400\u00a0f\u00fczelerini<a href=\"https:\/\/www.google.com\/url?q=http:\/\/l.facebook.com\/l.php?u%3Dhttp%253A%252F%252Fwww.ntv.com.tr%252Fdunya%252Frusya-s-400-fuzelerini-suriyeye-konuslandirdi%252Cq4xvFUui7E2LAwVBlbCDgQ%26h%3D2AQHM3LDw%26s%3D1&amp;sa=D&amp;usg=AFQjCNGCRr_zIsdLX_wIyy8fsLkYTliDXA\" target=\"_blank\" rel=\"noopener noreferrer\">\u00a0<\/a><a href=\"https:\/\/www.google.com\/url?q=http:\/\/l.facebook.com\/l.php?u%3Dhttp%253A%252F%252Fwww.ntv.com.tr%252Fdunya%252Frusya-s-400-fuzelerini-suriyeye-konuslandirdi%252Cq4xvFUui7E2LAwVBlbCDgQ%26h%3D2AQHM3LDw%26s%3D1&amp;sa=D&amp;usg=AFQjCNGCRr_zIsdLX_wIyy8fsLkYTliDXA\" target=\"_blank\" rel=\"noopener noreferrer\">(2)<\/a>\u00a0yerle\u015ftirdi\u011fini biliyoruz.<br \/>\nPutin, \u201cHadi bakal\u0131m \u015fimdi u\u00e7sunlar\u201d<a href=\"https:\/\/www.google.com\/url?q=http:\/\/l.facebook.com\/l.php?u%3Dhttp%253A%252F%252Fwww.hurriyet.com.tr%252Fputinden-turkiyeye-tehdit-kufur-40028499%26h%3DtAQEHGZNU%26s%3D1&amp;sa=D&amp;usg=AFQjCNEx60f72p6F_5Kn7hivGWTgr4IjCQ\" target=\"_blank\" rel=\"noopener noreferrer\">\u00a0<\/a><a href=\"https:\/\/www.google.com\/url?q=http:\/\/l.facebook.com\/l.php?u%3Dhttp%253A%252F%252Fwww.hurriyet.com.tr%252Fputinden-turkiyeye-tehdit-kufur-40028499%26h%3DtAQEHGZNU%26s%3D1&amp;sa=D&amp;usg=AFQjCNEx60f72p6F_5Kn7hivGWTgr4IjCQ\" target=\"_blank\" rel=\"noopener noreferrer\">(3)<\/a>\u00a0da g\u00f6relim, diyetehdit\u00a0etmi\u015fti&#8230;<br \/>\nSuriye s\u0131n\u0131r\u0131nda u\u00e7aklar\u0131m\u0131z, art\u0131k 16&#8217;l\u0131k filolar halinde u\u00e7abiliyor!..<br \/>\nBu y\u00fczden olsa, PYD&#8217;nin k\u0131rm\u0131z\u0131 \u00e7izgimizi \u00e7i\u011fnemesine sesimizi \u00e7\u0131kartamad\u0131k!?<br \/>\n\u00c7ok k\u00f6t\u00fc bir durumdur yani.<br \/>\n***<br \/>\nYPG&#8217;nin s\u00f6zc\u00fcs\u00fc Telal Selo, koalisyon\u00a0u\u00e7aklar\u0131n\u0131n \u00f6nceki operasyonlar gibi buna da kat\u0131ld\u0131\u011f\u0131n\u0131\u00a0vurgulad\u0131ktan sonra, \u201cStratejik bir ortakl\u0131\u011f\u0131m\u0131z var, onlar hava korumas\u0131 sa\u011fl\u0131yor, biz kara g\u00fcc\u00fc\u201d<a href=\"https:\/\/www.google.com\/url?q=http:\/\/l.facebook.com\/l.php?u%3Dhttp%253A%252F%252Fwww.muhabir.net%252Fpkk-firatin-batisina-gecti%252F%26h%3DzAQF2d_Tu%26s%3D1&amp;sa=D&amp;usg=AFQjCNFxRIntWt6eEgz7u3oRL-qMNPH7vA\" target=\"_blank\" rel=\"noopener noreferrer\">\u00a0<\/a><a href=\"https:\/\/www.google.com\/url?q=http:\/\/l.facebook.com\/l.php?u%3Dhttp%253A%252F%252Fwww.muhabir.net%252Fpkk-firatin-batisina-gecti%252F%26h%3DzAQF2d_Tu%26s%3D1&amp;sa=D&amp;usg=AFQjCNFxRIntWt6eEgz7u3oRL-qMNPH7vA\" target=\"_blank\" rel=\"noopener noreferrer\">(4)<\/a>\u00a0dedi&#8230;<br \/>\n\u0130\u015fe bak!<br \/>\nKendi hareketimizle, PYD&#8217;ye m\u00fcdahale edemez hale geldik!<br \/>\nPKK&#8217;n\u0131n siyasi uzant\u0131s\u0131 HDP&#8217;nin E\u015f Genel Ba\u015fkan\u0131 Selahattin, Amerika&#8217;dan d\u00f6nd\u00fckten sonra Rusya&#8217;ya gitti&#8230;<br \/>\nMoskova ile ne g\u00f6r\u00fc\u015ft\u00fcklerini bilmiyoruz..<br \/>\nKendi a\u00e7\u0131klamalar\u0131ndan anla\u015f\u0131ld\u0131\u011f\u0131na g\u00f6re, g\u00fcya m\u00fcstakbel \u201cK\u00fcrdistan\u201d\u0131 konu\u015fmu\u015flar&#8230;<br \/>\nRusya, bu konuda K\u00fcrtlere destek verecek mi, onu da bilmiyoruz!<br \/>\nABD&#8217;ye hizmet edecek b\u00f6yle bir projeye, Rusya&#8217;n\u0131n destek verece\u011fini sanmam.<br \/>\nBelli de olmaz!<br \/>\n***<br \/>\nBildi\u011fimiz tek \u015fey, bu topraklar\u0131 d\u00fc\u015fman i\u015fgalinden kurtar\u0131p vatan yapan, Osmanl\u0131&#8217;n\u0131n k\u00fcllerinden Devlet kurarak Cumhuriyet rejimini kuran ulu \u00f6nderimizin partisi CHP&#8217;nini\u015fgal\u00a0alt\u0131nda oldu\u011fu ve d\u00fc\u015fmana hizmet\u00a0eder hale getirildi\u011fidir!..<br \/>\nKemal K\u0131l\u0131\u00e7daro\u011flu y\u00f6netimindeki CHP, bu y\u00fczden \u00a0a\u011flanacak haldedir: Bir CHP milletvekili, bu y\u00fcce Milletin Meclisinde, Atat\u00fcrk&#8217;\u00fcn resmini duvardan indirmeye cesaret\u00a0edebiliyor!..<br \/>\nTer\u00f6r \u00f6rg\u00fct\u00fcn\u00fcn liderlerinden Duran Kalkan, Atat\u00fcrk&#8217;\u00fcn CHP&#8217;sini, PKK ile \u00a0\u201cdemokrasi cephesi\u201d kurmaya davet edebiliyor!..<a href=\"https:\/\/www.google.com\/url?q=http:\/\/l.facebook.com\/l.php?u%3Dhttp%253A%252F%252Fwww.haberler.com%252Fpkk-li-duran-kalkan-dan-chp-ye-cagri-8014518-haberi%252F%26h%3D0AQE1CHOG%26s%3D1&amp;sa=D&amp;usg=AFQjCNEEKectDsYZLrApliKs1FtfDUAUAg\" target=\"_blank\" rel=\"noopener noreferrer\">\u00a0<\/a><a href=\"https:\/\/www.google.com\/url?q=http:\/\/l.facebook.com\/l.php?u%3Dhttp%253A%252F%252Fwww.haberler.com%252Fpkk-li-duran-kalkan-dan-chp-ye-cagri-8014518-haberi%252F%26h%3D0AQE1CHOG%26s%3D1&amp;sa=D&amp;usg=AFQjCNEEKectDsYZLrApliKs1FtfDUAUAg\" target=\"_blank\" rel=\"noopener noreferrer\">(5)<\/a><br \/>\nKimilerine g\u00f6re, Atat\u00fcrk&#8217;\u00fcn resmini duvardan indiren milletvekilini bulup, kap\u0131n\u0131n \u00f6n\u00fcne koymak gerekiyor&#8230;<br \/>\nBana sorarsan\u0131z o milletvekilini de\u011fil, as\u0131l 6 Ok&#8217;u ve Atat\u00fcrk\u00e7\u00fc d\u00fc\u015f\u00fcnceyi benimsemedikleri\u00a0halde; bu hainleri CHP&#8217;den milletvekili aday\u0131 yap\u0131p, bizleri \u201ct\u0131p\u0131\u015f t\u0131p\u0131\u015f\u201d oy vermeye mecbur b\u0131rakan Dersimli Kemal&#8217;i, kula\u011f\u0131ndan tutup kap\u0131n\u0131n \u00f6n\u00fcne koymak gerekiyor&#8230;<br \/>\n\u00c7\u00fcnk\u00fc, \u201cK\u00fcrdistan\u201d hayalini ger\u00e7ekle\u015ftirmenin hukuki alt yap\u0131s\u0131 olan; \u201cAvrupa Yerel Y\u00f6netimler \u00d6zerklik \u015eart\u0131\u201dn\u0131n \u00e7ekince konulan maddelerinin imzalanarak, bir b\u00fct\u00fcn halinde y\u00fcr\u00fcrl\u00fc\u011f\u00fc girmesini o savunuyor&#8230;<br \/>\n\u201cDersimli Kemal&#8217;im ben, CHP iktidar\u0131nda Yerel Y\u00f6netimler \u00d6zerklik \u015eart\u0131&#8217;n\u0131 mutlaka getirece\u011fim\u201d<a href=\"https:\/\/www.google.com\/url?q=http:\/\/l.facebook.com\/l.php?u%3Dhttp%253A%252F%252Fwww.aydinlikgazete.com%252Fmansetler%252Fkilicdaroglunun-kimlik-beyani-ben-dersimli-kemal-ozerklik-sartini-kabul-edecegim-h50570.html%26h%3DtAQEHGZNU%26s%3D1&amp;sa=D&amp;usg=AFQjCNHYgVThdYpvP95XhzdJhAbZw-tnYg\" target=\"_blank\" rel=\"noopener noreferrer\">\u00a0<\/a><a href=\"https:\/\/www.google.com\/url?q=http:\/\/l.facebook.com\/l.php?u%3Dhttp%253A%252F%252Fwww.aydinlikgazete.com%252Fmansetler%252Fkilicdaroglunun-kimlik-beyani-ben-dersimli-kemal-ozerklik-sartini-kabul-edecegim-h50570.html%26h%3DtAQEHGZNU%26s%3D1&amp;sa=D&amp;usg=AFQjCNHYgVThdYpvP95XhzdJhAbZw-tnYg\" target=\"_blank\" rel=\"noopener noreferrer\">(6)<\/a>\u00a0diyen K\u0131l\u0131\u00e7daro\u011flu&#8217;nun bizzat kendisi de\u011fil miydi?..<br \/>\nT\u00fcrkiye&#8217;nin \u201cBa\u015fkanl\u0131k Sistemi\u201dne ge\u00e7irilerek, \u201cfederasyonlara b\u00f6l\u00fcnmesi\u201d ve bu \u015fekilde \u201cK\u00fcrdistan\u201d hayalinin ger\u00e7ekle\u015ftirilmesi fikirlerinin en hararetli savunucusu; Kemal K\u0131l\u0131\u00e7daro\u011flu ile Y-CHP&#8217;ye yerle\u015ftirdi\u011fi su\u00e7 ortaklar\u0131d\u0131r&#8230;<br \/>\nO kadar!<br \/>\nBu y\u00fczden, CHP&#8217;yi i\u015fgalden kurtarmadan\u00a0(ya da yeni bir CHP kurmadan)\u00a0T\u00fcrkiye&#8217;yi kurtarmak olanaks\u0131z hale gelmi\u015ftir!..<br \/>\nD\u0130PNOTLAR:<br \/>\n(1)<a href=\"https:\/\/www.google.com\/url?q=http:\/\/l.facebook.com\/l.php?u%3Dhttp%253A%252F%252Fbayraktarcagdas.blogspot.com.tr%252F2015%252F12%252Ftarihe-dusulen-notlar-106.html%26h%3DcAQEDN-r_%26s%3D1&amp;sa=D&amp;usg=AFQjCNGdpoGPSBHY1MIB4TjFjVsseR-0Lg\" target=\"_blank\" rel=\"noopener noreferrer\">\u00a0<\/a><a href=\"https:\/\/www.google.com\/url?q=http:\/\/l.facebook.com\/l.php?u%3Dhttp%253A%252F%252Fbayraktarcagdas.blogspot.com.tr%252F2015%252F12%252Ftarihe-dusulen-notlar-106.html%26h%3DcAQEDN-r_%26s%3D1&amp;sa=D&amp;usg=AFQjCNGdpoGPSBHY1MIB4TjFjVsseR-0Lg\" target=\"_blank\" rel=\"noopener noreferrer\">http:\/\/bayraktarcagdas.blogspot.com.tr\/2015\/12\/tarihe-dusulen-notlar-106.html<\/a><\/div>\n<\/div>\n<div>\n<div>\n<p>(2)<a href=\"https:\/\/www.google.com\/url?q=http:\/\/l.facebook.com\/l.php?u%3Dhttp%253A%252F%252Fwww.ntv.com.tr%252Fdunya%252Frusya-s-400-fuzelerini-suriyeye-konuslandirdi%252Cq4xvFUui7E2LAwVBlbCDgQ%26h%3D_AQE_GgDc%26s%3D1&amp;sa=D&amp;usg=AFQjCNFc4pHwwgrlcMjtPQoqax_qLWCBIw\" target=\"_blank\" rel=\"noopener noreferrer\">http:\/\/www.ntv.com.tr\/dunya\/rusya-s-400-fuzelerini-suriyeye-konuslandirdi,q4xvFUui7E2LAwVBlbCDgQ<\/a><\/p>\n<p>(3)<a href=\"https:\/\/www.google.com\/url?q=http:\/\/l.facebook.com\/l.php?u%3Dhttp%253A%252F%252Fwww.hurriyet.com.tr%252Fputinden-turkiyeye-tehdit-kufur-40028499%26h%3DwAQFnVeup%26s%3D1&amp;sa=D&amp;usg=AFQjCNHOYWH-qneN0CPVow16o-aozRlhXg\" target=\"_blank\" rel=\"noopener noreferrer\">\u00a0<\/a><a href=\"https:\/\/www.google.com\/url?q=http:\/\/l.facebook.com\/l.php?u%3Dhttp%253A%252F%252Fwww.hurriyet.com.tr%252Fputinden-turkiyeye-tehdit-kufur-40028499%26h%3DwAQFnVeup%26s%3D1&amp;sa=D&amp;usg=AFQjCNHOYWH-qneN0CPVow16o-aozRlhXg\" target=\"_blank\" rel=\"noopener noreferrer\">http:\/\/www.hurriyet.com.tr\/putinden-turkiyeye-tehdit-kufur-40028499<\/a><\/p>\n<p>(4)<a href=\"https:\/\/www.google.com\/url?q=http:\/\/www.muhabir.net\/pkk-firatin-batisina-gecti\/&amp;sa=D&amp;usg=AFQjCNE5hMgc-l3h_viF8OABOgY4f9AlKQ\" target=\"_blank\" rel=\"noopener noreferrer\">\u00a0<\/a><a href=\"https:\/\/www.google.com\/url?q=http:\/\/www.muhabir.net\/pkk-firatin-batisina-gecti\/&amp;sa=D&amp;usg=AFQjCNE5hMgc-l3h_viF8OABOgY4f9AlKQ\" target=\"_blank\" rel=\"noopener noreferrer\">http:\/\/www.muhabir.net\/pkk-firatin-batisina-gecti\/<\/a><\/p>\n<p>(5)<a href=\"https:\/\/www.google.com\/url?q=http:\/\/www.haberler.com\/pkk-li-duran-kalkan-dan-chp-ye-cagri-8014518-haberi\/&amp;sa=D&amp;usg=AFQjCNHICQ6XcPRBTIpEdjsxYUiMwcEwCA\" target=\"_blank\" rel=\"noopener noreferrer\">\u00a0<\/a><a href=\"https:\/\/www.google.com\/url?q=http:\/\/www.haberler.com\/pkk-li-duran-kalkan-dan-chp-ye-cagri-8014518-haberi\/&amp;sa=D&amp;usg=AFQjCNHICQ6XcPRBTIpEdjsxYUiMwcEwCA\" target=\"_blank\" rel=\"noopener noreferrer\">http:\/\/www.haberler.com\/pkk-li-duran-kalkan-dan-chp-ye-cagri-8014518-haberi\/<\/a><\/p>\n<p>(6)<a href=\"https:\/\/www.google.com\/url?q=http:\/\/www.aydinlikgazete.com\/mansetler\/kilicdaroglunun-kimlik-beyani-ben-dersimli-kemal-ozerklik-sartini-kabul-edecegim-h50570.html&amp;sa=D&amp;usg=AFQjCNHEGEkY0Pn-XI5VkYevFrNFRDKRng\" target=\"_blank\" rel=\"noopener noreferrer\">http:\/\/www.aydinlikgazete.com\/mansetler\/kilicdaroglunun-kimlik-beyani-ben-dersimli-kemal-ozerklik-sartini-kabul-edecegim-h50570.html<\/a><\/p>\n<\/div>\n<\/div>\n<p>\u201cTARAFSIZ\u201d KEMAL VE \u201cY-CHP BAKANLI\u011eI\u201d!..<\/p>\n<p><a href=\"https:\/\/www.google.com\/url?q=https:\/\/www.facebook.com\/cemil.can.94009&amp;sa=D&amp;usg=AFQjCNFeg0IqMHC3nMo846ivS2TMJHT1Kw\" target=\"_blank\" rel=\"noopener noreferrer\">Cemil Can<\/a>\u00b7 \u00a0<a href=\"https:\/\/www.google.com\/url?q=https:\/\/www.facebook.com\/notes\/cemil-can\/tarafsiz-kemal-ve-y-chp-bakanli%25C4%259Fi\/553072181522818&amp;sa=D&amp;usg=AFQjCNHcpO68rSazL1gnCYMU_mncIReRRA\" target=\"_blank\" rel=\"noopener noreferrer\">20 ARALIK 2015 Pazar<\/a><\/p>\n<p>Anadolu Ajans\u0131&#8217;n\u0131n g\u00fcvenilir kaynaklardan ald\u0131\u011f\u0131 haberi okuyorum:<\/p>\n<p>\u201dArt\u0131k anla\u015f\u0131lm\u0131\u015ft\u0131r ki halk yan\u0131m\u0131zda\u00a0yer alm\u0131yor, deste\u011fi bize de\u011fil askere\u00a0veriyor. Ac\u0131may\u0131n, aldanmay\u0131n, ak\u0131ll\u0131 hareket edin ve ay\u0131r\u0131m yapmay\u0131n. Evleri, okullar\u0131, hastaneleri yerle bir edin. Ambulanslar\u0131 hareket ettirmeyin, hedef al\u0131n vurun.\u201d<\/p>\n<p>Emri, PKK&#8217;n\u0131n Kandil&#8217;deki y\u00f6neticisi Murat Karay\u0131lan verdi&#8230;<\/p>\n<p>Telsiz konu\u015fmalar\u0131ndan anla\u015f\u0131ld\u0131\u011f\u0131na g\u00f6re, Karay\u0131lan, militanlar\u0131na k\u00f6pek \u00f6l\u00fcs\u00fc kadar de\u011fer vermiyor.<\/p>\n<p>S\u00f6v\u00fcyor, k\u00fcfrediyor, orada \u00f6l\u00fcn de bari bir b.ka yaray\u0131n gibi kald\u0131r\u0131m d\u00fczeyinde s\u00f6zler ediyor&#8230;<\/p>\n<p>Ge\u00e7en haftalarda; PKK&#8217;n\u0131n Meclis&#8217;teki s\u00f6zc\u00fcs\u00fc\u00a0HDP&#8217;nin Grup Ba\u015fkanvekili \u0130dris Bal\u00fcken, \u00a0PKK&#8217;n\u0131n elinde 15 civar\u0131nda g\u00fcvenlik ve kamu g\u00f6revlisinin rehin tutuldu\u011funu s\u00f6yleyerek, AKP h\u00fck\u00fcmetini, duyars\u0131zl\u0131kla \u00a0ve \u00a0 \u201cya\u015fam hakk\u0131\u201dna sayg\u0131 g\u00f6stermemekle su\u00e7lam\u0131\u015ft\u0131&#8230;<\/p>\n<p>\u201cYa\u015fam hakk\u0131\u201dna sayg\u0131y\u0131 en son a\u011fz\u0131na alacak olan PKK y\u00f6neticileri ile militanlar\u0131 aras\u0131nda \u00a015, 16\u00a0ve 17 Aral\u0131k g\u00fcnleri, Cizre ve Silopi&#8217;deki operasyonlar devam ederken ge\u00e7en konu\u015fmalar\u0131, mutlaka okumak gerekiyor&#8230;<a href=\"https:\/\/www.google.com\/url?q=http:\/\/l.facebook.com\/l.php?u%3Dhttp%253A%252F%252Fwww.internethaber.com%252Fmurat-karayilanin-telsiz-konusmalari-ortaya-cikti-1496129h.htm%26h%3D-AQF2Woma%26s%3D1&amp;sa=D&amp;usg=AFQjCNGJjWaHge8_2lke2baqdpKD-JNwZA\" target=\"_blank\" rel=\"noopener noreferrer\">\u00a0<\/a><a href=\"https:\/\/www.google.com\/url?q=http:\/\/l.facebook.com\/l.php?u%3Dhttp%253A%252F%252Fwww.internethaber.com%252Fmurat-karayilanin-telsiz-konusmalari-ortaya-cikti-1496129h.htm%26h%3D-AQF2Woma%26s%3D1&amp;sa=D&amp;usg=AFQjCNGJjWaHge8_2lke2baqdpKD-JNwZA\" target=\"_blank\" rel=\"noopener noreferrer\">(1)<\/a><\/p>\n<p>G\u00fcvenlik g\u00fc\u00e7leri PKK&#8217;ya a\u011f\u0131r kay\u0131plar verdirdi&#8230;<\/p>\n<p>4\u00a0g\u00fcn\u00fcn bilan\u00e7osu 110\u00a0\u00f6l\u00fcd\u00fcr&#8230;<\/p>\n<p>* * *<\/p>\n<p>Genelkurmay Ba\u015fkan\u0131 Org. Hulusi Akar, Cizre&#8217;de \u015fehit edilen J.Uzm.\u00c7v\u015f Serkan Has&#8217;\u0131n cenaze t\u00f6renine kat\u0131ld\u0131&#8230;<\/p>\n<p>Akar&#8217;a kuvvet komutanlar\u0131 da e\u015flik ettiler.<\/p>\n<p>K\u00fcrt halk\u0131, do\u011fup b\u00fcy\u00fcd\u00fc\u011f\u00fc bu topraklardan g\u00f6\u00e7\u00a0etmeye ba\u015flad\u0131&#8230;<\/p>\n<p>Ama gidi\u015f y\u00f6n\u00fc Barzanistan&#8217;a do\u011fru de\u011fil&#8230;<\/p>\n<p>Belli ki, K\u00fcrt halk\u0131 g\u00fcvenli g\u00f6rd\u00fc\u011f\u00fc Bat\u0131&#8217;ya yerle\u015fmek istiyor&#8230;<\/p>\n<p>Apar-topar ABD&#8217;ye giden Selahattin Demirta\u015f, d\u00f6ner d\u00f6nmez Kandil&#8217;e ge\u00e7ti&#8230;<\/p>\n<p>A\u011fz\u0131ndan \u201c\u00f6zerklik\u201d ve \u201c\u00f6z y\u00f6netim\u201d s\u00f6zc\u00fcklerini d\u00fc\u015f\u00fcrm\u00fcyor&#8230;<\/p>\n<p>Anla\u015f\u0131l\u0131yor ki ABD, \u201ckarag\u00fcc\u00fc\u201d PKK\/PYD&#8217;ye, elden tebli\u011f edilecek talimatlar\u0131, Selahattin ile g\u00f6nderdi&#8230;<\/p>\n<p>* * *<\/p>\n<p>E\u015f Ba\u015fkan, adeta burnundan soluyor:<\/p>\n<p>\u201cBize tank\u0131n namlusunu g\u00f6sterip geri ad\u0131m att\u0131racaklar\u0131n\u0131 san\u0131yorlarsa, biz \u00f6l\u00fcm korkusunu \u00e7oktan a\u015ft\u0131k. Gen\u00e7ler hendek kaz\u0131p, barikat kuruyormu\u015f&#8230; Silip s\u00fcp\u00fcrme operasyonuymu\u015f! Siz kimsiniz ya? Siz ancak bu topraklar\u0131n kanalizasyonunu temizlersiniz!\u201d diyor&#8230;<\/p>\n<p>Kabul etmek gerekir, Demirta\u015f&#8217;\u0131n benzetmesi hi\u00e7 de fena de\u011fil&#8230;<\/p>\n<p>D\u00f6rt d\u00f6rtl\u00fck isabet kaydetti ve hedefi 12&#8217;den vurdu&#8230;<\/p>\n<p>Ger\u00e7ekten de Cizre ve Silopi&#8217;de kanalizasyon temizli\u011fi yap\u0131l\u0131yor&#8230;<\/p>\n<p>T\u00fcrkiye&#8217;nin ba\u011f\u0131rsaklar\u0131 iyice temizlenecek!..<\/p>\n<p>Ba\u015fka yolu yok&#8230;<\/p>\n<p>* * *<\/p>\n<p>Dersimli Kemal ise, Cizre ve Silopi&#8217;de ya\u015fanan olaylarla ilgili; \u00a0\u201ctaraf olmad\u0131klar\u0131n\u0131\u201d a\u00e7\u0131klad\u0131&#8230;<a href=\"https:\/\/www.google.com\/url?q=http:\/\/l.facebook.com\/l.php?u%3Dhttp%253A%252F%252Fwww.aydinlikgazete.com%252Fpolitika%252Fchp-diyarbakirda-taraf-degilmis-h80618.html%26h%3D3AQEyEUjy%26s%3D1&amp;sa=D&amp;usg=AFQjCNEbkoXuOEXgzLcDCYJSgPjRQzlwpA\" target=\"_blank\" rel=\"noopener noreferrer\">\u00a0<\/a><a href=\"https:\/\/www.google.com\/url?q=http:\/\/l.facebook.com\/l.php?u%3Dhttp%253A%252F%252Fwww.aydinlikgazete.com%252Fpolitika%252Fchp-diyarbakirda-taraf-degilmis-h80618.html%26h%3D3AQEyEUjy%26s%3D1&amp;sa=D&amp;usg=AFQjCNEbkoXuOEXgzLcDCYJSgPjRQzlwpA\" target=\"_blank\" rel=\"noopener noreferrer\">(2)<\/a><\/p>\n<p>Baraj\u0131 atlas\u0131n diye HDP&#8217;ye oy veren aymazlar\u0131n \u00a0hangi \u201ctaraf\u201dta oldu\u011fu tam bilinmiyor!..<\/p>\n<p>\u201cTarafs\u0131z Kemal\u201din i\u015faret ederek milletvekili se\u00e7tirdi\u011fi bir bayan milletvekili ise, f\u0131rsat bu f\u0131rsatt\u0131r diyerek, TBMM&#8217;nin duvar\u0131ndaki Atat\u00fcrk posterini indirmeye kalk\u0131\u015fm\u0131\u015f!..<\/p>\n<p>Bu defaki tan\u0131klar \u00e7ok sa\u011flam: Aylin Nazl\u0131aka ile B\u00fclent Ku\u015fo\u011flu&#8217;dur&#8230;<\/p>\n<p>\u0130kisi de \u201cTarafs\u0131z Kemal\u201din vazge\u00e7ilmezi, ikisi de iki d\u00f6nem Y- CHP&#8217;den milletvekilidir&#8230;<a href=\"https:\/\/www.google.com\/url?q=http:\/\/l.facebook.com\/l.php?u%3Dhttp%253A%252F%252Fwww.sozcu.com.tr%252F2015%252Fyazarlar%252Frahmi-turan%252Fataturkun-partisini-karistiran-haber-1010527%252F%26h%3DXAQFpCoV5%26s%3D1&amp;sa=D&amp;usg=AFQjCNFI39Aj41x1D8hsjrtzfnS0oduOKQ\" target=\"_blank\" rel=\"noopener noreferrer\">\u00a0(3)<\/a><\/p>\n<p>\u201cT\u0131p\u0131\u015f t\u0131p\u0131\u015f\u201d oy verdi\u011fimiz baz\u0131 Y-CHP milletvekilleri; \u201cYeni \u015feyler s\u00f6ylemek laz\u0131m\u201d diyerek, Gazi Meclis&#8217;ten Atat\u00fcrk&#8217;\u00fcn posterini indirdiler!..<\/p>\n<p>Haddini bilmezli\u011fe ve cesarete bakar m\u0131s\u0131n\u0131z!<\/p>\n<p>Bir de \u015f\u00f6yle d\u00fc\u015f\u00fcn\u00fcn; \u00a0bu d\u00f6nemde ya \u201ct\u0131p\u0131\u015f t\u0131p\u0131\u015f\u201d oy verdi\u011fimiz Ekmeleddin \u00a0Cumhurba\u015fkan\u0131 olsayd\u0131&#8230;<\/p>\n<p>Yar\u0131n se\u00e7im olsun, yemin ederim \u201ct\u0131p\u0131\u015f t\u0131p\u0131\u015f\u201d yine bu hainlere oy verece\u011fiz!..<\/p>\n<p>\u201c\u00d6\u011frenilmi\u015f \u00e7aresizlik\u201d<a href=\"https:\/\/www.google.com\/url?q=https:\/\/www.facebook.com\/l.php?u%3Dhttps%253A%252F%252Ftr.wikipedia.org%252Fwiki%252F%2525C3%252596%2525C4%25259Frenilmi%2525C5%25259F_%2525C3%2525A7aresizlik%26h%3DTAQH3vLG5%26s%3D1&amp;sa=D&amp;usg=AFQjCNF2EObEotI2WtTQ0PAae_0UBuZe7Q\" target=\"_blank\" rel=\"noopener noreferrer\">\u00a0<\/a><a href=\"https:\/\/www.google.com\/url?q=https:\/\/www.facebook.com\/l.php?u%3Dhttps%253A%252F%252Ftr.wikipedia.org%252Fwiki%252F%2525C3%252596%2525C4%25259Frenilmi%2525C5%25259F_%2525C3%2525A7aresizlik%26h%3DTAQH3vLG5%26s%3D1&amp;sa=D&amp;usg=AFQjCNF2EObEotI2WtTQ0PAae_0UBuZe7Q\" target=\"_blank\" rel=\"noopener noreferrer\">(4)<\/a>\u00a0 b\u00f6yle bir \u015feydir&#8230;<\/p>\n<p>* * *<\/p>\n<p>Hakk\u0131yla NOBEL \u00f6d\u00fcl\u00fcn\u00fc alan ilk T\u00fcrk bilim adam\u0131 olanProf.Dr. Aziz \u00a0Sancar&#8217;\u0131n \u00f6n\u00fcnde sayg\u0131yla e\u011filiyorum&#8230;<\/p>\n<p>An\u0131tkabir&#8217;de Ulu \u00d6nder&#8217;in manevi huzurunda \u00a0sayg\u0131yla e\u011filmesini de \u00e7ok \u00f6nemsiyorum&#8230;<\/p>\n<p>An\u0131tkabir&#8217;de sergilenmesi\u00a0i\u00e7in \u00f6d\u00fcl\u00fcn\u00fc Genelkurmay&#8217;a teslim etmesi ise, ayr\u0131ca duyguland\u0131rd\u0131 beni&#8230;<\/p>\n<p>Y-CHP&#8217;nin Tan\u0131t\u0131m ve Propagandadan Sorumlu Genel Ba\u015fkan Yard\u0131mc\u0131s\u0131 Prof. Mehmet Bekaro\u011flu: \u201d\u00d6d\u00fcl\u00fc Genelkurmay&#8217;a g\u00f6t\u00fcrmesine \u015fa\u015f\u0131rd\u0131k\u201d buyurmu\u015f&#8230;<\/p>\n<p>G\u00fcya o da profes\u00f6r!..<\/p>\n<p>Biz \u00a0de onun Atat\u00fcrk&#8217;\u00fcn partisinde; kad\u0131n kontenjan\u0131ndan parti meclisine se\u00e7tirilmesine \u00a0\u015fa\u015f\u0131rm\u0131\u015ft\u0131k&#8230;<\/p>\n<p>Ama yine de Dersimli Kemal&#8217;in bir bildi\u011fi vard\u0131r diye d\u00fc\u015f\u00fcnd\u00fck!<\/p>\n<p>Bildi\u011fi buymu\u015f me\u011fer&#8230;<\/p>\n<p>Kurultay delegelerinin\u00a0iradesine\u00a0verdi\u011fi de\u011feri g\u00f6stermesi bak\u0131m\u0131ndan bu olay \u00e7ok \u00f6nemlidir.<\/p>\n<p>Unutmayaca\u011f\u0131z, unutturmayaca\u011f\u0131z&#8230;<\/p>\n<p>* * *<\/p>\n<p>Prof. Sancar, ald\u0131\u011f\u0131 \u00f6d\u00fcl i\u00e7in \u201cBu, Atat\u00fcrk&#8217;\u00fcn ve Cumhuriyet&#8217;in \u00a0madalyas\u0131d\u0131r\u201d demi\u015f&#8230;<\/p>\n<p>Milli onurumuz olan Sancar&#8217;\u0131n bu hareketi, bir de \u00d6DP&#8217;ye yak\u0131nl\u0131\u011f\u0131 ile bilinen Birg\u00fcn\u00a0gazetesini incitmi\u015f&#8230;<\/p>\n<p>Birg\u00fcn&#8217;\u00fcn a\u00e7\u0131klamas\u0131 tamamen ger\u00e7e\u011fi sapt\u0131rma \u00fczerinedir:<\/p>\n<p>Haberi \u201c\u00dclk\u00fc Ocaklar\u0131 ile g\u00f6r\u00fc\u015ft\u00fckten sonra Ka\u00e7ak Saray&#8217;a giden Aziz Sancar Nobel&#8217;i TSK&#8217;ya verdi\u201d \u015feklinde verdiler&#8230;<a href=\"https:\/\/www.google.com\/url?q=http:\/\/l.facebook.com\/l.php?u%3Dhttp%253A%252F%252Fwww.aydinlikgazete.com%252Fturkiye%252Fnobeli-size-mi-teslim-etseydi-h80565.html%26h%3DXAQFpCoV5%26s%3D1&amp;sa=D&amp;usg=AFQjCNFiB94Bj_vV8SwFRWGyfEKJ92TRVg\" target=\"_blank\" rel=\"noopener noreferrer\">\u00a0<\/a><a href=\"https:\/\/www.google.com\/url?q=http:\/\/l.facebook.com\/l.php?u%3Dhttp%253A%252F%252Fwww.aydinlikgazete.com%252Fturkiye%252Fnobeli-size-mi-teslim-etseydi-h80565.html%26h%3DXAQFpCoV5%26s%3D1&amp;sa=D&amp;usg=AFQjCNFiB94Bj_vV8SwFRWGyfEKJ92TRVg\" target=\"_blank\" rel=\"noopener noreferrer\">(5)<\/a><\/p>\n<p>An\u0131tkabir&#8217;den\u00a0sorumlu\u00a0kurumun Genelkurmay Ba\u015fkanl\u0131\u011f\u0131 oldu\u011funu bilmeyen bu \u015fa\u015fk\u0131n herifler, ge\u00e7en se\u00e7imlerde de HDP&#8217;ye baraj\u0131 atlatmak\u00a0i\u00e7in oy verme aymazl\u0131\u011f\u0131n\u0131 da g\u00f6stermi\u015flerdi&#8230;<\/p>\n<p>* * *<\/p>\n<p>U\u00e7ak krizi, Musul&#8217;a asker g\u00f6nderilmesi, Diyarbak\u0131r&#8217;daki operasyonlar ve 17\/25\u00a0Aral\u0131k Soru\u015fturmalar\u0131 kar\u015f\u0131s\u0131nda, Y-CHP&#8217;nin g\u00f6r\u00fc\u015fleri a\u00e7\u0131kland\u0131&#8230;<\/p>\n<p>Genel Sekreter G\u00fcrsel Tekin, \u201cA\u00e7\u0131l\u0131m\u201dda oldu\u011fu gibi, \u00a0bu konularda da Y-CHP&#8217;nin daha aktif rol\u00a0almas\u0131n\u0131 istiyor&#8230;<\/p>\n<p>Tekin, bunun i\u00e7in adeta h\u00fck\u00fcmete yalvar\u0131yor&#8230;<a href=\"https:\/\/www.google.com\/url?q=http:\/\/l.facebook.com\/l.php?u%3Dhttp%253A%252F%252Ftv.cnnturk.com%252Fneoluyor%26h%3DSAQF_tNz6%26s%3D1&amp;sa=D&amp;usg=AFQjCNEIX3t19GoixNJrclLmBwYuWScaBg\" target=\"_blank\" rel=\"noopener noreferrer\">(6)<\/a><\/p>\n<p>Y-CHP ad\u0131na yap\u0131lm\u0131\u015f bu konu\u015fmalar\u0131n\u0131 dinledikten sonra, inan\u0131n yerin dibine girdim.<\/p>\n<p>\u0130yi ki, Davuto\u011flu&#8217;nun akl\u0131na Y-CHP&#8217;yi Ba\u015fbakanl\u0131\u011fa ba\u011fl\u0131 \u00a0s\u0131radan bir \u201cbakanl\u0131k\u201d haline getirmek gelmiyor!<\/p>\n<p>\u201cYok daha neler\u201d demeyin!..<\/p>\n<p>Dersimli ve arkada\u015flar\u0131n\u0131n buna itiraz edece\u011fini hi\u00e7 sanm\u0131yorum.<\/p>\n<p>\u201cY-CHP Bakanl\u0131\u011f\u0131\u201dn\u0131n kurulmas\u0131 ile iktidar\u0131n\u0131n s\u00fcreklili\u011fini, Dersimli ve arkada\u015flar\u0131 da<\/p>\n<p>koltuklar\u0131n\u0131 garanti alt\u0131na alabilirler&#8230;<\/p>\n<p>Y-CHP y\u00f6neticileri, altlar\u0131ndan koltuk gitmesin diye \u00a0her \u015feyi \u00a0yapmaya haz\u0131rd\u0131rlar&#8230;<\/p>\n<p>Cemil Can<\/p>\n<p>D\u0130PNOTLAR:<\/p>\n<p>(1)<a href=\"https:\/\/www.google.com\/url?q=http:\/\/l.facebook.com\/l.php?u%3Dhttp%253A%252F%252Fwww.internethaber.com%252Fmurat-karayilanin-telsiz-konusmalari-ortaya-cikti-1496129h.htm%26h%3DXAQFpCoV5%26s%3D1&amp;sa=D&amp;usg=AFQjCNHrM47Aq65CxizIWxxwGee1BJ6ejQ\" target=\"_blank\" rel=\"noopener noreferrer\">http:\/\/www.internethaber.com\/murat-karayilanin-telsiz-konusmalari-ortaya-cikti-1496129h.htm<\/a><\/p>\n<p>(2)<a href=\"https:\/\/www.google.com\/url?q=http:\/\/l.facebook.com\/l.php?u%3Dhttp%253A%252F%252Fwww.aydinlikgazete.com%252Fpolitika%252Fchp-diyarbakirda-taraf-degilmis-h80618.html%26h%3DVAQGanIDc%26s%3D1&amp;sa=D&amp;usg=AFQjCNHl56bhNu8yu_8k61__WK660ohQbg\" target=\"_blank\" rel=\"noopener noreferrer\">http:\/\/www.aydinlikgazete.com\/politika\/chp-diyarbakirda-taraf-degilmis-h80618.html<\/a>\u00a0(3)<a href=\"https:\/\/www.google.com\/url?q=http:\/\/l.facebook.com\/l.php?u%3Dhttp%253A%252F%252Fwww.sozcu.com.tr%252F2015%252Fyazarlar%252Frahmi-turan%252Fataturkun-partisini-karistiran-haber-1010527%252F%26h%3DcAQEmxDZ7%26s%3D1&amp;sa=D&amp;usg=AFQjCNG24dd_BW-LR1w6-fBsu1SKG_t1AA\" target=\"_blank\" rel=\"noopener noreferrer\">\u00a0<\/a><a href=\"https:\/\/www.google.com\/url?q=http:\/\/l.facebook.com\/l.php?u%3Dhttp%253A%252F%252Fwww.sozcu.com.tr%252F2015%252Fyazarlar%252Frahmi-turan%252Fataturkun-partisini-karistiran-haber-1010527%252F%26h%3DcAQEmxDZ7%26s%3D1&amp;sa=D&amp;usg=AFQjCNG24dd_BW-LR1w6-fBsu1SKG_t1AA\" target=\"_blank\" rel=\"noopener noreferrer\">http:\/\/www.sozcu.com.tr\/2015\/yazarlar\/rahmi-turan\/ataturkun-partisini-karistiran-haber-1010527\/<\/a><\/p>\n<p>(4)<a href=\"https:\/\/www.google.com\/url?q=https:\/\/tr.wikipedia.org\/wiki\/%25C3%2596%25C4%259Frenilmi%25C5%259F_%25C3%25A7aresizlik&amp;sa=D&amp;usg=AFQjCNFDW0SKd9Qq5Hxf6lx4zdmr9vj2LA\" target=\"_blank\" rel=\"noopener noreferrer\">\u00a0<\/a><a href=\"https:\/\/www.google.com\/url?q=https:\/\/tr.wikipedia.org\/wiki\/%25C3%2596%25C4%259Frenilmi%25C5%259F_%25C3%25A7aresizlik&amp;sa=D&amp;usg=AFQjCNFDW0SKd9Qq5Hxf6lx4zdmr9vj2LA\" target=\"_blank\" rel=\"noopener noreferrer\">https:\/\/tr.wikipedia.org\/wiki\/%C3%96%C4%9Frenilmi%C5%9F_%C3%A7aresizlik<\/a><\/p>\n<p>(5)<a href=\"https:\/\/www.google.com\/url?q=http:\/\/www.aydinlikgazete.com\/turkiye\/nobeli-size-mi-teslim-etseydi-h80565.html&amp;sa=D&amp;usg=AFQjCNEKZ9zVmQQEYdauMhkz56Ks19b9AQ\" target=\"_blank\" rel=\"noopener noreferrer\">\u00a0<\/a><a href=\"https:\/\/www.google.com\/url?q=http:\/\/www.aydinlikgazete.com\/turkiye\/nobeli-size-mi-teslim-etseydi-h80565.html&amp;sa=D&amp;usg=AFQjCNEKZ9zVmQQEYdauMhkz56Ks19b9AQ\" target=\"_blank\" rel=\"noopener noreferrer\">http:\/\/www.aydinlikgazete.com\/turkiye\/nobeli-size-mi-teslim-etseydi-h80565.html<\/a><\/p>\n<p>(6)<a href=\"https:\/\/www.google.com\/url?q=http:\/\/l.facebook.com\/l.php?u%3Dhttp%253A%252F%252Ftv.cnnturk.com%252Fneoluyor%26h%3D_AQG2R_mP%26s%3D1&amp;sa=D&amp;usg=AFQjCNGVvZpOHSVBv2JhN0M6M-W1eMWuTw\" target=\"_blank\" rel=\"noopener noreferrer\">\u00a0<\/a><a href=\"https:\/\/www.google.com\/url?q=http:\/\/l.facebook.com\/l.php?u%3Dhttp%253A%252F%252Ftv.cnnturk.com%252Fneoluyor%26h%3D_AQG2R_mP%26s%3D1&amp;sa=D&amp;usg=AFQjCNGVvZpOHSVBv2JhN0M6M-W1eMWuTw\" target=\"_blank\" rel=\"noopener noreferrer\">http:\/\/tv.cnnturk.com\/neoluyor<\/a><\/p>\n<\/div>\n<div align=\"justify\"><span style=\"color: black; font-family: Arial; font-size: small;\"><a href=\"https:\/\/www.google.com\/url?q=https:\/\/www.facebook.com\/notes\/cemil-can\/oy-birli%25C4%259Fi-ile-\/541383849358318&amp;sa=D&amp;usg=AFQjCNFxaRo5EGzwj2NAsbxqo1MQUv1QpQ\" target=\"_blank\" rel=\"noopener noreferrer\"><span style=\"font-size: small;\">\u201cOY B\u0130RL\u0130\u011e\u0130 \u0130LE\u201d !.. \u00a0 \u00a0 \u00a015 KASIM 2015 PAZAR<\/span><\/a><\/span><\/div>\n<div align=\"justify\"><span style=\"color: black; font-family: Arial; font-size: small;\">\u00a0<\/span><\/div>\n<div align=\"justify\"><span style=\"color: black; font-family: Arial; font-size: small;\"><span style=\"color: #141823; font-family: Georgia; font-size: medium;\"><b>1<\/b><\/span><span style=\"color: #141823; font-family: Georgia; font-size: medium;\">2 g\u00fcn sonra Silvan&#8217;daki soka\u011fa \u00e7\u0131kma yasa\u011f\u0131 kald\u0131r\u0131ld\u0131.<\/span><\/span><\/div>\n<div align=\"justify\"><span style=\"color: black; font-family: Arial; font-size: small;\"><span style=\"color: #141823; font-family: Georgia; font-size: medium;\"><b>8<\/b><\/span><span style=\"color: #141823; font-family: Georgia; font-size: medium;\">\u00a0g\u00fcvenlik g\u00f6revlimiz \u015fehit, 10 ter\u00f6r \u00f6rg\u00fct\u00fc \u00fcyesi etkisiz hale getirildi&#8230;<\/span><\/span><\/div>\n<div align=\"justify\"><span style=\"color: black; font-family: Arial; font-size: small;\"><span style=\"color: #141823; font-family: Georgia; font-size: medium;\">40 bin insan\u0131m\u0131z\u0131n \u00f6l\u00fcm\u00fcnden sorumlu <\/span><span style=\"color: #141823; font-family: Georgia; font-size: medium;\"><b>PKK<\/b><\/span><span style=\"color: #141823; font-family: Georgia; font-size: medium;\">&#8216;n\u0131n Suriye Kolu <\/span><span style=\"color: #141823; font-family: Georgia; font-size: medium;\"><b>PYD<\/b><\/span><span style=\"color: #141823; font-family: Georgia; font-size: medium;\">&#8216;nin y\u00f6neticilerini, yak\u0131n ge\u00e7mi\u015fte Fransa Cumhurba\u015fkan\u0131 Hollande saray\u0131nda <\/span><span style=\"color: #141823; font-family: Georgia; font-size: medium;\"><b>kabul<\/b><\/span><span style=\"color: #141823; font-family: Georgia; font-size: medium;\">\u00a0etmi\u015fti!..<\/span><\/span><\/div>\n<div align=\"justify\"><span style=\"color: black; font-family: Arial; font-size: small;\"><span style=\"color: #141823; font-family: Georgia; font-size: medium;\">Kafa kesen d\u00fcnyan\u0131n en ac\u0131mas\u0131z di\u011fer ter\u00f6r \u00f6rg\u00fct\u00fc I\u015e\u0130D ise, 6 ayr\u0131 noktada ger\u00e7ekle\u015ftirdi\u011fi sald\u0131r\u0131lar ile Paris&#8217;i kana bulad\u0131&#8230;<\/span><\/span><\/div>\n<div align=\"justify\"><span style=\"color: black; font-family: Arial; font-size: small;\"><span style=\"color: #141823; font-family: Georgia; font-size: medium;\">Ter\u00f6r\u00fcn son kurban\u0131 Fransa oldu.<\/span><\/span><\/div>\n<div align=\"justify\"><span style=\"color: black; font-family: Arial; font-size: small;\"><span style=\"color: #141823; font-family: Georgia; font-size: medium;\">\u00d6l\u00fc say\u0131s\u0131 <\/span><span style=\"color: #141823; font-family: Georgia; font-size: medium;\"><b>129<\/b><\/span><span style=\"color: #141823; font-family: Georgia; font-size: medium;\">&#8216;a ula\u015ft\u0131. \u00a0<\/span><\/span><\/div>\n<div align=\"justify\"><span style=\"color: black; font-family: Arial; font-size: small;\"><span style=\"color: #141823; font-family: Georgia; font-size: medium;\">Paris Ba\u015fsavc\u0131l\u0131\u011f\u0131&#8217;n\u0131n a\u00e7\u0131klamas\u0131na g\u00f6re, \u00f6len <\/span><span style=\"color: #141823; font-family: Georgia; font-size: medium;\"><b>7<\/b><\/span><span style=\"color: #141823; font-family: Georgia; font-size: medium;\">\u00a0ter\u00f6ristten<\/span><span style=\"color: #141823; font-family: Georgia; font-size: medium;\"><b>6<\/b><\/span><span style=\"color: #141823; font-family: Georgia; font-size: medium;\">&#8216;s\u0131 <\/span><span style=\"color: #141823; font-family: Georgia; font-size: medium;\"><b>canl\u0131<\/b><\/span><span style=\"color: #141823; font-family: Georgia; font-size: medium;\">\u00a0bombaym\u0131\u015f!..<\/span><\/span><\/div>\n<div align=\"justify\"><span style=\"color: black; font-family: Arial; font-size: small;\"><span style=\"color: #141823; font-family: Georgia; font-size: medium;\">Ya\u015farken \u00f6l\u00fcd\u00fcrler, \u00f6l\u00fcrken canl\u0131!..<\/span><\/span><\/div>\n<div align=\"justify\"><span style=\"color: black; font-family: Arial; font-size: small;\"><span style=\"color: #141823; font-family: Georgia; font-size: medium;\">Ter\u00f6r\u00fc silah olarak kullananlar, sonunda ter\u00f6r\u00fcn ma\u011fduru oluyorlar&#8230;<\/span><\/span><\/div>\n<div align=\"justify\"><span style=\"color: black; font-family: Arial; font-size: small;\"><span style=\"color: #141823; font-family: Georgia; font-size: medium;\">Bize ter\u00f6r \u00f6rg\u00fct\u00fc ile \u201c<\/span><span style=\"color: #141823; font-family: Georgia; font-size: medium;\"><b>masaya oturmay\u0131<\/b><\/span><span style=\"color: #141823; font-family: Georgia; font-size: medium;\">\u201d \u00a0tavsiye eden Fransa&#8217;ya, <\/span><span style=\"color: #141823; font-family: Georgia; font-size: medium;\"><b>I\u015e\u0130D i<\/b><\/span><span style=\"color: #141823; font-family: Georgia; font-size: medium;\">le masaya oturmay\u0131 \u00f6nermenin tam zaman\u0131d\u0131r!<\/span><\/span><\/div>\n<div align=\"justify\"><span style=\"color: black; font-family: Arial; font-size: small;\"><span style=\"color: #141823; font-family: Georgia; font-size: medium;\">Strateji uzmanlar\u0131na g\u00f6re, <\/span><span style=\"color: #141823; font-family: Georgia; font-size: medium;\"><b>ABD<\/b><\/span><span style=\"color: #141823; font-family: Georgia; font-size: medium;\">, Suriye&#8217;de <\/span><span style=\"color: #141823; font-family: Georgia; font-size: medium;\"><b>yan<\/b><\/span><span style=\"color: #141823; font-family: Georgia; font-size: medium;\">\u00a0\u00e7izmeye \u00e7al\u0131\u015fan Fransa&#8217;n\u0131n, saf\u0131n\u0131 kesin olarak se\u00e7mesi i\u00e7in bu eylemi yapt\u0131rm\u0131\u015f&#8230;<\/span><\/span><\/div>\n<div align=\"justify\"><span style=\"color: black; font-family: Arial; font-size: small;\"><span style=\"color: #141823; font-family: Georgia; font-size: medium;\">Kesin bir \u015fey s\u00f6ylyebilmek imkans\u0131z tabi&#8230;<\/span><\/span><\/div>\n<div align=\"justify\"><span style=\"color: black; font-family: Arial; font-size: small;\"><span style=\"color: #141823; font-family: Georgia; font-size: medium;\">Hollande&#8217;den <\/span><span style=\"color: #141823; font-family: Georgia; font-size: medium;\"><b>\u00f6nce<\/b><\/span><span style=\"color: #141823; font-family: Georgia; font-size: medium;\">\u00a0Obama&#8217;n\u0131n sald\u0131r\u0131 ile ilgili a\u00e7\u0131klama yapmas\u0131 akla bu ihtimali getiriyor.<\/span><\/span><\/div>\n<div align=\"justify\"><span style=\"color: black; font-family: Arial; font-size: small;\"><span style=\"color: #141823; font-family: Georgia; font-size: medium;\"><b>11 Eyl\u00fcl <\/b><\/span><span style=\"color: #141823; font-family: Georgia; font-size: medium;\">sald\u0131r\u0131s\u0131ndan sonra, ba\u015flat\u0131lan <\/span><span style=\"color: #141823; font-family: Georgia; font-size: medium;\"><b>Ha\u00e7l\u0131 Seferleri<\/b><\/span><span style=\"color: #141823; font-family: Georgia; font-size: medium;\">&#8216;nin ikincisi yoldad\u0131r, diyenler de var&#8230;<\/span><\/span><\/div>\n<div align=\"justify\"><span style=\"color: black; font-family: Arial; font-size: small;\"><span style=\"color: #141823; font-family: Georgia; font-size: medium;\">Irak ve Suriye&#8217;yi par\u00e7alamak i\u00e7in b\u00f6yle bir sefere ihtiya\u00e7 duyuluyor!<\/span><\/span><\/div>\n<div align=\"justify\"><span style=\"color: black; font-family: Arial; font-size: small;\"><span style=\"color: #141823; font-family: Georgia; font-size: medium;\">Bir di\u011fer g\u00f6r\u00fc\u015f, Suriye&#8217;de do\u011fal s\u0131n\u0131rlar\u0131na kadar ilerlyen I\u015e\u0130D, ter\u00f6r\u00fc Avrupa&#8217;ya <\/span><span style=\"color: #141823; font-family: Georgia; font-size: medium;\"><b>ihra\u00e7<\/b><\/span><span style=\"color: #141823; font-family: Georgia; font-size: medium;\">\u00a0etmeye \u00e7al\u0131\u015f\u0131yor.<\/span><\/span><\/div>\n<div align=\"justify\"><span style=\"color: black; font-family: Arial; font-size: small;\"><span style=\"color: #141823; font-family: Georgia; font-size: medium;\">Ancak bu \u015fekilde g\u00fcndemdeki yerini koruyabilir&#8230;<\/span><\/span><\/div>\n<div align=\"justify\"><span style=\"color: black; font-family: Arial; font-size: small;\"><span style=\"color: #141823; font-family: Georgia; font-size: medium;\">Suru\u00e7 ve Ankara katliamlar\u0131, Rus u\u00e7a\u011f\u0131n\u0131n M\u0131s\u0131r&#8217;da d\u00fc\u015f\u00fcr\u00fclmesi, Charlie Hebdo bask\u0131n\u0131 ve Paris&#8217;teki son korkun\u00e7 sald\u0131r\u0131, bu fikrin do\u011frulu\u011funu g\u00fc\u00e7lendiriyor&#8230;<\/span><\/span><\/div>\n<div align=\"justify\"><span style=\"color: black; font-family: Arial; font-size: small;\"><span style=\"color: #141823; font-family: Georgia; font-size: medium;\">Kim ne derse desin, T\u00fcrkiye&#8217;nin ba\u015fkanl\u0131k yapaca\u011f\u0131<\/span><span style=\"color: #141823; font-family: Georgia; font-size: medium;\"><b>G20<\/b><\/span><span style=\"color: #141823; font-family: Georgia; font-size: medium;\">\u00a0zirvesinin g\u00fcndemini bile I\u015e\u0130D belirledi&#8230;<\/span><\/span><\/div>\n<div align=\"justify\"><span style=\"color: black; font-family: Arial; font-size: small;\"><span style=\"color: #141823; font-family: Georgia; font-size: medium;\">Toplant\u0131da \u00f6ncelikli olarak \u201c<\/span><span style=\"color: #141823; font-family: Georgia; font-size: medium;\"><b>k\u00fcresel ter\u00f6r<\/b><\/span><span style=\"color: #141823; font-family: Georgia; font-size: medium;\">\u201d konu\u015fulacak&#8230;<\/span><\/span><\/div>\n<div align=\"justify\"><span style=\"color: black; font-family: Arial; font-size: small;\"><span style=\"color: #141823; font-family: Georgia; font-size: medium;\">Avusturya&#8217;n\u0131n ba\u015fkenti Viyana&#8217;da, Suriye&#8217;deki \u201c<\/span><span style=\"color: #141823; font-family: Georgia; font-size: medium;\"><b>i\u00e7 sava\u015f<\/b><\/span><span style=\"color: #141823; font-family: Georgia; font-size: medium;\">\u201da \u00e7\u00f6z\u00fcm bulmak i\u00e7in \u00a0yap\u0131lan zirvede, <\/span><span style=\"color: #141823; font-family: Georgia; font-size: medium;\"><b>ABD<\/b><\/span><span style=\"color: #141823; font-family: Georgia; font-size: medium;\">\u00a0Rusya&#8217;n\u0131n form\u00fcl\u00fcn\u00fc <\/span><span style=\"color: #141823; font-family: Georgia; font-size: medium;\"><b>kabul<\/b><\/span><span style=\"color: #141823; font-family: Georgia; font-size: medium;\">\u00a0etti: <\/span><span style=\"color: #141823; font-family: Georgia; font-size: medium;\"><b>6<\/b><\/span><span style=\"color: #141823; font-family: Georgia; font-size: medium;\">\u00a0ay i\u00e7erisinde ge\u00e7i\u015f s\u00fcreci ba\u015flayacak, yeni bir anayasa ve <\/span><span style=\"color: #141823; font-family: Georgia; font-size: medium;\"><b>18<\/b><\/span><span style=\"color: #141823; font-family: Georgia; font-size: medium;\">\u00a0ay i\u00e7erisinde adil bir se\u00e7im yap\u0131lacak&#8230;<\/span><\/span><\/div>\n<div align=\"justify\"><span style=\"color: black; font-family: Arial; font-size: small;\"><span style=\"color: #141823; font-family: Georgia; font-size: medium;\">El Nusra ve I\u015e\u0130D i\u00e7in operasyonlar s\u00fcrecek&#8230;<\/span><\/span><\/div>\n<div align=\"justify\"><span style=\"color: black; font-family: Arial; font-size: small;\"><span style=\"color: #141823; font-family: Georgia; font-size: medium;\">K\u00fcresel g\u00fc\u00e7ler, hi\u00e7 bir \u015fekilde ellerini ter\u00f6ristlerin<\/span><span style=\"color: #141823; font-family: Georgia; font-size: medium;\"><b>s\u0131rt\u0131ndan<\/b><\/span><span style=\"color: #141823; font-family: Georgia; font-size: medium;\">\u00a0\u00e7ekmiyorlar&#8230;<\/span><\/span><\/div>\n<div align=\"justify\"><span style=\"color: black; font-family: Arial; font-size: small;\"><span style=\"color: #141823; font-family: Georgia; font-size: medium;\">Emperyalistler, Irak&#8217;\u0131n kuzeyindeki petrol rezervlerini ele ge\u00e7irmek i\u00e7in akla gelmedik eylemlere ba\u015fvuracaklar ve her zamanki gibi yine ter\u00f6r\u00fc kullanacaklar&#8230;<\/span><\/span><\/div>\n<div align=\"justify\"><span style=\"color: black; font-family: Arial; font-size: small;\"><span style=\"color: #141823; font-family: Georgia; font-size: medium;\">Bu y\u00fczden <\/span><span style=\"color: #141823; font-family: Georgia; font-size: medium;\"><b>k\u0131nama<\/b><\/span><span style=\"color: #141823; font-family: Georgia; font-size: medium;\">\u00a0mesajlar\u0131 inand\u0131r\u0131c\u0131 olmuyor&#8230;<\/span><\/span><\/div>\n<div align=\"justify\"><span style=\"color: black; font-family: Arial; font-size: small;\"><span style=\"color: #141823; font-family: Georgia; font-size: medium;\">***<\/span><\/span><\/div>\n<div align=\"justify\"><span style=\"color: black; font-family: Arial; font-size: small;\"><span style=\"color: #141823; font-family: Georgia; font-size: medium;\">Kumpas davas\u0131 y\u00fcr\u00fcrken, ABD&#8217;nin Ankara B\u00fcy\u00fckel\u00e7isi<\/span><span style=\"color: #141823; font-family: Georgia; font-size: medium;\"><b>James Jeffery<\/b><\/span><span style=\"color: #141823; font-family: Georgia; font-size: medium;\">, \u201cAskeri yetkililere kar\u015f\u0131 ger\u00e7ek delillerin<\/span><span style=\"color: #141823; font-family: Georgia; font-size: medium;\"><b>kullan\u0131lmad\u0131\u011f\u0131n\u0131<\/b><\/span><span style=\"color: #141823; font-family: Georgia; font-size: medium;\">\u00a0ve amat\u00f6rce tahrif edilmi\u015f <\/span><span style=\"color: #141823; font-family: Georgia; font-size: medium;\"><b>sahte belgeler<\/b><\/span><span style=\"color: #141823; font-family: Georgia; font-size: medium;\">\u00a0oldu\u011funun <\/span><span style=\"color: #141823; font-family: Georgia; font-size: medium;\"><b>fark\u0131ndayd\u0131k.<\/b><\/span><span style=\"color: #141823; font-family: Georgia; font-size: medium;\">\u00a0\u00d6zellikle Balyoz, amat\u00f6rceydi ve biz insanlar\u0131n, sahteli\u011fi bu kadar a\u00e7\u0131k olan kan\u0131tlarla yarg\u0131lanmas\u0131na <\/span><span style=\"color: #141823; font-family: Georgia; font-size: medium;\"><b>\u015fa\u015f\u0131r\u0131p kalm\u0131\u015ft\u0131k<\/b><\/span><span style=\"color: #141823; font-family: Georgia; font-size: medium;\">\u201d dedi&#8230;<\/span><\/span><\/div>\n<div align=\"justify\"><span style=\"color: black; font-family: Arial; font-size: small;\"><span style=\"color: #141823; font-family: Georgia; font-size: medium;\">Bu a\u00e7\u0131klamay\u0131 <\/span><span style=\"color: #141823; font-family: Georgia; font-size: medium;\"><b>itiraf<\/b><\/span><span style=\"color: #141823; font-family: Georgia; font-size: medium;\">\u00a0kabul ediyoruz!<\/span><\/span><\/div>\n<div align=\"justify\"><span style=\"color: black; font-family: Arial; font-size: small;\"><span style=\"color: #141823; font-family: Georgia; font-size: medium;\">Ne var ki, <\/span><span style=\"color: #141823; font-family: Georgia; font-size: medium;\"><b>FET\u00d6<\/b><\/span><span style=\"color: #141823; font-family: Georgia; font-size: medium;\">\u00a0\u00fcyesi savc\u0131 ve yarg\u0131\u00e7lar, hi\u00e7bir \u015feyin fark\u0131na varamam\u0131\u015f gibi davran\u0131p, yurtseverlere en a\u011f\u0131r cezalar\u0131 verdiler.<\/span><\/span><\/div>\n<div align=\"justify\"><span style=\"color: black; font-family: Arial; font-size: small;\"><span style=\"color: #141823; font-family: Georgia; font-size: medium;\">Ger\u00e7ek hukuk\u00e7ular, bu kararlar\u0131 i\u00e7lerine sindirmedi\u011fi i\u00e7in, bir tek onlar \u015fa\u015f\u0131r\u0131p kalmam\u0131\u015flard\u0131&#8230;<\/span><\/span><\/div>\n<div align=\"justify\"><span style=\"color: black; font-family: Arial; font-size: small;\"><span style=\"color: #141823; font-family: Georgia; font-size: medium;\">\u015ea\u015f\u0131r\u0131p kalan ABD yetkilileri, hi\u00e7bir zaman bu duruma seslerini <\/span><span style=\"color: #141823; font-family: Georgia; font-size: medium;\"><b>\u00e7\u0131karmad\u0131lar<\/b><\/span><span style=\"color: #141823; font-family: Georgia; font-size: medium;\">, \u00e7\u00fcnk\u00fc kumpas\u0131n tam merkezinde onlar oturuyorlard\u0131&#8230;<\/span><\/span><\/div>\n<div align=\"justify\"><span style=\"color: black; font-family: Arial; font-size: small;\"><span style=\"color: #141823; font-family: Georgia; font-size: medium;\">Kumpas\u0131n birinci dercedeki su\u00e7 orta\u011f\u0131 AKP&#8217;nin, \u201c<\/span><span style=\"color: #141823; font-family: Georgia; font-size: medium;\"><b>aldat\u0131ld\u0131k<\/b><\/span><span style=\"color: #141823; font-family: Georgia; font-size: medium;\">\u201d savunmas\u0131na T\u00fcrk halk\u0131, itibar m\u0131 etti, yoksa \u00f6ncelik s\u0131ralamas\u0131ndaki yerini mi de\u011fi\u015ftirdi, onu \u00a0yak\u0131n zamanda anlayamayaca\u011f\u0131z&#8230;<\/span><\/span><\/div>\n<div align=\"justify\"><span style=\"color: black; font-family: Arial; font-size: small;\"><span style=\"color: #141823; font-family: Georgia; font-size: medium;\">Bunun i\u00e7in ilk genel se\u00e7imlere kadar beklemek gerekiyor&#8230;<\/span><\/span><\/div>\n<div align=\"justify\"><span style=\"color: black; font-family: Arial; font-size: small;\"><span style=\"color: #141823; font-family: Georgia; font-size: medium;\">***<\/span><\/span><\/div>\n<div align=\"justify\"><span style=\"color: black; font-family: Arial; font-size: small;\"><span style=\"color: #141823; font-family: Georgia; font-size: medium;\">Kaset komplosu ile <\/span><span style=\"color: #141823; font-family: Georgia; font-size: medium;\"><b>CHP<\/b><\/span><span style=\"color: #141823; font-family: Georgia; font-size: medium;\">&#8216;nin ba\u015f\u0131na getirilen Dersimli Kemal, <\/span><span style=\"color: #141823; font-family: Georgia; font-size: medium;\"><b>5<\/b><\/span><span style=\"color: #141823; font-family: Georgia; font-size: medium;\">\u00a0y\u0131l i\u00e7erisinde kadrosunu \u00f6rg\u00fct\u00fcn her kademesine yerle\u015ftirdi&#8230;<\/span><\/span><\/div>\n<div align=\"justify\"><span style=\"color: black; font-family: Arial; font-size: small;\"><span style=\"color: #141823; font-family: Georgia; font-size: medium;\">\u00d6yle ki, <\/span><span style=\"color: #141823; font-family: Georgia; font-size: medium;\"><b>1 Kas\u0131m<\/b><\/span><span style=\"color: #141823; font-family: Georgia; font-size: medium;\">\u00a0se\u00e7imlerinden sonra \u201c\u0130stifay\u0131 hi\u00e7 akl\u0131ma getirmedim\u201d diyecek kadar adamlar\u0131na <\/span><span style=\"color: #141823; font-family: Georgia; font-size: medium;\"><b>g\u00fcveniyor<\/b><\/span><span style=\"color: #141823; font-family: Georgia; font-size: medium;\">\u00a0\u015fimdi. \u00a0<\/span><\/span><\/div>\n<div align=\"justify\"><span style=\"color: black; font-family: Arial; font-size: small;\"><span style=\"color: #141823; font-family: Georgia; font-size: medium;\"><b>Pi\u015fkinli\u011fi<\/b><\/span><span style=\"color: #141823; font-family: Georgia; font-size: medium;\">\u00a0i\u00e7in bir \u015fey demiyece\u011fim.<\/span><\/span><\/div>\n<div align=\"justify\"><span style=\"color: black; font-family: Arial; font-size: small;\"><span style=\"color: #141823; font-family: Georgia; font-size: medium;\">K\u00fcresel g\u00fc\u00e7lerin elinde ne kadar pi\u015fti\u011fi, s\u00f6zlerinden belli oluyor&#8230;<\/span><\/span><\/div>\n<div align=\"justify\"><span style=\"color: black; font-family: Arial; font-size: small;\"><span style=\"color: #141823; font-family: Georgia; font-size: medium;\">Benim as\u0131l <\/span><span style=\"color: #141823; font-family: Georgia; font-size: medium;\"><b>tuhaf<\/b><\/span><span style=\"color: #141823; font-family: Georgia; font-size: medium;\">\u00a0kar\u015f\u0131lad\u0131\u011f\u0131m; bu kadar k\u0131sa s\u00fcre i\u00e7erisinde sorgulamayan, yarg\u0131lamayan, emir erinden farks\u0131z, Ha\u015fha\u015fi vari <\/span><span style=\"color: #141823; font-family: Georgia; font-size: medium;\"><b>militanlar\u0131n<\/b><\/span><span style=\"color: #141823; font-family: Georgia; font-size: medium;\">\u00a0 ne zaman ve nerede yeti\u015ftirilip, CHP&#8217;ye yerle\u015ftirildi\u011fidir&#8230;<\/span><\/span><\/div>\n<div align=\"justify\"><span style=\"color: black; font-family: Arial; font-size: small;\"><span style=\"color: #141823; font-family: Georgia; font-size: medium;\">\u00c7ankaya Belediye Ba\u015fkan\u0131 Alper Ta\u015fdelen&#8217;in, CEPA AVM arkas\u0131nda <\/span><span style=\"color: #141823; font-family: Georgia; font-size: medium;\"><b>ruhsats\u0131z<\/b><\/span><span style=\"color: #141823; font-family: Georgia; font-size: medium;\">\u00a0y\u00fckselen kay\u0131npederinin karde\u015fine ait<\/span><span style=\"color: #141823; font-family: Georgia; font-size: medium;\"><b>20<\/b><\/span><span style=\"color: #141823; font-family: Georgia; font-size: medium;\">\u00a0katl\u0131 bina y\u00fcz\u00fcnden vurulmas\u0131n\u0131 haber yapan,<\/span><span style=\"color: #141823; font-family: Georgia; font-size: medium;\"><b>CHP<\/b><\/span><span style=\"color: #141823; font-family: Georgia; font-size: medium;\">\u00a0yanl\u0131s\u0131 yay\u0131nlar\u0131 ile tan\u0131nm\u0131\u015f internet gazetesi <\/span><span style=\"color: #141823; font-family: Georgia; font-size: medium;\"><b>Halk\u0131n Habercisi<\/b><\/span><span style=\"color: #141823; font-family: Georgia; font-size: medium;\">&#8216;nin sahibi, \u0130lyas G\u00fcven Ero\u011flu hakk\u0131nda<\/span><span style=\"color: #141823; font-family: Georgia; font-size: medium;\"><b>disiplin soru\u015fturmas\u0131<\/b><\/span><span style=\"color: #141823; font-family: Georgia; font-size: medium;\">\u00a0ba\u015flat\u0131ld\u0131!&#8230;<\/span><\/span><\/div>\n<div align=\"justify\"><span style=\"color: black; font-family: Arial; font-size: small;\"><span style=\"color: #141823; font-family: Georgia; font-size: medium;\">Dersimli Kemal, bu haber y\u00fcz\u00fcnden Ero\u011flu i\u00e7in \u201c<\/span><span style=\"color: #141823; font-family: Georgia; font-size: medium;\"><b>s\u00f6zde CHP&#8217;li<\/b><\/span><span style=\"color: #141823; font-family: Georgia; font-size: medium;\">\u201d demi\u015f, \u00c7ankaya Belediyesi&#8217;nden ihale alamad\u0131\u011f\u0131 i\u00e7in Ta\u015fdelen&#8217;e \u201c<\/span><span style=\"color: #141823; font-family: Georgia; font-size: medium;\"><b>iftira<\/b><\/span><span style=\"color: #141823; font-family: Georgia; font-size: medium;\">\u201d att\u0131\u011f\u0131n\u0131 ima ettikten sonra, Ero\u011flu gibileri partiden \u201c<\/span><span style=\"color: #141823; font-family: Georgia; font-size: medium;\"><b>temizleyece\u011fini<\/b><\/span><span style=\"color: #141823; font-family: Georgia; font-size: medium;\">\u201d s\u00f6ylemi\u015fti&#8230; \u00a0<\/span><\/span><\/div>\n<div align=\"justify\"><span style=\"color: black; font-family: Arial; font-size: small;\"><span style=\"color: #141823; font-family: Georgia; font-size: medium;\">Haber \u00fczerinden bir hafta bile ge\u00e7meden, G\u00fcven Hastanesi doktorlar\u0131, Ta\u015fdelen&#8217;in iste\u011fi \u00fczerine; muayene edilmeden ve filmi \u00e7ekilmeden, o raporu verdiklerini kabul edip,<\/span><span style=\"color: #141823; font-family: Georgia; font-size: medium;\"><b>ger\u00e7e\u011fi itiraf <\/b><\/span><span style=\"color: #141823; font-family: Georgia; font-size: medium;\">ettiler&#8230;<\/span><\/span><\/div>\n<div align=\"justify\"><span style=\"color: black; font-family: Arial; font-size: small;\"><span style=\"color: #141823; font-family: Georgia; font-size: medium;\">Dolay\u0131s\u0131yla; <\/span><span style=\"color: #141823; font-family: Georgia; font-size: medium;\"><b>yalanc\u0131n\u0131n<\/b><\/span><span style=\"color: #141823; font-family: Georgia; font-size: medium;\">\u00a0Alper Ta\u015fdelen, <\/span><span style=\"color: #141823; font-family: Georgia; font-size: medium;\"><b>iftirac\u0131n\u0131n<\/b><\/span><span style=\"color: #141823; font-family: Georgia; font-size: medium;\">\u00a0da Kemal K\u0131l\u0131\u00e7daro\u011flu oldu\u011fu doktor raporu ile sabit hale gelmi\u015ftir&#8230;<\/span><\/span><\/div>\n<div align=\"justify\"><span style=\"color: black; font-family: Arial; font-size: small;\"><span style=\"color: #141823; font-family: Georgia; font-size: medium;\">B\u00f6yle bir durum kar\u015f\u0131s\u0131nda; \u201cki\u015fili\u011fi oturmu\u015f, onurlu insanlar ne yapar?\u201d sorusunu elbtte ki, sormuyorum!<\/span><\/span><\/div>\n<div align=\"justify\"><span style=\"color: black; font-family: Arial; font-size: small;\"><span style=\"color: #141823; font-family: Georgia; font-size: medium;\">Pi\u015fkinli\u011fe ba\u011fl\u0131 olarak, kimin \u00a0ne yapt\u0131\u011f\u0131 zaten g\u00f6r\u00fcl\u00fcyor.<\/span><\/span><\/div>\n<div align=\"justify\"><span style=\"color: black; font-family: Arial; font-size: small;\"><span style=\"color: #141823; font-family: Georgia; font-size: medium;\">Dersimli, yakla\u015fan CHP Kurultay\u0131nda yeniden genel ba\u015fkanl\u0131k i\u00e7in haz\u0131rl\u0131klar\u0131n\u0131 yap\u0131yor&#8230;<\/span><\/span><\/div>\n<div align=\"justify\"><span style=\"color: black; font-family: Arial; font-size: small;\"><span style=\"color: #141823; font-family: Georgia; font-size: medium;\">Peki, ba\u015fkentte ikamet eden CHP Ankara \u0130l \u00d6rg\u00fct\u00fc ne yap\u0131yor?<\/span><\/span><\/div>\n<div align=\"justify\"><span style=\"color: black; font-family: Arial; font-size: small;\"><span style=\"color: #141823; font-family: Georgia; font-size: medium;\">Hi\u00e7 merak ettiniz mi?<\/span><\/span><\/div>\n<div align=\"justify\"><span style=\"color: black; font-family: Arial; font-size: small;\"><span style=\"color: #141823; font-family: Georgia; font-size: medium;\">Ben ettim. <\/span><span style=\"color: #141823; font-family: Georgia; font-size: medium;\"><b>Sans\u00fcr<\/b><\/span><span style=\"color: #141823; font-family: Georgia; font-size: medium;\">\u00a0uyguluyorlar:Y\u00fczde y\u00fcz hakl\u0131 olan ve<\/span><span style=\"color: #141823; font-family: Georgia; font-size: medium;\"><b>do\u011fru haber<\/b><\/span><span style=\"color: #141823; font-family: Georgia; font-size: medium;\">\u00a0yapan intrnet gazetesi Halk\u0131n Habercisi&#8217;nin sahibi \u0130lyas G\u00fcven \u00a0Ero\u011flu&#8217;nu \u00a0\u201c<\/span><span style=\"color: #141823; font-family: Georgia; font-size: medium;\"><b>kesin ihra\u00e7<\/b><\/span><span style=\"color: #141823; font-family: Georgia; font-size: medium;\">\u201d istemiyle ve \u201c<\/span><span style=\"color: #141823; font-family: Georgia; font-size: medium;\"><b>tedbirli<\/b><\/span><span style=\"color: #141823; font-family: Georgia; font-size: medium;\">\u201d olarak \u00fcstelik de \u201c<\/span><span style=\"color: #141823; font-family: Georgia; font-size: medium;\"><b>oy birli\u011fi<\/b><\/span><span style=\"color: #141823; font-family: Georgia; font-size: medium;\">\u201d ile disiplin kuruluna sevk ettiler&#8230; (13 Kas\u0131m 2015 tarihli Ayd\u0131nl\u0131k)<\/span><\/span><\/div>\n<div align=\"justify\"><span style=\"color: black; font-family: Arial; font-size: small;\"><span style=\"color: #141823; font-family: Georgia; font-size: medium;\">CHP disiplin hukukunda, \u201c<\/span><span style=\"color: #141823; font-family: Georgia; font-size: medium;\"><b>tedbirli<\/b><\/span><span style=\"color: #141823; font-family: Georgia; font-size: medium;\">\u201d s\u00f6zc\u00fc\u011f\u00fc, soru\u015fturma sonu\u00e7lanana kadar, ilgili \u00fcyenin <\/span><span style=\"color: #141823; font-family: Georgia; font-size: medium;\"><b>\u00fcyelik haklar\u0131n\u0131<\/b><\/span><span style=\"color: #141823; font-family: Georgia; font-size: medium;\">\u00a0<\/span><span style=\"color: #141823; font-family: Georgia; font-size: medium;\"><b>kullanamamas\u0131<\/b><\/span><span style=\"color: #141823; font-family: Georgia; font-size: medium;\">\u00a0sonucunu do\u011furuyor&#8230;<\/span><\/span><\/div>\n<div align=\"justify\"><span style=\"color: black; font-family: Arial; font-size: small;\"><span style=\"color: #141823; font-family: Georgia; font-size: medium;\">Ero\u011flu&#8217;nun <\/span><span style=\"color: #141823; font-family: Georgia; font-size: medium;\"><b>se\u00e7me ve se\u00e7ilme hakk\u0131n<\/b><\/span><span style=\"color: #141823; font-family: Georgia; font-size: medium;\">\u0131 da elinden ald\u0131lar!..<\/span><\/span><\/div>\n<div align=\"justify\"><span style=\"color: black; font-family: Arial; font-size: small;\"><span style=\"color: #141823; font-family: Georgia; font-size: medium;\">Benim as\u0131l dikkatimi \u00a0\u00e7eken; bu haks\u0131z ve hukuk d\u0131\u015f\u0131 karar\u0131n \u201c<\/span><span style=\"color: #141823; font-family: Georgia; font-size: medium;\"><b>oy birli\u011f<\/b><\/span><span style=\"color: #141823; font-family: Georgia; font-size: medium;\">i\u201d ile al\u0131nm\u0131\u015f olmas\u0131d\u0131r&#8230;<\/span><\/span><\/div>\n<div align=\"justify\"><span style=\"color: black; font-family: Arial; font-size: small;\"><span style=\"color: #141823; font-family: Georgia; font-size: medium;\">Bu i\u011fren\u00e7 karara bir tekiniz bile <\/span><span style=\"color: #141823; font-family: Georgia; font-size: medium;\"><b>muhalefet \u015ferhi<\/b><\/span><span style=\"color: #141823; font-family: Georgia; font-size: medium;\">\u00a0koyamad\u0131n\u0131z!<\/span><\/span><\/div>\n<div align=\"justify\"><span style=\"color: black; font-family: Arial; font-size: small;\"><span style=\"color: #141823; font-family: Georgia; font-size: medium;\">Hepinize yaz\u0131klar olsun&#8230;<\/span><\/span><\/div>\n<div align=\"justify\"><span style=\"color: black; font-family: Arial; font-size: small;\"><span style=\"color: #141823; font-family: Georgia; font-size: medium;\">Atat\u00fcrk&#8217;\u00fcn partisinin Ba\u015fkent \u00f6rg\u00fct\u00fcnde;Haks\u0131zl\u0131k, hukuksuzluk ve tetik\u00e7ilikte, \u201coy birli\u011fi\u201d sa\u011flanm\u0131\u015f durumdad\u0131r&#8230;<\/span><\/span><\/div>\n<div align=\"justify\"><span style=\"color: black; font-family: Arial; font-size: small;\"><span style=\"color: #141823; font-family: Georgia; font-size: medium;\">G\u00f6z\u00fcn\u00fcz ayd\u0131n olsun!<\/span><\/span><\/div>\n<div align=\"justify\"><span style=\"color: black; font-family: Arial; font-size: small;\"><span style=\"color: #141823; font-family: Georgia; font-size: medium;\">Benim g\u00f6z\u00fcmde; CHP Ankara \u0130l Y\u00f6netim Kurulu otuz \u00fcyesi, hediyelik e\u015fya imalat\u00e7\u0131lar\u0131n\u0131n a\u011fa\u00e7 tornas\u0131ndan \u00e7\u0131km\u0131\u015f k\u00fcl tablalar\u0131 gibidirler.<\/span><\/span><\/div>\n<div align=\"justify\"><span style=\"color: black; font-family: Arial; font-size: small;\"><span style=\"color: #141823; font-family: Georgia; font-size: medium;\">\u00dcstlerine sadece k\u00fcl silklenir&#8230;<\/span><\/span><\/div>\n<div align=\"justify\"><span style=\"color: black; font-family: Arial; font-size: small;\"><span style=\"color: #141823; font-family: Georgia; font-size: medium;\">Parti i\u015flerinde genellikle beyinlerini kullanamazlar!<\/span><\/span><\/div>\n<div align=\"justify\"><span style=\"color: black; font-family: Arial; font-size: small;\"><span style=\"color: #141823; font-family: Georgia; font-size: medium;\">Ne yapmalar\u0131 gerekti\u011fi \u00f6nceden belirlenmi\u015ftir&#8230;<\/span><\/span><\/div>\n<div align=\"justify\"><span style=\"color: black; font-family: Arial; font-size: small;\"><span style=\"color: #141823; font-family: Georgia; font-size: medium;\">Bu belirleme ile uyumlu olarak, sadece parmak kald\u0131r\u0131p indirebilirler!<\/span><\/span><\/div>\n<div align=\"justify\"><span style=\"color: black; font-family: Arial; font-size: small;\"><span style=\"color: #141823; font-family: Georgia; font-size: medium;\">Bu n\u00f6bet\u00e7i taharet ekibi, Dersimli Kemal&#8217;in verdi\u011fi CHP&#8217;lileri partiden \u201ctemizleme\u201d g\u00f6revini yerine getirmeye kararl\u0131 g\u00f6r\u00fcn\u00fcyor&#8230;<\/span><\/span><\/div>\n<div align=\"justify\"><span style=\"color: black; font-family: Arial; font-size: small;\"><span style=\"color: #141823; font-family: Georgia; font-size: medium;\">Bunlar\u0131n unvan\u0131 \u201cy\u00f6netim kurulu \u00fcyesidir\u201d ama y\u00f6nettikleri bir \u015fey yoktur asl\u0131nda.<\/span><\/span><\/div>\n<div align=\"justify\"><span style=\"color: black; font-family: Arial; font-size: small;\"><span style=\"color: #141823; font-family: Georgia; font-size: medium;\">Kararlar daima Genel Merkez&#8217;den getirilir.<\/span><\/span><\/div>\n<div align=\"justify\"><span style=\"color: black; font-family: Arial; font-size: small;\"><span style=\"color: #141823; font-family: Georgia; font-size: medium;\">\u0130nfaz timi, sadece parma\u011f\u0131n\u0131 kald\u0131r\u0131p indirir.<\/span><\/span><\/div>\n<div align=\"justify\"><span style=\"color: black; font-family: Arial; font-size: small;\"><span style=\"color: #141823; font-family: Georgia; font-size: medium;\">Adaletten nasibini almam\u0131\u015f, g\u00f6z\u00fc kara ve kal\u0131n kafal\u0131 ne kadar \u00a0partili varsa bu g\u00f6reve taliptir.<\/span><\/span><\/div>\n<div align=\"justify\"><span style=\"color: black; font-family: Arial; font-size: small;\"><span style=\"color: #141823; font-family: Georgia; font-size: medium;\">\u0130nfaz timinde etkisiz eleman olarak bulunmaya pek heves ederler&#8230;<\/span><\/span><\/div>\n<div align=\"justify\"><span style=\"color: black; font-family: Arial; font-size: small;\"><span style=\"color: #141823; font-family: Georgia; font-size: medium;\">Masum insanlar\u0131n boynuna ya\u011fl\u0131 ipi ge\u00e7iren, \u201czavall\u0131 bir \u00e7ingenenin k\u0131ll\u0131 \u00f6r\u00fcmce\u011fe benzeyen eli\u201d gibidirler!..<\/span><\/span><\/div>\n<div align=\"justify\"><span style=\"color: black; font-family: Arial; font-size: small;\"><span style=\"color: #141823; font-family: Georgia; font-size: medium;\">Kurultay delegeleri \u00e7ok mu farkl\u0131d\u0131r?<\/span><\/span><\/div>\n<div align=\"justify\"><span style=\"color: black; font-family: Arial; font-size: small;\"><span style=\"color: #141823; font-family: Georgia; font-size: medium;\">Onlar\u0131 da pek yak\u0131nda g\u00f6rece\u011fiz!..<\/span><\/span><\/div>\n<div align=\"justify\"><span style=\"color: black; font-family: Arial; font-size: small;\"><span style=\"color: #141823; font-family: Georgia; font-size: medium;\">***<\/span><\/span><\/div>\n<div align=\"justify\"><span style=\"color: black; font-family: Arial; font-size: small;\"><span style=\"color: #141823; font-family: Georgia; font-size: medium;\">\u0130yi ki, <\/span><span style=\"color: #141823; font-family: Georgia; font-size: medium;\"><b>5 Haziran<\/b><\/span><span style=\"color: #141823; font-family: Georgia; font-size: medium;\">\u00a0se\u00e7imlerinden sonra AKP, Y-CHP ile koalisyon h\u00fck\u00fcmetini kurmad\u0131!..<\/span><\/span><\/div>\n<div align=\"justify\"><span style=\"color: black; font-family: Arial; font-size: small;\"><span style=\"color: #141823; font-family: Georgia; font-size: medium;\">Yoksa, bunlar\u0131n \u201c<\/span><span style=\"color: #141823; font-family: Georgia; font-size: medium;\"><b>oy birli\u011fi<\/b><\/span><span style=\"color: #141823; font-family: Georgia; font-size: medium;\">\u201d ile yapaca\u011f\u0131 i\u015fler akl\u0131ma geliyor da uykular\u0131m ka\u00e7\u0131yor!..<\/span><\/span><\/div>\n<div align=\"justify\"><span style=\"color: black; font-family: Arial; font-size: small;\"><span style=\"color: #141823; font-family: Georgia; font-size: medium;\">\u0130yi ki de olmad\u0131!..<\/span><\/span><\/div>\n<div align=\"justify\"><span style=\"color: black; font-family: Arial; font-size: small;\"><span style=\"color: #141823; font-family: Georgia; font-size: medium;\">Bu t\u00fcr f\u0131rsats\u0131zlar\u0131n eline k\u00fc\u00e7\u00fck f\u0131rsat ge\u00e7ti\u011finde; memleketin anas\u0131n\u0131 a\u011flat\u0131rlar:<\/span><\/span><\/div>\n<div align=\"justify\"><span style=\"color: black; font-family: Arial; font-size: small;\"><span style=\"color: #141823; font-family: Georgia; font-size: medium;\">\u201cOy birli\u011fi\u201d ile 17\/25 Aral\u0131k yolsuzluk iddialar\u0131n\u0131 aklayabilirler,<\/span><\/span><\/div>\n<div align=\"justify\"><span style=\"color: black; font-family: Arial; font-size: small;\"><span style=\"color: #141823; font-family: Georgia; font-size: medium;\">\u201cOy birli\u011fi\u201d ile FET\u00d6&#8217;y\u00fc masum \u00a0hale getirebilir,<\/span><\/span><\/div>\n<div align=\"justify\"><span style=\"color: black; font-family: Arial; font-size: small;\"><span style=\"color: #141823; font-family: Georgia; font-size: medium;\">\u201cOy birli\u011fi\u201d ile Devleti talan edenleri, s\u0131nav sorular\u0131n\u0131 \u00e7alarak \u00e7ocuklar\u0131m\u0131z\u0131n gelece\u011fini karartanlar\u0131, masum ilan edebilirler.<\/span><\/span><\/div>\n<div align=\"justify\"><span style=\"color: black; font-family: Arial; font-size: small;\"><span style=\"color: #141823; font-family: Georgia; font-size: medium;\">\u201cOy birli\u011fi\u201d ile itibarl\u0131 insanlar\u0131 itibars\u0131zla\u015ft\u0131r\u0131p, \u201cgizli tan\u0131k\u201dlara itibarlar\u0131n\u0131 iade edebilirler&#8230;<\/span><\/span><\/div>\n<div align=\"justify\"><span style=\"color: black; font-family: Arial; font-size: small;\"><span style=\"color: #141823; font-family: Georgia; font-size: medium;\">Kan\u0131t m\u0131 istediniz?<\/span><\/span><\/div>\n<div align=\"justify\"><span style=\"color: black; font-family: Arial; font-size: small;\"><span style=\"color: #141823; font-family: Georgia; font-size: medium;\">G\u00f6sterelim:<\/span><\/span><\/div>\n<div align=\"justify\"><span style=\"color: black; font-family: Arial; font-size: small;\"><span style=\"color: #141823; font-family: Georgia; font-size: medium;\">\u201cDevri sab\u0131k yaratmayaca\u011f\u0131z\u201d ve \u201cge\u00e7mi\u015fin intikam\u0131n\u0131 almayaca\u011f\u0131z\u201d diyerek, ge\u00e7mi\u015fe s\u00fcnger \u00e7ekmeye haz\u0131r olan K\u0131l\u0131\u00e7daro\u011flu&#8217;nun s\u00f6zleri kan\u0131tt\u0131r.<\/span><\/span><\/div>\n<div align=\"justify\"><span style=\"color: black; font-family: Arial; font-size: small;\"><span style=\"color: #141823; font-family: Georgia; font-size: medium;\">Onun \u00a0bu g\u00f6z\u00fc d\u00f6nm\u00fc\u015f ekibi ise, kraldan daha fazla kralc\u0131d\u0131r&#8230;<\/span><\/span><\/div>\n<div align=\"justify\"><span style=\"color: black; font-family: Arial; font-size: small;\"><span style=\"color: #141823; font-family: Georgia; font-size: medium;\">***<\/span><\/span><\/div>\n<div align=\"justify\"><span style=\"color: black; font-family: Arial; font-size: small;\"><span style=\"color: #141823; font-family: Georgia; font-size: medium;\">Bu nedenlerle diyorum ki:<\/span><\/span><\/div>\n<div align=\"justify\"><span style=\"color: black; font-family: Arial; font-size: small;\"><span style=\"color: #141823; font-family: Georgia; font-size: medium;\">K\u0131l\u0131\u00e7daro\u011flu ile Bah\u00e7eli,partilerinin ba\u015f\u0131nda durduk\u00e7a, AKP&#8217;yi <\/span><span style=\"color: #141823; font-family: Georgia; font-size: medium;\"><b>ele\u015ftirmemiz<\/b><\/span><span style=\"color: #141823; font-family: Georgia; font-size: medium;\">\u00a0bir i\u015fe yaramamaktad\u0131r.<\/span><\/span><\/div>\n<div align=\"justify\"><span style=\"color: black; font-family: Arial; font-size: small;\"><span style=\"color: #141823; font-family: Georgia; font-size: medium;\">Nitekim, 5 Haziran se\u00e7imlerinde, halk\u0131n iktidardan<\/span><span style=\"color: #141823; font-family: Georgia; font-size: medium;\"><b>d\u00fc\u015f\u00fcrd\u00fc\u011f\u00fc<\/b><\/span><span style=\"color: #141823; font-family: Georgia; font-size: medium;\">\u00a0AKP&#8217;yi, yine bu iki <\/span><span style=\"color: #141823; font-family: Georgia; font-size: medium;\"><b>i\u015f birlik\u00e7i <\/b><\/span><span style=\"color: #141823; font-family: Georgia; font-size: medium;\">iktidara ta\u015f\u0131m\u0131\u015ft\u0131r.<\/span><\/span><\/div>\n<div align=\"justify\"><span style=\"color: black; font-family: Arial; font-size: small;\"><span style=\"color: #141823; font-family: Georgia; font-size: medium;\">Belli ki, kendilerini <\/span><span style=\"color: #141823; font-family: Georgia; font-size: medium;\"><b>g\u00f6reve<\/b><\/span><span style=\"color: #141823; font-family: Georgia; font-size: medium;\">\u00a0getiren k\u00fcresel g\u00fc\u00e7ler, onlardan bunu istemi\u015flerdir&#8230;<\/span><\/span><\/div>\n<div align=\"justify\"><span style=\"color: black; font-family: Arial; font-size: small;\"><span style=\"color: #141823; font-family: Georgia; font-size: medium;\">G\u00f6revleri ayan beyan bellidir&#8230;<\/span><\/span><\/div>\n<div align=\"justify\"><span style=\"color: black; font-family: Arial; font-size: small;\"><span style=\"color: #141823; font-family: Georgia; font-size: medium;\">Bah\u00e7eli, hi\u00e7bir \u015fekilde <\/span><span style=\"color: #141823; font-family: Georgia; font-size: medium;\"><b>HDP<\/b><\/span><span style=\"color: #141823; font-family: Georgia; font-size: medium;\">\u00a0ile bir araya gelmeyiz diyerek, AKP&#8217;siz h\u00fck\u00fcmet kurma form\u00fcllerinin t\u00fcm\u00fcn\u00fc<\/span><span style=\"color: #141823; font-family: Georgia; font-size: medium;\"><b>i\u015flemez<\/b><\/span><span style=\"color: #141823; font-family: Georgia; font-size: medium;\">\u00a0hale getirmi\u015ftir&#8230;<\/span><\/span><\/div>\n<div align=\"justify\"><span style=\"color: black; font-family: Arial; font-size: small;\"><span style=\"color: #141823; font-family: Georgia; font-size: medium;\">K\u0131l\u0131\u00e7daro\u011flu ise,AKP ile koalisyon yapmaya \u00e7al\u0131\u015farak; onu<\/span><span style=\"color: #141823; font-family: Georgia; font-size: medium;\"><b>yeniden iktidar<\/b><\/span><span style=\"color: #141823; font-family: Georgia; font-size: medium;\">\u00a0yapmak i\u00e7in adeta kap\u0131lar\u0131nda yatm\u0131\u015ft\u0131r&#8230;<\/span><\/span><\/div>\n<div align=\"justify\"><span style=\"color: black; font-family: Arial; font-size: small;\"><span style=\"color: #141823; font-family: Georgia; font-size: medium;\">Bu y\u00fczden, AKP&#8217;den kurtulmadan \u00f6nce, K\u0131l\u0131\u00e7daro\u011flu ve Bah\u00e7eli&#8217;den <\/span><span style=\"color: #141823; font-family: Georgia; font-size: medium;\"><b>kurtulmam\u0131z<\/b><\/span><span style=\"color: #141823; font-family: Georgia; font-size: medium;\">\u00a0gerekiyor&#8230;<\/span><\/span><\/div>\n<div align=\"justify\"><span style=\"color: black; font-family: Arial; font-size: small;\"><span style=\"color: #141823; font-family: Georgia; font-size: medium;\"><b>Ger\u00e7e<\/b><\/span><span style=\"color: #141823; font-family: Georgia; font-size: medium;\">k bir muhalefet partisi yoksa, iktidara ne kadar muhalefet yaparsak yapal\u0131m, <\/span><span style=\"color: #141823; font-family: Georgia; font-size: medium;\"><b>sonuc<\/b><\/span><span style=\"color: #141823; font-family: Georgia; font-size: medium;\">u de\u011fi\u015ftiremiyoruz!..<\/span><\/span><\/div>\n<div align=\"justify\"><span style=\"color: black; font-family: Arial; font-size: small;\"><span style=\"color: #141823; font-family: Georgia; font-size: medium;\">Cemil Can<\/span><\/span><\/div>\n<p><strong>CHP&#8217;DEK\u0130 ERKEK ARILAR!..Cemil Can<\/strong><br \/>\n1 Kas\u0131m se\u00e7imlerinde hezimete u\u011frayan muhalefet partileri, ba\u015far\u0131s\u0131zl\u0131\u011f\u0131n nedenlerini tart\u0131\u015f\u0131lmak istemiyorlar\u2026<\/p>\n<p>\u0130stifa taleplerine kulaklar\u0131 t\u0131kal\u0131\u2026<\/p>\n<p>G\u00fcndemi de\u011fi\u015ftirmek i\u00e7in AKP\u2018nin d\u00fcmen suyunda habire top \u00e7eviriyorlar.<\/p>\n<p>Bu y\u00fczden, anayasa de\u011fi\u015fikli\u011fi tart\u0131\u015fmas\u0131na bal\u0131klama atlad\u0131lar\u2026<\/p>\n<p>Anayasadan \u201cT\u00fcrk\u201d s\u00f6zc\u00fc\u011f\u00fcn\u00fcn \u00e7\u0131kart\u0131lmas\u0131, \u201cba\u015fkanl\u0131k sistemi\u201d, \u201cyerel y\u00f6netimlerin g\u00fc\u00e7lendirilmesi\u201d g\u00f6r\u00fcnt\u00fcs\u00fc alt\u0131nda, federasyona olanak sa\u011flayan de\u011fi\u015fikliklerin yap\u0131lmas\u0131na bile itirazlar\u0131 yok\u2026<\/p>\n<p>Kandil\u2019den \u00f6nde gidiyorlar!..<\/p>\n<p>Se\u00e7imlerden \u00f6nce, Selahattin Demirta\u015f\u2019\u0131n \u201cSeni ba\u015fkan yapt\u0131rmayaca\u011f\u0131z\u201d s\u00f6zleri ile sempati ve oy toplayan HDP de \u00e7ark eden oldu\u2026<\/p>\n<p>Demirta\u015f, \u201cY\u00f6netim modeli elbette de\u011fi\u015fmeli\u201d diyerek, anaya de\u011fi\u015fikli\u011fine destek vermeye haz\u0131r olduklar\u0131n\u0131 ifade etti\u2026<\/p>\n<p>PKK\u2019n\u0131n darbe \u00fcst\u00fcne darbe almas\u0131n\u0131 g\u00f6rmezden gelip, \u201cG\u00fc\u00e7lendirilmi\u015f demokratik parlamenter sistemde, g\u00fc\u00e7lendirilmi\u015f yerinden y\u00f6netim\u201d i\u00e7in yeni anayasa istedi\u2026<\/p>\n<p>HDP S\u00f6zc\u00fcs\u00fc Ayhan Bilgen, \u201cBa\u015fkanl\u0131k sistemi dahil t\u00fcm modelleri tart\u0131\u015fabiliriz\u201d dedi\u2026<\/p>\n<p>Anayasa de\u011fi\u015fikli\u011fine Y-CHP\u2018nin Genel Sekreteri G\u00fcrsel Tekin de kat\u0131ld\u0131\u2026<\/p>\n<p>***<\/p>\n<p>Muhalefet partilerinin taban\u0131nda ise ba\u015fka kazan kaynat\u0131l\u0131yor:<\/p>\n<p>\u00c7ankaya Belediyesi Ba\u015fkan\u0131 Alper Ta\u015fdelen ile ilgili iddialar, Dersimli Kemal\u2019i fena halde sarst\u0131.<\/p>\n<p>Arka arkaya ya\u015fanan geli\u015fmeler kar\u015f\u0131s\u0131nda, K\u0131l\u0131\u00e7daro\u011flu da ne yapaca\u011f\u0131n\u0131 \u015fa\u015f\u0131rd\u0131.<\/p>\n<p>Ya\u015famkent\u2019te Ya\u015far Kemal\u2019in ad\u0131 verilen park\u0131n a\u00e7\u0131l\u0131\u015f\u0131nda; \u00c7ankaya Belediyesi\u2019ndeki yolsuzluk iddialar\u0131 dile getiren internet gazetesi Halk\u0131n Habercisi\u2019ne sald\u0131rd\u0131.<\/p>\n<p>Gazete sahibi \u0130. G\u00fcven Ero\u011flu\u2019nu a\u00e7\u0131k\u00e7a tehdit etti\u2026<\/p>\n<p>Gazetede yer alan iddialar, belgelere ba\u011fl\u0131 ve yenilir yutulur gibi de\u011fil!<\/p>\n<p>\u0130yice k\u00f6\u015feye s\u0131k\u0131\u015fan Dersimli, Ermeni soyk\u0131r\u0131m yalan\u0131n\u0131 ilk tan\u0131yan devletlerden olan 3,5 milyon n\u00fcfuslu, Uruguay\u2019\u0131n Devlet Ba\u015fkan\u0131 Jose Mujica ile bir g\u00f6r\u00fc\u015fme yaparak g\u00fcndemi de\u011fi\u015ftirebilece\u011fini d\u00fc\u015f\u00fcnd\u00fc san\u0131r\u0131m\u2026<\/p>\n<p>Yemedi tabi\u2026<\/p>\n<p>G\u00f6r\u00fc\u015fme sonras\u0131nda yapt\u0131\u011f\u0131 a\u00e7\u0131klama ise \u015fa\u015f\u0131rtt\u0131:<\/p>\n<p>\u201cYarg\u0131n\u0131n ba\u011f\u0131ms\u0131z olmad\u0131\u011f\u0131, medyan\u0131n \u00f6zg\u00fcrce haber yapamad\u0131\u011f\u0131, bask\u0131n\u0131n toplumun her kesimine egemen oldu\u011fu bir sistem i\u00e7erisinde bu t\u00fcr davalar\u0131n adaletle sonu\u00e7lanmas\u0131n\u0131 bekleyemezsiniz, faili me\u00e7hulleri e\u011fer yarg\u0131 karar\u0131 ilekapat\u0131rsan\u0131z o \u00fclkede demokrasiden ve \u00f6zg\u00fcrl\u00fckten de insan haklar\u0131ndan da s\u00f6z edemezsiniz\u201d dedi\u2026<\/p>\n<p>Bu a\u00e7\u0131klamas\u0131nda; \u00f6zg\u00fcrce haber yap\u0131lmas\u0131n\u0131 savunun K\u0131l\u0131\u00e7daro\u011flu, g\u00f6reve geldi\u011fi g\u00fcnden bu yana, kendisine ko\u015fulsuz destek veren Halk\u0131n Habercisi gazetesinin, \u00fcstelik belgelere dayal\u0131 olarak yapt\u0131\u011f\u0131 haberin \u201ciftira\u201d oldu\u011funu ileri s\u00fcrd\u00fc!..<\/p>\n<p>K\u0131l\u0131\u00e7daro\u011flu\u2019nun bir g\u00fcn \u00f6nce talep etti\u011fi \u201cmedyan\u0131n \u00f6zg\u00fcr haber yapmas\u0131\u201d talebi u\u00e7up gitti!<\/p>\n<p>Kumpas\u00e7\u0131lar\u0131n i\u015fi oldu\u011fu \u015f\u00fcphe g\u00f6t\u00fcrmeyen \u201cFaili Mechuller Davas\u0131\u201dnda emekli Albay Cemal Temiz\u00f6z ile ilgili olarak verilenbearaat karar\u0131 da Dersimliye batt\u0131!..<\/p>\n<p>Ba\u015f\u0131ndan beri FET\u00d6 \u00f6rg\u00fct\u00fcne kol kanat geren; \u201cErgenekon\u201d ve \u201cBalyoz\u201d davalar\u0131na ses \u00e7\u0131kartmayarak destek veren Dersimli\u2019nin \u201cd\u00fcr\u00fcstl\u00fck\u201d maskesi tamamen d\u00fc\u015ft\u00fc\u2026<\/p>\n<p>K\u0131l\u0131\u00e7daro\u011flu\u2019na g\u00f6re; faili me\u00e7huller yarg\u0131 karar\u0131 ile kapat\u0131ld\u0131lar!..<\/p>\n<p>Hazretin \u201cErgenekon\u201d ve \u201cBalyoz\u201d davalar\u0131 i\u00e7in de g\u00f6r\u00fc\u015f\u00fc ayn\u0131d\u0131r asl\u0131nda. Ona g\u00f6re, darbeciler yarg\u0131 karar\u0131 ile akland\u0131lar!<\/p>\n<p>Lakin bu d\u00fc\u015f\u00fcncesini a\u00e7\u0131k edemiyor.<\/p>\n<p>TSK\u2019y\u0131 toptan kar\u015f\u0131s\u0131na almak y\u00fcrek ister\u2026<\/p>\n<p>***<\/p>\n<p>PKK\u2019n\u0131n \u201cCilo Eyaleti\u201d olarak isimlendirdi\u011fi Hakkari\u2019nin Da\u011fl\u0131ca b\u00f6lgesinde; Buzulda\u011f\u0131, \u0130kiyaka Da\u011flar\u0131 ve Doski Vadisi ter\u00f6ristlerden temizlendi&#8230;<\/p>\n<p>Dersimli Kemal \u00fcz\u00fcnt\u00fcs\u00fcnden yasa batt\u0131!..<\/p>\n<p>Ter\u00f6ristlerin temizlenmesi konusunda a\u011fz\u0131n\u0131 a\u00e7mayan K\u0131l\u0131\u00e7daro\u011flu, CHP\u2019li i\u015f adamlar\u0131na<\/p>\n<p>sald\u0131r\u0131yor\u2026<\/p>\n<p>Halk\u0131n Habercisi Y\u00f6netim Kurulu Ba\u015fkan\u0131, Ankara 1. B\u00f6lgeden \u00fc\u00e7 d\u00f6nem milletvekili aday\u0131 olan \u0130lyas G\u00fcven Ero\u011flu\u2019nu, \u00c7ankaya Belediyesi\u2019nden ihale alamad\u0131\u011f\u0131 i\u00e7in, yalan haber yapmakla su\u00e7luyor\u2026<\/p>\n<p>Ero\u011flu\u2019nu \u201cS\u00f6zde CHP\u2019li\u201d olarak k\u00fc\u00e7\u00fcmseyen Dersimli, \u201cSize s\u00f6z\u00fcm s\u00f6z, onlar\u0131n tamam\u0131n\u0131 CHP\u2019den temizleyece\u011fim\u201d dedi\u2026<\/p>\n<p>TSK, Doski Vadisinden ter\u00f6ristleri, Dersimli CHP\u2019den halk partilileri temizlemeye kararl\u0131 g\u00f6r\u00fcn\u00fcyor!<\/p>\n<p>Halk\u0131n Habercisi, CEPA AVM\u2019nin arkas\u0131nda ruhsats\u0131z olarak y\u00fckselen ve Alper Ta\u015fdelen\u2019in kay\u0131npederinin karde\u015fine ait oldu\u011fu s\u00f6ylenen 20 katl\u0131 bina y\u00fcz\u00fcnden vuruldu\u011funu ve bu adli olay\u0131n G\u00fcven Hastanesi yetkililerince -sahte belgeler d\u00fczenlenerek- kamuoyundan gizlendi\u011fini ileri s\u00fcrm\u00fc\u015ft\u00fc\u2026 (1)<\/p>\n<p>Kabul etmek gerekir, ara\u015ft\u0131rmac\u0131 gazetecilik b\u00f6yle yap\u0131l\u0131r\u2026<\/p>\n<p>Y-CHP\u2019nin tombaladan \u00e7\u0131kan son Genel Ba\u015fkan\u0131 K\u0131l\u0131\u00e7daro\u011flu, bu iddialar\u0131n inand\u0131r\u0131c\u0131 kan\u0131tlarla \u00e7\u00fcr\u00fct\u00fclmesine ortam haz\u0131rlayacak yerde, su\u00e7luluk psikolojisi i\u00e7erisindeki insalar\u0131n davran\u0131\u015f\u0131n\u0131 sergiliyor\u2026<\/p>\n<p>Sald\u0131rganla\u015ft\u0131k\u00e7a daha da k\u00fc\u00e7\u00fcl\u00fcyor!..<\/p>\n<p>***<\/p>\n<p>O kadar \u015fa\u015fk\u0131n ki, se\u00e7im sonu\u00e7lar\u0131n\u0131 de\u011ferlendirirken bile yalana ba\u015fvurdu:<\/p>\n<p>3 milyon 223 bin 262 se\u00e7men art\u0131\u015f\u0131ndan CHP\u2019ye d\u00fc\u015fen y\u00fczde 25(805.815 oy eder) se\u00e7men art\u0131\u015f\u0131n\u0131 yok say\u0131yor\u2026<\/p>\n<p>Se\u00e7men art\u0131\u015f\u0131ndan gelen 591 bin 864 ki\u015filik art\u0131\u015f\u0131, oylar\u0131n artmas\u0131 gibi g\u00f6stermeye \u00e7al\u0131\u015f\u0131yor.<\/p>\n<p>Son derece a\u00e7\u0131k ki, CHP oylar\u0131nda 213.951 azalma olmu\u015ftur\u2026<\/p>\n<p>K\u0131l\u0131\u00e7daro\u011flu, hesap uzmanl\u0131\u011f\u0131na g\u00fcvenerek CHP taban\u0131n\u0131 ve halk\u0131 aldatabilece\u011fini san\u0131yor\u2026<\/p>\n<p>\u201cD\u00fcr\u00fcstl\u00fck\u201d yald\u0131z\u0131 \u00fczerinden ak\u0131p gitti\u2026<\/p>\n<p>O kadar olsa iyiydi.<\/p>\n<p>Y-CHP\u2019ye verilen oylar\u0131: \u201cCHP\u2019li se\u00e7men, partideki de\u011fi\u015fim s\u00fcrecini onaylad\u0131klar\u0131n\u0131 g\u00f6sterdi\u201d \u015feklinde de\u011ferlendiriyor\u2026 (2)<\/p>\n<p>Dersimli Kemal\u2019in \u201cde\u011fi\u015fim\u201d dedi\u011fi yozla\u015fma; CHP\u2019nin k\u00f6klerinden kopart\u0131l\u0131p, PKK\/HDP\u2019ye yakla\u015ft\u0131r\u0131lmas\u0131, Atat\u00fcrk\u00e7\u00fclerin partiden uzakla\u015ft\u0131r\u0131lmas\u0131, Kemal Dervi\u015f\u2019in<\/p>\n<p>ekonomik politikalar\u0131n\u0131n CHP eliyle uygulat\u0131lmas\u0131 ve ABD\u2019nin B\u00fcy\u00fck Ortado\u011fu Projesine kar\u015f\u0131 \u00e7\u0131kan yurtseverlerin oyalanmas\u0131n\u0131 ifade ediyor\u2026<\/p>\n<p>Onun, \u201cBiz mazlumlar\u0131n yan\u0131nday\u0131z\u201d s\u00f6zleri ve TSK\u2018n\u0131n operasyonlar\u0131 sonunda inlerine girilen PKK ile bilgi kirlili\u011fi yaratarak T\u00fcrk halk\u0131na \u00f6rt\u00fcl\u00fc sava\u015f a\u00e7an Cemaat\u2018i kastetdi\u011fi son derece a\u00e7\u0131kt\u0131r\u2026<\/p>\n<p>Adam iyice kafay\u0131 yemi\u015f\u2026<\/p>\n<p>Eve kadar nas\u0131l gidip gelebiliyor?!<\/p>\n<p>***<\/p>\n<p>CHP\u2019nin karakteristik \u00f6zelli\u011fi; antiemperyalist ve antifa\u015fistolu\u015fudur.<\/p>\n<p>Bu \u00f6zelli\u011fini, \u201cTam ba\u011f\u0131ms\u0131zl\u0131k\u201d yanl\u0131s\u0131 olmas\u0131 ve laiklik ilkesineba\u011fl\u0131l\u0131\u011f\u0131 izler\u2026<\/p>\n<p>Kemal K\u0131l\u0131\u00e7daro\u011flu y\u00f6netimindeki Y-CHP, \u00e7ok de\u011fil 5 y\u0131l i\u00e7erisinde bu niteliklerini tamam\u0131n\u0131 yitirdi\u2026<\/p>\n<p>Bu y\u00fczden, y\u00fckselen Amerikan kar\u015f\u0131tl\u0131\u011f\u0131n\u0131n yaratt\u0131\u011f\u0131 sinerji, 1 Kas\u0131m\u2019da AKP\u2019ye yarad\u0131\u2026<\/p>\n<p>TSK\u2019n\u0131n 24 Temmuz\u2019da, ABD\u2019nin \u201ckara g\u00fcc\u00fc\u201d olarak g\u00f6rev verdi\u011fi PKK\/PYD ile I\u015e\u0130D\u2018e kar\u015f\u0131 ba\u015flatt\u0131\u011f\u0131 operasyonlar\u0131n meyvesini de do\u011fal olarak AKP yedi\u2026<\/p>\n<p>AKP\u2019nin se\u00e7im ba\u015far\u0131s\u0131n\u0131n arkas\u0131nda bu ger\u00e7eklerin yatt\u0131\u011f\u0131n\u0131, kimse inkar edemez\u2026<\/p>\n<p>***<\/p>\n<p>Dersimli Kemal, Atat\u00fcrk \u00e7izgisinden \u015fa\u015fmayan partililerin mecburen verdikleri oylar\u0131, CHP\u2019de ba\u015flatt\u0131\u011f\u0131 tasfiyeye verilmi\u015f onay gibi g\u00f6steriyor\u2026<\/p>\n<p>Bunun anlam\u0131 tasfiyeye devam edece\u011fidir.<\/p>\n<p>Belli ki, istifa edip bir yere gidece\u011fi de yok!..<\/p>\n<p>K\u0131l\u0131\u00e7daro\u011flu komutas\u0131ndaki i\u015fgal birli\u011fi, ar\u0131 kovan\u0131ndaki erkek ar\u0131lar gibidir:<\/p>\n<p>Asla bal \u00fcretemezler\u2026<\/p>\n<p>\u0130\u011fneleri olmad\u0131\u011f\u0131 i\u00e7in sava\u015fa da girmezler.<\/p>\n<p>Haz\u0131rdan yerler\u2026<\/p>\n<p>Ba\u015flar\u0131nda bir ka\u00e7 bek\u00e7i ar\u0131 bulunur; \u00f6ylece kovan\u0131n bir k\u00f6\u015fesinde oturup; \u00e7iftle\u015fmek i\u00e7in krali\u00e7e ar\u0131n\u0131n u\u00e7u\u015f g\u00fcn\u00fcn\u00fc beklerler\u2026<\/p>\n<p>CHP i\u00e7erisindeki erkek ar\u0131lar\u0131n, kovandan uzakla\u015ft\u0131r\u0131lma zaman\u0131 geldi de ge\u00e7iyor!..<\/p>\n<p>S\u00f6ylemekten dilimde t\u00fcy bitti ama yinelemeye devam edece\u011fim:<\/p>\n<p>Kemal K\u0131l\u0131\u00e7daro\u011flu ile Devlet Bah\u00e7eli\u2019den kurtulmadan AKP iktidar\u0131ndan kurtulmak olanaks\u0131zd\u0131r\u2026<\/p>\n<p>Cemil Can<\/p>\n<p>D\u0130PNOT: (1) http:\/\/www.halkinhabercisi.com\/ (2) http:\/\/www.egeekspress.com\/page.php?id=3147<\/p>\n<p><strong>\u201cS\u00d6Z\u00dcM S\u00d6Z\u201d, OYUM CHP&#8217;YE!..CEMIL CAN<\/strong><\/p>\n<p>AKP Genel Ba\u015fkanl\u0131\u011f\u0131 i\u00e7in en kuvvetli\u00a0aday g\u00f6z\u00fcken Binali Y\u0131ld\u0131r\u0131m&#8217;\u0131n bakanl\u0131\u011f\u0131 d\u00f6neminde; yolsuzluk ve usuls\u00fczl\u00fck yap\u0131lan ihalelerin b\u00fct\u00fcn ayr\u0131nt\u0131lar\u0131 ile yer ald\u0131\u011f\u0131 dosya, Erdo\u011fan&#8217;\u0131n \u00f6n\u00fcne konunca, Davuto\u011flu&#8217;nun \u00f6n\u00fc a\u00e7\u0131ld\u0131&#8230;<\/p>\n<p>AKP iktidar\u0131 kendi adamlar\u0131 hakk\u0131nda da kan\u0131t toplamay\u0131 ihmal etmiyor!..<\/p>\n<p>Dosyalar\u0131 Erdo\u011fan&#8217;a getiren M\u0130T\u00a0M\u00fcste\u015far\u0131 Hakan Fidan&#8217;d\u0131&#8230;<\/p>\n<p>Bu haber 22 Ekim tarihli gazetelerde yer alm\u0131\u015ft\u0131.<a href=\"https:\/\/www.google.com\/url?q=http:\/\/www.aydinlikgazete.com\/politika\/sir-dosyayla-baskan-oldu-h77602.html&amp;sa=D&amp;usg=AFQjCNFdvRRYVR23xu9dFNO-wvbV-x5-tA\" target=\"_blank\" rel=\"noopener noreferrer\">\u00a0<\/a><a href=\"https:\/\/www.google.com\/url?q=http:\/\/www.aydinlikgazete.com\/politika\/sir-dosyayla-baskan-oldu-h77602.html&amp;sa=D&amp;usg=AFQjCNFdvRRYVR23xu9dFNO-wvbV-x5-tA\" target=\"_blank\" rel=\"noopener noreferrer\">(1)<\/a><\/p>\n<p>\u015eu ana kadar yalanlama yok, tekzip yap\u0131lmad\u0131&#8230;<\/p>\n<p>Binali o\u011flu Erkan&#8217;\u0131n, 30 gemici\u011fi\u00a0oldu\u011fu iddias\u0131, 30\u00a0Mart yerel se\u00e7imleri \u00f6ncesinde B\u00fclent Ar\u0131n\u00e7&#8217;a sorulmu\u015ftu&#8230;<a href=\"https:\/\/www.google.com\/url?q=http:\/\/www.sozcu.com.tr\/2014\/gundem\/yildirimin-30-gemisi-mi-var-474406\/&amp;sa=D&amp;usg=AFQjCNHTJxvrus8PhKWavn7PrWkoIKTtqA\" target=\"_blank\" rel=\"noopener noreferrer\">\u00a0<\/a><a href=\"https:\/\/www.google.com\/url?q=http:\/\/www.sozcu.com.tr\/2014\/gundem\/yildirimin-30-gemisi-mi-var-474406\/&amp;sa=D&amp;usg=AFQjCNHTJxvrus8PhKWavn7PrWkoIKTtqA\" target=\"_blank\" rel=\"noopener noreferrer\">(2)<\/a><\/p>\n<p>Ar\u0131n\u00e7 hen\u00fcz cevap vermeden, Binali Y\u0131ld\u0131r\u0131m, o\u011flunun gemicikleri oldu\u011funu itiraf etmi\u015f ve \u201cdokunulmazl\u0131klar\u0131 yok, hesap sorsunlar\u201d diyerek meydan bile okumu\u015ftu&#8230;<a href=\"https:\/\/www.google.com\/url?q=http:\/\/www.haber7.com\/televizyon\/haber\/1140810-binali-yildirim-cocuklarimin-gemileri-var&amp;sa=D&amp;usg=AFQjCNH1JkJ9Ri7fNj-GAS8epJSdIYFS2w\" target=\"_blank\" rel=\"noopener noreferrer\">\u00a0<\/a><a href=\"https:\/\/www.google.com\/url?q=http:\/\/www.haber7.com\/televizyon\/haber\/1140810-binali-yildirim-cocuklarimin-gemileri-var&amp;sa=D&amp;usg=AFQjCNH1JkJ9Ri7fNj-GAS8epJSdIYFS2w\" target=\"_blank\" rel=\"noopener noreferrer\">(3)<\/a><\/p>\n<p>Tayyip o\u011flu Necmettin Bilal&#8217;in de gemicikleri vard\u0131r&#8230;<a href=\"https:\/\/www.google.com\/url?q=http:\/\/www.sozcu.com.tr\/2015\/gundem\/bilal-2-ayda-2-gemi-indirdi-935224\/&amp;sa=D&amp;usg=AFQjCNHLW6LUDHgP3a6Ro1k6a-ddNE8KkA\" target=\"_blank\" rel=\"noopener noreferrer\">(4)<\/a><\/p>\n<p>D\u00f6nemin Ba\u015fbakan\u0131 RTE; vaktiyle \u201cgemi var gemicik var\u201d ba\u015fl\u0131\u011f\u0131 alt\u0131nda, bu konuya olduk\u00e7a ayd\u0131nlat\u0131c\u0131 bir a\u00e7\u0131klama getirmi\u015fti&#8230;<a href=\"https:\/\/www.google.com\/url?q=https:\/\/www.youtube.com\/watch?v%3DVDIdyGderwI&amp;sa=D&amp;usg=AFQjCNEaxOkcB90vt8B7vCetwcFt6X7Ykw\" target=\"_blank\" rel=\"noopener noreferrer\">\u00a0<\/a><a href=\"https:\/\/www.google.com\/url?q=https:\/\/www.youtube.com\/watch?v%3DVDIdyGderwI&amp;sa=D&amp;usg=AFQjCNEaxOkcB90vt8B7vCetwcFt6X7Ykw\" target=\"_blank\" rel=\"noopener noreferrer\">(5)<\/a><\/p>\n<p>T.C&#8217;nin Ba\u015fbakan&#8217;\u0131 ile Ula\u015ft\u0131rma Bakan\u0131&#8217;n\u0131n \u00e7ocuklar\u0131 \u201cgemicik\u201d sahibi iki kader mahkumu gibidir&#8230;<\/p>\n<p>Bu konuda kimsenin en k\u00fc\u00e7\u00fck bir ku\u015fkusu kalmad\u0131!..<br \/>\nMadem gemicik sahibi olunurken bir yolsuzluk yap\u0131lmad\u0131, Binali&#8217;nin genel ba\u015fkan adayl\u0131\u011f\u0131ndan neden vazge\u00e7ildi?<\/p>\n<p>Yolsuzluk varsa neden hala gere\u011fi yap\u0131lm\u0131yor?<\/p>\n<p>M\u0130T&#8217;in haz\u0131rlad\u0131\u011f\u0131 dosya, zamana\u015f\u0131m\u0131na u\u011frat\u0131lmadan ilgili makamlara g\u00f6nderilecek mi?<\/p>\n<p>Su\u00e7 isnatlar\u0131 ile ilgili \u201caklama\u201d mahkemede yap\u0131l\u0131rsa daha inand\u0131r\u0131c\u0131 olur!..<\/p>\n<p>AKP&#8217;yi \u00fc\u00e7 d\u00f6nem destekleyip, d\u00f6rd\u00fcnc\u00fc d\u00f6nem i\u00e7in oy vermeye haz\u0131rlanan se\u00e7menlere duyurulur!..<br \/>\n***<\/p>\n<p>CHP\u00a0Gen\u00e7lik Kollar\u0131 taraf\u0131ndan 81\u00a0ilde toplanan yard\u0131mlar, 6 ki\u015filik heyet taraf\u0131ndan \u201cKobani Kantonu Ba\u015fbakan\u0131 Enver M\u00fcslim\u201de teslim edildi&#8230;<a href=\"https:\/\/www.google.com\/url?q=http:\/\/www.cumhuriyet.com.tr\/haber\/turkiye\/335801\/Turkiye_nin_ISiD_operasyonu_gostermelik.html&amp;sa=D&amp;usg=AFQjCNFbeJyhWbgF-WNWTFFCbGEmbHyL4w\" target=\"_blank\" rel=\"noopener noreferrer\">\u00a0<\/a><a href=\"https:\/\/www.google.com\/url?q=http:\/\/www.cumhuriyet.com.tr\/haber\/turkiye\/335801\/Turkiye_nin_ISiD_operasyonu_gostermelik.html&amp;sa=D&amp;usg=AFQjCNFbeJyhWbgF-WNWTFFCbGEmbHyL4w\" target=\"_blank\" rel=\"noopener noreferrer\">(6)<\/a><\/p>\n<p>Gen\u00e7lik Kollar\u0131 Ba\u015fkan\u0131 \u0130rfan \u0130nan\u00e7 Y\u0131ld\u0131z, genel ba\u015fkan\u0131n\u0131n y\u00f6nlendirmesi ile CHP Gen\u00e7lik Kollar\u0131n\u0131 PKK\/HDP&#8217;nin pe\u015fine takt\u0131&#8230;<\/p>\n<p>CHP gen\u00e7li\u011fi, \u201cBar\u0131\u015fa olan inanc\u0131m\u0131z\u0131 yitirmedik, yitiremeyiz, yitirmeyece\u011fiz\u201d diyerek, HDP \u00f6nc\u00fcl\u00fc\u011f\u00fcnde\u00a0d\u00fczenlenen \u201cBar\u0131\u015f, Demokrasi ve Emek\u201d mitingine kat\u0131ld\u0131&#8230;<\/p>\n<p>Dikkatinizi \u00e7ekerim: CHP\u00a0\u00f6nc\u00fcl\u00fc\u011f\u00fcnde d\u00fczenlenmi\u015f bir mitinge HDP kat\u0131lm\u0131yor&#8230;<\/p>\n<p>HDP\u00a0\u00f6nc\u00fcl\u00fc\u011f\u00fcnde d\u00fczenlenen mitinge CHP kat\u0131l\u0131yor&#8230;<\/p>\n<p>Malatya Gen\u00e7lik Kollar\u0131 \u00fcyesi 11\u00a0gen\u00e7 de bu mitingde ya\u015fam\u0131n\u0131 kaybetti&#8230;<\/p>\n<p>Olaydan bir g\u00fcn sonra, KESK, D\u0130SK,TBB gibi sivil toplum kurulu\u015flar\u0131 ile \u00a0CHP, HDP ve EMEP &#8216;in temsilcilerinin aralar\u0131nda bulundu\u011fu binlerce ki\u015fi, \u00f6lenleri u\u011furlamak i\u00e7in \u00a0S\u0131hhiye Meydan\u0131&#8217;nda topland\u0131lar&#8230;<\/p>\n<p>Alana HDP e\u015f genel ba\u015fkanlar\u0131 Selahattin Demirta\u015f ve Figen Y\u00fcksekda\u011f ile CHP Milletvekilleri \u00a0Aylin Nazl\u0131aka\u00a0ve Sezgin Tanr\u0131kulu\u00a0kol kola girdiler&#8230;<\/p>\n<p>Yemin olsun, bu tabloyu g\u00f6rd\u00fckten sonra, Oyum CHP&#8217;yedir!&#8230;<\/p>\n<p>\u201cS\u00f6z\u00fcm s\u00f6z\u201d!..<\/p>\n<p>***<\/p>\n<p>\u201cKobani Kantonu\u201dnu PKK&#8217;n\u0131n Suriye Kolu PYD, Suriye&#8217;nin kuzeyinde kurdu&#8230;<\/p>\n<p>T\u00fcrkiye&#8217;ye g\u00f6re PYD, PKK&#8217;n\u0131n Suriye koludur ve ter\u00f6r \u00f6rg\u00fct\u00fcd\u00fcr&#8230;<\/p>\n<p>Erdo\u011fan, T.C&#8217;nin Cumhurba\u015fkan\u0131 s\u0131fat\u0131yla bu durumu a\u00e7\u0131k-se\u00e7ik ortaya koymu\u015ftur&#8230;<a href=\"https:\/\/www.google.com\/url?q=http:\/\/www.bbc.com\/turkce\/haberler\/2015\/10\/151005_erdogan_tusk&amp;sa=D&amp;usg=AFQjCNEiaFNtxU6RPJmcr3x30XZhs7RWaA\" target=\"_blank\" rel=\"noopener noreferrer\">(7)<\/a><\/p>\n<p>MGK&#8217;n\u0131n g\u00f6r\u00fc\u015f\u00fc de bu y\u00f6ndedir&#8230;<\/p>\n<p>K\u0131l\u0131\u00e7daro\u011flu ise, ABD&#8217;nin \u201ckara g\u00fcc\u00fcm\u00fczd\u00fcr\u201d dedi\u011fi \u00a0PYD&#8217;nin silahl\u0131 kanad\u0131 YPG&#8217;yi, \u201dter\u00f6r \u00f6rg\u00fct\u00fc olarak de\u011fil, vatan\u0131n\u0131 kurtarmak i\u00e7in \u00f6rg\u00fctlenmi\u015f bir olu\u015fum\u00a0olarak g\u00f6rd\u00fc\u011f\u00fcn\u00fc\u201d s\u00f6ylemi\u015fti&#8230;<a href=\"https:\/\/www.google.com\/url?q=http:\/\/www.ulusalkanal.com.tr\/gundem\/kilicdaroglundan-olay-sozler-h39403.html0&amp;sa=D&amp;usg=AFQjCNFpC7CS_KnybYhVUtvJeGvUQgBbtw\" target=\"_blank\" rel=\"noopener noreferrer\">\u00a0<\/a><a href=\"https:\/\/www.google.com\/url?q=http:\/\/www.ulusalkanal.com.tr\/gundem\/kilicdaroglundan-olay-sozler-h39403.html0&amp;sa=D&amp;usg=AFQjCNFpC7CS_KnybYhVUtvJeGvUQgBbtw\" target=\"_blank\" rel=\"noopener noreferrer\">(8)<\/a><\/p>\n<p>Dersimli, birka\u00e7 g\u00fcn \u00f6nceki Samsun konu\u015fmas\u0131nda: \u201cNamus s\u00f6z\u00fc veriyorum, \u00fclkede ter\u00f6r\u00fc bitirece\u011fim\u201d demi\u015fti&#8230;<a href=\"https:\/\/www.google.com\/url?q=http:\/\/www.sozcu.com.tr\/2015\/gundem\/kilicdaroglu-teroru-bitirecegim-963303&amp;sa=D&amp;usg=AFQjCNH270U1woDYE2tuxOsYPbxcaCVy2w\" target=\"_blank\" rel=\"noopener noreferrer\">\u00a0<\/a><a href=\"https:\/\/www.google.com\/url?q=http:\/\/www.sozcu.com.tr\/2015\/gundem\/kilicdaroglu-teroru-bitirecegim-963303&amp;sa=D&amp;usg=AFQjCNH270U1woDYE2tuxOsYPbxcaCVy2w\" target=\"_blank\" rel=\"noopener noreferrer\">(9)<\/a><\/p>\n<p>PKK&#8217;n\u0131n Suriye Kolu PYD&#8217;nin silahl\u0131 kanad\u0131 YPG&#8217;yi, ter\u00f6r \u00f6rg\u00fct\u00fc gibi g\u00f6rmeyen bir zihniyet, \u00a0PKK&#8217;y\u0131 ter\u00f6r \u00f6rg\u00fct\u00fc kabul edip, bitirebilir mi?<\/p>\n<p>Hi\u00e7 sanm\u0131yorum&#8230;<\/p>\n<p>K\u0131l\u0131\u00e7daro\u011flu, bu aralar bazen \u00a0\u201cs\u00f6z\u201d \u00a0bazen \u00a0\u201cnamus s\u00f6z\u00fc\u201d veriyor&#8230;<\/p>\n<p>Ve her c\u00fcmlesinin sonunda; \u201cS\u00f6z\u00fcm s\u00f6z\u201d diyor!..<\/p>\n<p>An\u0131msars\u0131n\u0131z; CHP oylar\u0131nda azalma olursa \u00e7ekilece\u011fine de \u201cs\u00f6z\u201d vermi\u015fti.<\/p>\n<p>O s\u00f6z\u00fcn\u00fc \u00a0bir t\u00fcrl\u00fc tutamad\u0131&#8230;<\/p>\n<p>Hi\u00e7bir d\u00f6nem \u201cnamus s\u00f6z\u00fc\u201d \u00a0bu kadar kirletilmemi\u015fti&#8230;<\/p>\n<p>Bug\u00fcnlerde; \u00a0ter\u00f6r\u00fc bitirece\u011fine, T\u00fcrkiye&#8217;ye bar\u0131\u015f\u0131 ve huzuru getirece\u011fine \u201cnamus s\u00f6z\u00fc\u201d \u00a0veriyor&#8230;<\/p>\n<p>Ter\u00f6ristleri \u201c\u00f6zg\u00fcrl\u00fck sava\u015f\u00e7\u0131s\u0131\u201d \u00a0g\u00f6ren bir anlay\u0131\u015f ter\u00f6r\u00fc bitirebilir mi?<\/p>\n<p>\u00dclkeye huzur getirebilir mi?<\/p>\n<p>Etraf\u0131m\u0131zda yak\u0131lan ate\u015fi, bu kafa ile de\u011ferlendiren birine, Erdo\u011fan h\u00fck\u00fcmet kurma g\u00f6revini verir mi?<\/p>\n<p>\u201cBa\u015fbakan olsam da saraya gitmem\u201d <a href=\"https:\/\/www.google.com\/url?q=http:\/\/www.taraf.com.tr\/kilicdaroglu-basbakan-olsam-da-saraya-gitmem\/&amp;sa=D&amp;usg=AFQjCNGXAHJ1-MfYdgpWscx_-k60IeeIZA\" target=\"_blank\" rel=\"noopener noreferrer\">\u00a0<\/a><a href=\"https:\/\/www.google.com\/url?q=http:\/\/www.taraf.com.tr\/kilicdaroglu-basbakan-olsam-da-saraya-gitmem\/&amp;sa=D&amp;usg=AFQjCNGXAHJ1-MfYdgpWscx_-k60IeeIZA\" target=\"_blank\" rel=\"noopener noreferrer\">(10)<\/a>\u00a0dedi\u011fi saraya; \u201cH\u00fck\u00fcmet kurmak gerekirse saraya giderim\u201d <a href=\"https:\/\/www.google.com\/url?q=http:\/\/www.milliyet.com.tr\/kilicdaroglu-mhp-ak-parti\/siyaset\/detay\/2086832\/default.htm&amp;sa=D&amp;usg=AFQjCNFUwP7fHBUxSLwLp1XZcxtomN50Kg\" target=\"_blank\" rel=\"noopener noreferrer\">\u00a0<\/a><a href=\"https:\/\/www.google.com\/url?q=http:\/\/www.milliyet.com.tr\/kilicdaroglu-mhp-ak-parti\/siyaset\/detay\/2086832\/default.htm&amp;sa=D&amp;usg=AFQjCNFUwP7fHBUxSLwLp1XZcxtomN50Kg\" target=\"_blank\" rel=\"noopener noreferrer\">(11)<\/a>\u00a0diyerek kendini yalanlayan\u00a0birinin s\u00f6z vermesine inan\u0131l\u0131r m\u0131?<\/p>\n<p>***<\/p>\n<p>Y-CHP, \u00a0\u201cA\u00e7\u0131l\u0131m\u201d yanl\u0131s\u0131d\u0131r ve ABD \u00e7izgisindedir&#8230;<\/p>\n<p>TSK&#8217;ya kurulan kumpasta\u00a0ba\u015frol\u00fc oynayan Cemaat&#8217;e kol kanat germesi ve PKK\/HDP&#8217;yi demokrat ve gerekli\u00a0g\u00f6sterme \u00e7abalar\u0131n\u0131 g\u00f6zden ka\u00e7\u0131rmamak gerekir&#8230;<\/p>\n<p>Y-CHP, Se\u00e7im Bildirgesi&#8217;nde \u201c\u00c7\u00f6z\u00fcm\u201d i\u00e7in izleyece\u011fi yolu \u015fu \u015fekilde belirlemi\u015ftir: \u201cToplumsal Mutabakat Komisyonu\u201d, \u201cOrtak Ak\u0131l Heyeti\u201d ve \u201cGer\u00e7ekleri Ara\u015ft\u0131rma Komisyonu\u201d kurulacak; yerel y\u00f6netimlerin idari ve mali \u00f6zerkliklerini s\u0131n\u0131rlayan d\u00fczenlemeler kald\u0131r\u0131lacakt\u0131r&#8230;<\/p>\n<p>G\u00f6r\u00fcld\u00fc\u011f\u00fc gibi; K\u0131l\u0131\u00e7daro\u011flu, do\u011frudan PKK\/HDP&#8217;nin taleplerini sahiplenmektedir&#8230;<\/p>\n<p>HDP ile se\u00e7im bildirgeleri de hemen hemen ayn\u0131d\u0131r!&#8230;<\/p>\n<p>Bu nedenlerden \u00f6t\u00fcr\u00fc; Y-CHP, bizim bildi\u011fimiz Atat\u00fcrk&#8217;\u00fcn CHP&#8217;si olmaktan \u00e7ok uzakla\u015fm\u0131\u015ft\u0131r&#8230;<\/p>\n<p>CHP&#8217;yi i\u015fgalcilerin\u00a0elinden kurtarmad\u0131k\u00e7a, T\u00fcrkiye&#8217;nin kurtulu\u015f yolu a\u00e7\u0131lmayacakt\u0131r&#8230;<\/p>\n<p>Denebilir ki, Y-CHP&#8217;nin varl\u0131\u011f\u0131 AKP iktidar\u0131n\u0131n s\u00fcreklili\u011fini\u00a0sa\u011flamakta ve \u00a0\u00f6mr\u00fcn\u00fc uzatmaktad\u0131r&#8230;<\/p>\n<p>AKP&#8217;nin \u00fc\u00e7 d\u00f6nem iktidar olmas\u0131; bu i\u015fbirlik\u00e7i, p\u0131s\u0131r\u0131k, halktan ve ger\u00e7eklerden kopuk siyaset anlay\u0131\u015f\u0131 y\u00fcz\u00fcndendir.<\/p>\n<p>Bu gidi\u015fle AKP&#8217;yi iktidardan d\u00fc\u015f\u00fcrmek imkans\u0131zla\u015fmaktad\u0131r. &#8230;<\/p>\n<p>7 Haziran se\u00e7imlerinde halk\u0131n iktidardan d\u00fc\u015f\u00fcrd\u00fc\u011f\u00fc\u00a0AKP ile h\u00fck\u00fcmet kurmaya \u00e7al\u0131\u015farak, onu yeniden iktidar yapmak i\u00e7in K\u0131l\u0131\u00e7daro\u011flu&#8217;nun g\u00f6sterdi\u011fi ola\u011fan\u00fcst\u00fc \u00e7aba unutulmamal\u0131d\u0131r&#8230;<\/p>\n<p>Bu nedenle yap\u0131lmas\u0131 gereken \u00f6ncelikli i\u015f, Y-CHP&#8217;den kurtulmak\u00a0olmal\u0131d\u0131r&#8230;<\/p>\n<p>Cemil Can \u00a05 EKIM 2015 PAZAR<\/p>\n<p>D\u0130PNOTLAR:<\/p>\n<p>(1)<a href=\"https:\/\/www.google.com\/url?q=http:\/\/www.aydinlikgazete.com\/politika\/sir-dosyayla-baskan-oldu-h77602.html&amp;sa=D&amp;usg=AFQjCNFdvRRYVR23xu9dFNO-wvbV-x5-tA\" target=\"_blank\" rel=\"noopener noreferrer\">\u00a0<\/a><a href=\"https:\/\/www.google.com\/url?q=http:\/\/www.aydinlikgazete.com\/politika\/sir-dosyayla-baskan-oldu-h77602.html&amp;sa=D&amp;usg=AFQjCNFdvRRYVR23xu9dFNO-wvbV-x5-tA\" target=\"_blank\" rel=\"noopener noreferrer\">http:\/\/www.aydinlikgazete.com\/politika\/sir-dosyayla-baskan-oldu-h77602.html<\/a><\/p>\n<p>(2)<a href=\"https:\/\/www.google.com\/url?q=http:\/\/www.sozcu.com.tr\/2014\/gundem\/yildirimin-30-gemisi-mi-var-474406\/&amp;sa=D&amp;usg=AFQjCNHTJxvrus8PhKWavn7PrWkoIKTtqA\" target=\"_blank\" rel=\"noopener noreferrer\">\u00a0<\/a><a href=\"https:\/\/www.google.com\/url?q=http:\/\/www.sozcu.com.tr\/2014\/gundem\/yildirimin-30-gemisi-mi-var-474406\/&amp;sa=D&amp;usg=AFQjCNHTJxvrus8PhKWavn7PrWkoIKTtqA\" target=\"_blank\" rel=\"noopener noreferrer\">http:\/\/www.sozcu.com.tr\/2014\/gundem\/yildirimin-30-gemisi-mi-var-474406\/<\/a><\/p>\n<p>\u0130\u015fte o gemiler:<\/p>\n<p>\u201cAK BROTHER (Ak Karde\u015f) 29\u00a0bin tonluk Panama band\u0131ral\u0131 gemi \u015fu anda Kanada a\u00e7\u0131klar\u0131nda y\u00fck ta\u015f\u0131makta. Toplam 42\u00a0bin tonluk Panama bayrakl\u0131 d\u00f6rt gemiden JOALMI y\u00fck gemisi, Letonya&#8217;n\u0131n Riga liman\u0131ndan ald\u0131\u011f\u0131 y\u00fck\u00fc \u0130talya&#8217;n\u0131n Piombino liman\u0131na g\u00f6t\u00fcr\u00fcyor. NENA adl\u0131 gemi ise Singapur liman\u0131ndan, \u00c7in&#8217;in Nantong liman\u0131na gitmekte, MV IRINI gemisi Venazuella Point Lisas liman\u0131ndan ald\u0131\u011f\u0131 y\u00fck\u00fc Panama Cristobal limanh\u0131na g\u00f6t\u00fcrmekte. JOHN adl\u0131 gemi ise Atlantik Okyanusu&#8217;nda seyretmekte. Erkam Y\u0131ld\u0131r\u0131m&#8217;\u0131n imza yetkisi ve orta\u011f\u0131 oldu\u011fu Hollanda \u015firketi Zealand Shipping B.V&#8217;nin filosunda ise toplam 200 bin tonluk 10\u00a0gemi bulunuyor. Zealand Shipping B.V&#8217;nin internet sitesinde i\u015f ortaklar\u0131 ve i\u015f birli\u011fi \u00a0yapt\u0131\u011f\u0131 \u015firketler aras\u0131nda Yalova&#8217;da faaliyet g\u00f6steren Q Shipping ve Sefine Denizcilik g\u00f6steriliyor.\u201d<a href=\"https:\/\/www.google.com\/url?q=http:\/\/www.aydinlikgazete.com\/mansetler\/bakan-binali-yildirimin-cocuklarinin-gemicikleri-ortaya-cikti-h28061.html&amp;sa=D&amp;usg=AFQjCNHvrNOuxJVCmktDQTihumPKMEtB8g\" target=\"_blank\" rel=\"noopener noreferrer\">\u00a0<\/a><\/p>\n<p><a href=\"https:\/\/www.google.com\/url?q=http:\/\/www.aydinlikgazete.com\/mansetler\/bakan-binali-yildirimin-cocuklarinin-gemicikleri-ortaya-cikti-h28061.html&amp;sa=D&amp;usg=AFQjCNHvrNOuxJVCmktDQTihumPKMEtB8g\" target=\"_blank\" rel=\"noopener noreferrer\">http:\/\/www.aydinlikgazete.com\/mansetler\/bakan-binali-yildirimin-cocuklarinin-gemicikleri-ortaya-cikti-h28061.html<\/a><\/p>\n<p>(3)<a href=\"https:\/\/www.google.com\/url?q=http:\/\/www.haber7.com\/televizyon\/haber\/1140810-binali-yildirim-cocuklarimin-gemileri-var&amp;sa=D&amp;usg=AFQjCNH1JkJ9Ri7fNj-GAS8epJSdIYFS2w\" target=\"_blank\" rel=\"noopener noreferrer\">\u00a0<\/a><a href=\"https:\/\/www.google.com\/url?q=http:\/\/www.haber7.com\/televizyon\/haber\/1140810-binali-yildirim-cocuklarimin-gemileri-var&amp;sa=D&amp;usg=AFQjCNH1JkJ9Ri7fNj-GAS8epJSdIYFS2w\" target=\"_blank\" rel=\"noopener noreferrer\">http:\/\/www.haber7.com\/televizyon\/haber\/1140810-binali-yildirim-cocuklarimin-gemileri-var<\/a><\/p>\n<p>(4)<a href=\"https:\/\/www.google.com\/url?q=http:\/\/www.sozcu.com.tr\/2015\/gundem\/bilal-2-ayda-2-gemi-indirdi-935224\/&amp;sa=D&amp;usg=AFQjCNHLW6LUDHgP3a6Ro1k6a-ddNE8KkA\" target=\"_blank\" rel=\"noopener noreferrer\">\u00a0<\/a><a href=\"https:\/\/www.google.com\/url?q=http:\/\/www.sozcu.com.tr\/2015\/gundem\/bilal-2-ayda-2-gemi-indirdi-935224\/&amp;sa=D&amp;usg=AFQjCNHLW6LUDHgP3a6Ro1k6a-ddNE8KkA\" target=\"_blank\" rel=\"noopener noreferrer\">http:\/\/www.sozcu.com.tr\/2015\/gundem\/bilal-2-ayda-2-gemi-indirdi-935224\/<\/a><\/p>\n<p>\u0130\u015fte o gemicikler:<\/p>\n<p>\u201cCumhurba\u015fkan\u0131 Recep Tayyip Erdo\u011fan&#8217;\u0131n k\u00fc\u00e7\u00fck o\u011flu Bilal Erdo\u011fan, armat\u00f6rl\u00fc\u011f\u00fc sevdi. Amcas\u0131 ve eni\u015ftesi ile birlikte \u00dcsk\u00fcdar&#8217;da kurdu\u011fu BMZ Grup Denizcilik \u015firketi, son iki ayda filosuna iki tanker birden ekledi. Bu iki tankerin fiyat\u0131n\u0131n 36 milyon dolar (110 milyon lira) oldu\u011fu \u00f6\u011frenildi. B\u00f6ylece \u015firketin sahip oldu\u011fu gemi say\u0131s\u0131 5&#8217;e y\u00fckseldi. Gemilerin toplam maliyetinin de 90 milyon dolara (275 milyon lira) \u00e7\u0131kt\u0131\u011f\u0131 ileri s\u00fcr\u00fcld\u00fc. AKP&#8217;nin tek ba\u015f\u0131na iktidar\u0131 kaybetti\u011fi 7 Haziran&#8217;dan bu yana piyasalarda kriz ya\u015fan\u0131rken, Bilal&#8217;in \u015firketi etkilenmedi.\u201d<a href=\"https:\/\/www.google.com\/url?q=http:\/\/www.sozcu.com.tr\/2015\/gundem\/bilal-2-ayda-2-gemi-indirdi-935224\/&amp;sa=D&amp;usg=AFQjCNHLW6LUDHgP3a6Ro1k6a-ddNE8KkA\" target=\"_blank\" rel=\"noopener noreferrer\">\u00a0<\/a><\/p>\n<p><a href=\"https:\/\/www.google.com\/url?q=http:\/\/www.sozcu.com.tr\/2015\/gundem\/bilal-2-ayda-2-gemi-indirdi-935224\/&amp;sa=D&amp;usg=AFQjCNHLW6LUDHgP3a6Ro1k6a-ddNE8KkA\" target=\"_blank\" rel=\"noopener noreferrer\">http:\/\/www.sozcu.com.tr\/2015\/gundem\/bilal-2-ayda-2-gemi-indirdi-935224\/<\/a><\/p>\n<p>(5)<a href=\"https:\/\/www.google.com\/url?q=https:\/\/www.youtube.com\/watch?v%3DVDIdyGderwI&amp;sa=D&amp;usg=AFQjCNEaxOkcB90vt8B7vCetwcFt6X7Ykw\" target=\"_blank\" rel=\"noopener noreferrer\">\u00a0<\/a><a href=\"https:\/\/www.google.com\/url?q=https:\/\/www.youtube.com\/watch?v%3DVDIdyGderwI&amp;sa=D&amp;usg=AFQjCNEaxOkcB90vt8B7vCetwcFt6X7Ykw\" target=\"_blank\" rel=\"noopener noreferrer\">https:\/\/www.youtube.com\/watch?v=VDIdyGderwI<\/a><\/p>\n<p>(6)<a href=\"https:\/\/www.google.com\/url?q=http:\/\/www.cumhuriyet.com.tr\/haber\/turkiye\/335801\/Turkiye_nin_ISiD_operasyonu_gostermelik.html&amp;sa=D&amp;usg=AFQjCNFbeJyhWbgF-WNWTFFCbGEmbHyL4w\" target=\"_blank\" rel=\"noopener noreferrer\">\u00a0<\/a><a href=\"https:\/\/www.google.com\/url?q=http:\/\/www.cumhuriyet.com.tr\/haber\/turkiye\/335801\/Turkiye_nin_ISiD_operasyonu_gostermelik.html&amp;sa=D&amp;usg=AFQjCNFbeJyhWbgF-WNWTFFCbGEmbHyL4w\" target=\"_blank\" rel=\"noopener noreferrer\">http:\/\/www.cumhuriyet.com.tr\/haber\/turkiye\/335801\/Turkiye_nin_ISiD_operasyonu_gostermelik.html<\/a><\/p>\n<p>(7)<a href=\"https:\/\/www.google.com\/url?q=http:\/\/www.bbc.com\/turkce\/haberler\/2015\/10\/151005_erdogan_tusk&amp;sa=D&amp;usg=AFQjCNEiaFNtxU6RPJmcr3x30XZhs7RWaA\" target=\"_blank\" rel=\"noopener noreferrer\">\u00a0<\/a><a href=\"https:\/\/www.google.com\/url?q=http:\/\/www.bbc.com\/turkce\/haberler\/2015\/10\/151005_erdogan_tusk&amp;sa=D&amp;usg=AFQjCNEiaFNtxU6RPJmcr3x30XZhs7RWaA\" target=\"_blank\" rel=\"noopener noreferrer\">http:\/\/www.bbc.com\/turkce\/haberler\/2015\/10\/151005_erdogan_tusk<\/a><\/p>\n<p>(8)<a href=\"https:\/\/www.google.com\/url?q=http:\/\/www.ulusalkanal.com.tr\/gundem\/kilicdaroglundan-olay-sozler-h39403.html&amp;sa=D&amp;usg=AFQjCNE1t8DEYmVJwqo37GZfcphSMpz8cA\" target=\"_blank\" rel=\"noopener noreferrer\">\u00a0<\/a><a href=\"https:\/\/www.google.com\/url?q=http:\/\/www.ulusalkanal.com.tr\/gundem\/kilicdaroglundan-olay-sozler-h39403.html&amp;sa=D&amp;usg=AFQjCNE1t8DEYmVJwqo37GZfcphSMpz8cA\" target=\"_blank\" rel=\"noopener noreferrer\">http:\/\/www.ulusalkanal.com.tr\/gundem\/kilicdaroglundan-olay-sozler-h39403.html<\/a>0<\/p>\n<p>(9)<a href=\"https:\/\/www.google.com\/url?q=http:\/\/www.sozcu.com.tr\/2015\/gundem\/kilicdaroglu-teroru-bitirecegim-963303&amp;sa=D&amp;usg=AFQjCNH270U1woDYE2tuxOsYPbxcaCVy2w\" target=\"_blank\" rel=\"noopener noreferrer\">\u00a0<\/a><a href=\"https:\/\/www.google.com\/url?q=http:\/\/www.sozcu.com.tr\/2015\/gundem\/kilicdaroglu-teroru-bitirecegim-963303&amp;sa=D&amp;usg=AFQjCNH270U1woDYE2tuxOsYPbxcaCVy2w\" target=\"_blank\" rel=\"noopener noreferrer\">http:\/\/www.sozcu.com.tr\/2015\/gundem\/kilicdaroglu-teroru-bitirecegim-963303<\/a><\/p>\n<p>(10)<a href=\"https:\/\/www.google.com\/url?q=http:\/\/www.taraf.com.tr\/kilicdaroglu-basbakan-olsam-da-saraya-gitmem\/&amp;sa=D&amp;usg=AFQjCNGXAHJ1-MfYdgpWscx_-k60IeeIZA\" target=\"_blank\" rel=\"noopener noreferrer\">\u00a0<\/a><a href=\"https:\/\/www.google.com\/url?q=http:\/\/www.taraf.com.tr\/kilicdaroglu-basbakan-olsam-da-saraya-gitmem\/&amp;sa=D&amp;usg=AFQjCNGXAHJ1-MfYdgpWscx_-k60IeeIZA\" target=\"_blank\" rel=\"noopener noreferrer\">http:\/\/www.taraf.com.tr\/kilicdaroglu-basbakan-olsam-da-saraya-gitmem\/<\/a><\/p>\n<p>(11)<a href=\"https:\/\/www.google.com\/url?q=http:\/\/www.milliyet.com.tr\/kilicdaroglu-mhp-ak-parti\/siyaset\/detay\/2086832\/default.htm&amp;sa=D&amp;usg=AFQjCNFUwP7fHBUxSLwLp1XZcxtomN50Kg\" target=\"_blank\" rel=\"noopener noreferrer\">\u00a0<\/a><a href=\"https:\/\/www.google.com\/url?q=http:\/\/www.milliyet.com.tr\/kilicdaroglu-mhp-ak-parti\/siyaset\/detay\/2086832\/default.htm&amp;sa=D&amp;usg=AFQjCNFUwP7fHBUxSLwLp1XZcxtomN50Kg\" target=\"_blank\" rel=\"noopener noreferrer\">http:\/\/www.milliyet.com.tr\/kilicdaroglu-mhp-ak-parti\/siyaset\/detay\/2086832\/default.htm<\/a><\/p>\n<p>&nbsp;<\/p>\n<p>AKP&#8217;N\u0130N \u0130K\u0130 ESER\u0130: B\u00d6L\u00dcNM\u00dc\u015e YOL, B\u00d6L\u00dcNM\u00dc\u015e HALK!<\/p>\n<p><a href=\"https:\/\/www.google.com\/url?q=https:\/\/www.facebook.com\/cemil.can.94009&amp;sa=D&amp;usg=AFQjCNFeg0IqMHC3nMo846ivS2TMJHT1Kw\" target=\"_blank\" rel=\"noopener noreferrer\">CEMIL CAN<\/a>\u00b7<a href=\"https:\/\/www.google.com\/url?q=https:\/\/www.facebook.com\/notes\/cemil-can\/akpnin-iki-eseri-b%25C3%25B6l%25C3%25BCnm%25C3%25BC%25C5%259F-yol-b%25C3%25B6l%25C3%25BCnm%25C3%25BC%25C5%259F-halk\/537431746420195&amp;sa=D&amp;usg=AFQjCNEdMcPn_50mSedKZHgfcFhq1Bt2IA\" target=\"_blank\" rel=\"noopener noreferrer\">1 KASIM 2015 PAZAR<\/a><\/p>\n<p>\u0130ktidarlar\u0131n bir \u00fclkeye yapabilece\u011fi en b\u00fcy\u00fck iki k\u00f6t\u00fcl\u00fck: \u201cB\u00f6l\u00fcnm\u00fc\u015f yol\u201d ile \u201cB\u00f6l\u00fcnm\u00fc\u015f halk\u201dt\u0131r&#8230;<\/p>\n<p>13\u00a0y\u0131ll\u0131k AKP iktidar\u0131 sonunda her ikisini de g\u00f6rd\u00fck&#8230;<\/p>\n<p>AKP iktidar\u0131nda; Cumhuriyetin 92 y\u0131ll\u0131k maddi kazan\u0131mlar\u0131n\u0131 satt\u0131lar&#8230;<\/p>\n<p>Elde edilen (52 milyar TL) paradan, bu kazan\u0131mlar\u0131n yap\u0131lmas\u0131 i\u00e7in al\u0131nan bor\u00e7lar\u0131 \u00f6demedikleri gibi, \u00a0yakla\u015f\u0131k\u00a03\u00a0kat\u00a0daha fazla bor\u00e7land\u0131lar&#8230;<a href=\"https:\/\/www.google.com\/url?q=http:\/\/l.facebook.com\/l.php?u%3Dhttp%253A%252F%252Fwww.sozcu.com.tr%252F2014%252Fekonomi%252Fakpnin-ekonomiye-12-yilda-12-kazigi-560458%252F%26h%3D-AQHMmoqN%26s%3D1&amp;sa=D&amp;usg=AFQjCNHK0SOHuh-NJa3CPIlE9NxP1hhKWw\" target=\"_blank\" rel=\"noopener noreferrer\">(1)<\/a><\/p>\n<p>\u201cBu kadar paray\u0131 ne yapt\u0131n\u0131z?\u201d sorusuna, AKP&#8217;nin verece\u011fi yan\u0131t: \u201cB\u00f6l\u00fcnm\u00fc\u015f yol yapt\u0131k\u201d olacakt\u0131r!..<\/p>\n<p>Ba\u015fka dikili bir a\u011fa\u00e7lar\u0131 yok!..<\/p>\n<p>\u201cB\u00f6l\u00fcnm\u00fc\u015f yol\u201d; bir \u00fclkeye yap\u0131labilecek en b\u00fcy\u00fck ihanettir!..<\/p>\n<p>\u00dclkeyi s\u00f6m\u00fcr\u00fcye\u00a0a\u00e7man\u0131n en etkili yoludur&#8230;<\/p>\n<p>Demiryolu ta\u015f\u0131mac\u0131l\u0131\u011f\u0131 i\u00e7in d\u0131\u015far\u0131ya hi\u00e7bir ba\u011f\u0131ml\u0131l\u0131\u011f\u0131m\u0131z\u00a0yoktu&#8230;<\/p>\n<p>Bu alan bilin\u00e7li olarak ihmal edildi&#8230;<\/p>\n<p>D\u00fcnya otomobil devlerinin, ba\u015fka bir s\u00f6yleyi\u015fle emperyalistlerin \u00a0destekledi\u011fi\u00a0siyaset\u00e7iler, y\u00f6netime getirildi.<\/p>\n<p>Onlar da diyetlerini\u00a0b\u00f6l\u00fcnm\u00fc\u015f yol yaparak \u00f6dediler&#8230;<\/p>\n<p>Halbuki, d\u00fcnyan\u0131n en kaliteli k\u00f6m\u00fcrleri bizdedir&#8230;<\/p>\n<p>K\u00f6m\u00fcr yak\u0131t\u0131 ile bile trenleri \u00e7al\u0131\u015ft\u0131rmak m\u00fcmk\u00fcn&#8230;<\/p>\n<p>Gelin kalan demirdir\u00a0ve \u00a0o da yeteri kadar vard\u0131r&#8230;<\/p>\n<p>\u00dclkeyi ba\u015ftan sona demir a\u011flarla \u00f6r\u00fcp, petrole olan ba\u011f\u0131ml\u0131l\u0131\u011f\u0131m\u0131z\u0131 azaltsayd\u0131k, \u00fclkemizi d\u00fcnya otomotiv sanayinin pazar\u0131\u00a0olmaktan kurtarabilirdik&#8230;<\/p>\n<p>Adeta d\u00fcnya otomobil devlerinin ayakta kalmas\u0131 i\u00e7in \u00fclkemizi feda\u00a0ettik&#8230;<\/p>\n<p>\u015eimdi neredeyse her evde bir otomobil var&#8230;<\/p>\n<p>Bunlar\u0131n; yak\u0131t\u0131, yedek par\u00e7as\u0131, sigorta \u00a0ve muayene masraflar\u0131n\u0131 toplad\u0131n\u0131z m\u0131 korkun\u00e7 rakamlar bulursunuz&#8230;<\/p>\n<p>Birka\u00e7 y\u0131l bu harcamalar\u0131 yapmad\u0131\u011f\u0131n\u0131z\u0131 d\u00fc\u015f\u00fcn\u00fcn, biriktirece\u011finiz parayla\u00a0metrolar\u0131\u00a0ve demiryollar\u0131n\u0131\u00a0tamamlayabilirsiniz&#8230;<\/p>\n<p>\u00dclkemizde Temmuz 2015\u00a0itibariyle ara\u00e7 say\u0131s\u0131 19\u00a0milyon 541 bin 369\u00a0olarak \u00a0tespit edildi&#8230;<a href=\"https:\/\/www.google.com\/url?q=http:\/\/l.facebook.com\/l.php?u%3Dhttp%253A%252F%252Fwww.trthaber.com%252Fhaber%252Fekonomi%252Fturkiyede-toplam-arac-sayisi-kac-205928.html%26h%3DNAQG58QJR%26s%3D1&amp;sa=D&amp;usg=AFQjCNGLNpY9ZNjefgixQ0gD7Mk5QRUtrQ\" target=\"_blank\" rel=\"noopener noreferrer\">(2)<\/a><\/p>\n<p>AKP&#8217;nin iktidara geldi\u011fi 2002\u00a0y\u0131l\u0131nda bu say\u0131 8\u00a0milyon 655\u00a0bin 170\u00a0idi&#8230;<\/p>\n<p>AKP&#8217;nin 13 y\u0131ll\u0131k iktidar\u0131 boyunca yakla\u015f\u0131k 11\u00a0milyon otomobil trafi\u011fe \u00e7\u0131kt\u0131&#8230;<\/p>\n<p>Haliyle trafik s\u0131k\u0131\u015ft\u0131&#8230;<\/p>\n<p>AKP s\u0131k\u0131\u015fan trafi\u011fi rahatlatmak i\u00e7in ha bire b\u00f6l\u00fcnm\u00fc\u015f yol yapt\u0131!<\/p>\n<p>Bu d\u00f6nemde, otomobil \u00fcreticileri ile ithalat\u00e7\u0131lar baya\u011f\u0131 rahatlad\u0131&#8230;<\/p>\n<p>Otomobil ithalat\u0131 yerine, \u015fehirlerimize yer alt\u0131 metrolar\u0131\u00a0yap\u0131lsayd\u0131, \u015fehirler aras\u0131 yollara h\u0131zl\u0131 tren\u00a0konsayd\u0131, bu kadar otomobili kim ne diye als\u0131n ki? Otomobilli bir ailenin, otomobili i\u00e7in ay\u0131rd\u0131\u011f\u0131 b\u00fct\u00e7e\u00a0neredeyse di\u011fer t\u00fcm giderlerinden daha fazlad\u0131r&#8230;<\/p>\n<p>Metro ve h\u0131zl\u0131 trenin oldu\u011fu bir \u00fclkede, bu kadar paran\u0131n tasarruf edilmesi\u00a0ile refah d\u00fczeyimizde \u00f6nemli bir y\u00fckselme olaca\u011f\u0131 tart\u0131\u015fmas\u0131zd\u0131r&#8230;<\/p>\n<p>\u00c7\u0131lg\u0131nlar gibi otomobil sat\u0131n almasayd\u0131k, bankalara bu kadarbor\u00e7lu\u00a0olmayacakt\u0131k&#8230;<\/p>\n<p>Benzer bir di\u011fer s\u00f6m\u00fcr\u00fclme arac\u0131 cep telefonlar\u0131d\u0131r&#8230;<\/p>\n<p>Ninni yerine ge\u00e7mek \u00fczere bebeklerin bile ellerine ak\u0131ll\u0131 telefontutu\u015fturulmu\u015ftur&#8230;<\/p>\n<p>Telefonlar i\u00e7in \u00f6denen (konu\u015fma ve internet) \u00fccretleri toplad\u0131\u011f\u0131n\u0131zda, ortaya ak\u0131l almayacak rakamlar \u00e7\u0131k\u0131yor&#8230;<\/p>\n<p>Neredeyse t\u00fcm ailelerin ikinci s\u0131radaki\u00a0giderini bu kalem olu\u015fturuyor&#8230;<\/p>\n<p>Hi\u00e7 gerekli \u00a0olmad\u0131\u011f\u0131 halde; \u00fclke olarak birikimlerimizin \u00f6nemli bir kesimini de telefon giderlerine ay\u0131r\u0131yoruz&#8230;<\/p>\n<p>B\u00f6yle bir toplumun para biriktirmesi, mal m\u00fclk edinmesi m\u00fcmk\u00fcn olabilir mi?<\/p>\n<p>Denebilir ki h\u00fck\u00fcmetimiz; bilin\u00e7li olarak bir t\u00fcketim toplumu yaratt\u0131&#8230;<\/p>\n<p>Var\u0131m\u0131z\u0131 yo\u011fumuzu sat\u0131yor ve alabildi\u011fine bor\u00e7lan\u0131yoruz&#8230;<\/p>\n<p>Bor\u00e7lar\u0131m\u0131z\u0131n \u00fc\u00e7 kat\u0131na\u00a0\u00e7\u0131kmas\u0131 sanayi yat\u0131r\u0131mlar\u0131 nedeniyle de\u011fil ki&#8230;<\/p>\n<p>\u0130\u015fsizlik\u00a0y\u00fczdesi, iki basamakl\u0131 rakamlarla ifade edildi\u011fine g\u00f6re, istihdam alanlar\u0131 a\u00e7mak i\u00e7in de yat\u0131r\u0131m yap\u0131lmam\u0131\u015f&#8230;<\/p>\n<p>Tar\u0131m ve hayvanc\u0131l\u0131k da bitirilmi\u015f. 76 milyon insan ne yiyor ne i\u00e7iyor?<\/p>\n<p>H\u00fck\u00fcmetlerimizin bor\u00e7lanarak ald\u0131\u011f\u0131 paralar, bir \u015fekilde halka da aktar\u0131l\u0131yor&#8230;<\/p>\n<p>Bor\u00e7lanarak ya\u015f\u0131yoruz i\u015fte!..<\/p>\n<p>***<\/p>\n<p>Bu d\u00fczen hep b\u00f6yle s\u00fcrd\u00fcr\u00fclebilir\u00a0mi?<\/p>\n<p>Bir \u00fclke \u00fcretmeden, s\u00fcrekli bor\u00e7 alarak nereye kadar gidebilir?<\/p>\n<p>B\u00f6yle bir y\u00f6netim iktidarda nas\u0131l kalabilir?<\/p>\n<p>T\u00fcrkiye i\u00e7in en hayati sorun\u00a0budur i\u015fte! AKP h\u00fck\u00fcmetleri bunun da bir yolunu buldular&#8230;<\/p>\n<p>Halk\u0131 ikiye b\u00f6lmeyi ba\u015fard\u0131lar.<\/p>\n<p>Kabul etmek gerekir ki, AKP Erdo\u011fan&#8217;\u0131n \u015fahs\u0131nda ete kemi\u011fe b\u00fcr\u00fcnm\u00fc\u015f bir olu\u015fumdur&#8230;<\/p>\n<p>Bu y\u00fczden AKP&#8217;ye siyasi parti demek olduk\u00e7a zordur!<\/p>\n<p>Kim ne derse desin; Recep Tayyip Erdo\u011fan, \u201cb\u00f6lme i\u015flemi\u201dnde son derece ba\u015far\u0131l\u0131 olmu\u015ftur.<\/p>\n<p>Toplumun yoksul ve ezik kesimlerinden, kendisine fanatik\u00a0bir taraftar grubu olu\u015fturmu\u015ftur&#8230;<\/p>\n<p>\u00d6yle bir grup ki, \u00a0kendi ifadesine g\u00f6re, kar\u015f\u0131s\u0131nda g\u00f6rd\u00fckleri \u00a0insanlara kar\u015f\u0131, en ufak bir toleranslar\u0131 yoktur&#8230;<\/p>\n<p>Holiganlar\u00a0gibi&#8230;<\/p>\n<p>En masum toplumsal g\u00f6sterilerde bile; ellerindeki palalarla, d\u00f6ner b\u0131\u00e7aklar\u0131 ile soka\u011fa f\u0131rlayabiliyorlar&#8230;<\/p>\n<p>Ki\u015filik ayar\u0131 verilmi\u015f bu \u00a0fanatik gruplar, Erdo\u011fan&#8217;\u0131n ifadesi ile \u00a0\u201cevde zor zaptdelilen y\u00fczde elli\u201dyi olu\u015fturuyorlar&#8230;<\/p>\n<p>Erdo\u011fan, aleyhine olan hi\u00e7bir s\u00f6ze inanmazlar!..<\/p>\n<p>AKP h\u00fck\u00fcmetlerine toz kondurmazlar&#8230;<\/p>\n<p>Saflar\u0131n\u0131 kolay kolay de\u011fi\u015ftiremezler&#8230;<\/p>\n<p>Buna kar\u015f\u0131l\u0131k, ciddiye al\u0131nacak Erdo\u011fan kar\u015f\u0131tl\u0131\u011f\u0131\u00a0da vard\u0131r&#8230;<\/p>\n<p>Her ikisi birbirini besliyor&#8230;<\/p>\n<p>Esasen Erdo\u011fan kar\u015f\u0131tl\u0131\u011f\u0131ndan da yararlanan sadece AKP&#8217;dir&#8230;<\/p>\n<p>Bu kesim, nefret \u00fczerinden \u00f6yle bir kar\u015f\u0131tl\u0131k olu\u015fturmu\u015ftur ki, PKK\/HDP ile bile g\u00f6z\u00fc kapal\u0131 i\u015fbirli\u011fi yapabilir&#8230;<\/p>\n<p>Yap\u0131yorlar da&#8230;<\/p>\n<p>HDP baraj\u0131\u00a0nas\u0131l a\u015ft\u0131 san\u0131yorsunuz?!<\/p>\n<p>Sonu\u00e7 olarak denebilir ki, \u00a0b\u00f6l\u00fcnm\u00fc\u015fl\u00fckten bir tek AKP yararlanmaktad\u0131r&#8230;<\/p>\n<p>Muhalefet kategorisinde yer alan di\u011fer kesimler, zaten kendi i\u00e7erisinde de b\u00f6l\u00fcnm\u00fc\u015f bir haldedir&#8230;<\/p>\n<p>Asla bir araya gelemezler&#8230;<\/p>\n<p>Bu y\u00fczden, 7 Haziran\u00a0se\u00e7imlerinde; toplumun \u00a0y\u00fczde 60&#8217;\u0131n\u0131 temsil ettikleri halde, h\u00fck\u00fcmeti kuramad\u0131lar!..<\/p>\n<p>\u00c7\u00fcnk\u00fc iktidar\u0131n ve emperyal g\u00fc\u00e7lerin eli\u00a0daima i\u00e7lerinde dola\u015f\u0131r&#8230;<\/p>\n<p>O el, uyduruk kayd\u0131r\u0131k nedenlerle, \u00fclkenin en \u00f6nemli sorunlar\u0131nda bile bir araya gelmelerini engeller&#8230;<\/p>\n<p>Bu kesim bir o kadar da ger\u00e7ek\u00e7idir: \u00a0 Siyasi hedefini siyasi iktidar\u0131 ele ge\u00e7irmek de\u011fil, AKP ile \u00a0koalisyon kurmak\u00a0olarak belirlemi\u015ftir&#8230;<\/p>\n<p>Bu kadar\u0131n\u0131 kendileri de bilirler&#8230;<\/p>\n<p>Bu yaz\u0131 yaz\u0131ld\u0131\u011f\u0131 saatlerde oy kullanma devam ediyordu&#8230;<\/p>\n<p>Sonu\u00e7lar hakk\u0131nda tahminin \u00f6tesinde bir bilgim elbette olamazd\u0131&#8230;<\/p>\n<p>\u201cBat\u0131 cephesinde de\u011fi\u015fen bir \u015fey yok\u201d Yan\u0131l\u0131p yan\u0131lmad\u0131\u011f\u0131m\u0131 birka\u00e7 g\u00fcn i\u00e7erisinde zaten \u00f6\u011frenece\u011fiz&#8230;<\/p>\n<p>\u0130yi seyirler efendim&#8230;<\/p>\n<p>Cemil Can<\/p>\n<p>D\u0130PNOTLAR:<\/p>\n<p>(1)<a href=\"https:\/\/www.google.com\/url?q=http:\/\/l.facebook.com\/l.php?u%3Dhttp%253A%252F%252Fwww.sozcu.com.tr%252F2014%252Fekonomi%252Fakpnin-ekonomiye-12-yilda-12-kazigi-560458%252F%26h%3DlAQGG1pK0%26s%3D1&amp;sa=D&amp;usg=AFQjCNE55YlBlAoq1iQ8SktzIDQDqkJj7g\" target=\"_blank\" rel=\"noopener noreferrer\">http:\/\/www.sozcu.com.tr\/2014\/ekonomi\/akpnin-ekonomiye-12-yilda-12-kazigi-560458\/<\/a><a href=\"https:\/\/www.google.com\/url?q=http:\/\/l.facebook.com\/l.php?u%3Dhttp%253A%252F%252Fwww.sozcu.com.tr%252F2014%252Fekonomi%252Fakpnin-ekonomiye-12-yilda-12-kazigi-560458%252F%26h%3DFAQHXst7R%26s%3D1&amp;sa=D&amp;usg=AFQjCNGAMaaoEYrZ37BhzgQ-rN219827Og\" target=\"_blank\" rel=\"noopener noreferrer\">http:\/\/www.sozcu.com.tr\/2014\/ekonomi\/akpnin-ekonomiye-12-yilda-12-kazigi-560458\/<\/a><\/p>\n<p>(2)<a href=\"https:\/\/www.google.com\/url?q=http:\/\/l.facebook.com\/l.php?u%3Dhttp%253A%252F%252Fwww.trthaber.com%252Fhaber%252Fekonomi%252Fturkiyede-toplam-arac-sayisi-kac-205928.html%26h%3DSAQHf6lxV%26s%3D1&amp;sa=D&amp;usg=AFQjCNFoJ150i-PuzUqsP1RxF92jo0Zc8Q\" target=\"_blank\" rel=\"noopener noreferrer\">http:\/\/www.trthaber.com\/haber\/ekonomi\/turkiyede-toplam-arac-sayisi-kac-205928.html<\/a><a href=\"https:\/\/www.google.com\/url?q=http:\/\/www.trthaber.com\/haber\/ekonomi\/turkiyede-toplam-arac-sayisi-kac-205928.html&amp;sa=D&amp;usg=AFQjCNGkKaTzdBxwdybbCa5TA5mpbK76YA\" target=\"_blank\" rel=\"noopener noreferrer\">http:\/\/www.trthaber.com\/haber\/ekonomi\/turkiyede-toplam-arac-sayisi-kac-205928.html<\/a><\/p>\n<p><strong>UZAKTAN KUMANDALILAR!..<\/strong> Cemil Can<br \/>\nPKK&#8217;l\u0131 ter\u00f6ristlerin a\u00e7t\u0131\u011f\u0131 ate\u015f sonucu \u015fehit olan Polis Memuru Salih Ero\u011flu&#8217;na memleketine g\u00f6nderilmeden \u00f6nce, mutad oldu\u011fu \u00fczere Diyarbak\u0131r Emniyet M\u00fcd\u00fcrl\u00fc\u011f\u00fc \u00f6n\u00fcnde y\u00fcrekleri par\u00e7alayan bir veda t\u00f6reni\u00a0d\u00fczenlendi&#8230;<\/p>\n<p>\u015eehit polis memuru, e\u015fi ve 3 ya\u015f\u0131ndaki o\u011flu Yusuf&#8217;un g\u00f6z\u00fc \u00f6n\u00fcnde kur\u015funlanm\u0131\u015ft\u0131.<\/p>\n<p>K\u00fc\u00e7\u00fck Yusuf, t\u00f6rende \u201dBabama gitmek istiyorum, evimize gidelim\u201d diye a\u011flad\u0131&#8230;<\/p>\n<p>Adeta g\u00f6zleri ile konu\u015fuyordu. T\u00fcrkiye&#8217;yi a\u011flatt\u0131&#8230;<\/p>\n<p>Diyarbak\u0131r&#8217;\u0131n Sur \u0130l\u00e7esi&#8217;nde 7 ve Yeni\u015fehir \u0130l\u00e7esi&#8217;nde 2 mahallede ilan edilen soka\u011fa \u00e7\u0131kma yasa\u011f\u0131 devam ederken, g\u00fcvenlik kuvvetleri PKK&#8217;l\u0131lar\u0131n kazd\u0131\u011f\u0131 hendekleri kapat\u0131yordu&#8230;<\/p>\n<p>Ter\u00f6ristler, roket atar ve otomatik silahlarla polislere ate\u015f a\u00e7t\u0131.<\/p>\n<p>Hende\u011fe tuzaklanan patlay\u0131c\u0131y\u0131 uzaktan kumanda ile patlatt\u0131lar&#8230;<\/p>\n<p>23 ya\u015f\u0131ndaki polis memuru Cem Tayfun \u015fehit oldu&#8230;<\/p>\n<p>\u015eehit cenazeleri Anadolu&#8217;yu dola\u015f\u0131yor&#8230;<\/p>\n<p>***<\/p>\n<p>Uzaktan kumandal\u0131 bombalar Do\u011fu&#8217;dan Ankara&#8217;ya g\u00f6nderildiler&#8230;<\/p>\n<p>\u0130nsanl\u0131kla en k\u00fc\u00e7\u00fck bir ili\u015fkisi bulunmayan caniler, 10 Ekim sabah\u0131 ba\u015fkenti kana bulad\u0131lar.<\/p>\n<p>Resmi rakamlara g\u00f6re \u00f6l\u00fc say\u0131s\u0131 95, yaral\u0131 246&#8230;<\/p>\n<p>Yaral\u0131lar aras\u0131nda a\u011f\u0131r olanlar da var&#8230;<\/p>\n<p>Yusuf&#8217;un insanca ve hak\u00e7a olan s\u00f6zleri, en az 95 hanede tekrarlanacak&#8230;<\/p>\n<p>\u00c7ocuklar, anne ve babalar\u0131yla birlikte g\u00fcvenli g\u00f6rd\u00fckleri evlerinde olmak istiyorlar&#8230;<\/p>\n<p>Bu kadar\u0131na da haklar\u0131 var. \u015eeker istemiyorlar ki!..<\/p>\n<p>***<\/p>\n<p>Y\u00fcre\u011fine ate\u015f d\u00fc\u015fen anneler \u015fokta!..<\/p>\n<p>\u201cAnalar a\u011flamas\u0131n\u201d diye \u00e7\u0131k\u0131lan yolda, anam\u0131z\u0131 a\u011flat\u0131yorlar!..<\/p>\n<p>Uzaktan kumandal\u0131 ter\u00f6rist \u00f6rg\u00fct PKK&#8217;n\u0131n \u00fcst yap\u0131lanmas\u0131 KCK, se\u00e7imlere kadar \u201ceylemsizlik\u201d karar\u0131 ald\u0131\u011f\u0131n\u0131 a\u00e7\u0131klad\u0131&#8230;<\/p>\n<p>Sevinelim mi?!<\/p>\n<p>Diledi\u011fi zaman \u201ceylemsizlik\u201d karar\u0131 al\u0131yor, diledi\u011fi zaman kald\u0131r\u0131yorlar!..<\/p>\n<p>Ellerinde roketatarlar\u0131 ve do\u00e7kalar\u0131 var&#8230;<\/p>\n<p>***<\/p>\n<p>Hava Harp Okulu&#8217;nun 64. Y\u0131ld\u00f6n\u00fcm\u00fc t\u00f6reninde konu\u015fan Hava Kuvvetleri Komutan\u0131:\u201dBug\u00fcn T\u00fcrk Hava Kuvvetleri asl\u0131nda sava\u015f\u0131yor. Hem orta \u00e7apl\u0131 bir sava\u015f\u0131n \u00f6tesindehem de iki cephede sava\u015f\u0131yor\u201d dedi&#8230; (1)<\/p>\n<p>Sava\u015fta oldu\u011fumuzu anlamak i\u00e7in, bombalar\u0131n illa da tepemize mi d\u00fc\u015fmesi gerekiyor&#8230;<\/p>\n<p>Mesle\u011fi sava\u015fmak olan g\u00f6revli bir kuvvet komutan\u0131n\u0131n s\u00f6zleri son derece a\u00e7\u0131k de\u011fil mi?<\/p>\n<p>\u201cTer\u00f6r \u00f6rg\u00fct\u00fc kurmak ve y\u00f6netmek\u201d su\u00e7lamas\u0131yla hapse at\u0131lan 26. Genelkurmay Ba\u015fkan\u0131 Yarg\u0131tay&#8217;da yapt\u0131\u011f\u0131 savunmada; \u201cTSK&#8217;ya kurulan kumpas\u0131n 3 failini; ABD, AKP ve Cemaat \u201colarak a\u00e7\u0131klamad\u0131 m\u0131?<\/p>\n<p>Komutanlar daha ne desinler?<\/p>\n<p>***<\/p>\n<p>Fetullah G\u00fclen Ter\u00f6r \u00d6rg\u00fct\u00fc&#8217;n\u00fcn (FET\u00d6) bilgisayarlar\u0131nda yap\u0131lan incelemede; \u201c\u00f6zel programlarla gizlenen dosyalar\u201da ula\u015f\u0131ld\u0131.<\/p>\n<p>Bu dosyalar\u0131n birinde Ergenekon, Balyoz tertipleriyle ilgili olarak ABD ba\u011flant\u0131l\u0131\u00a0d\u00f6k\u00fcmanlar ele ge\u00e7irildi&#8230; (2)<\/p>\n<p>Ergenekon ve Balyoz tertiplerinin ba\u015flamas\u0131ndan \u00e7ok\u00f6nceye ait\u00a0olan bu d\u00f6k\u00fcmanlarda, daha sonra g\u00f6zalt\u0131na al\u0131nan isimlerin tamam\u0131na yak\u0131n\u0131n\u0131n yer almas\u0131,\u00a0bir \u015fey ifade etmiyor mu?<\/p>\n<p>Kiminle sava\u015ft\u0131\u011f\u0131m\u0131z bellidir!<\/p>\n<p>Bu sava\u015f\u0131 kazanmadan \u201cbar\u0131\u015f\u201d nas\u0131l elde edilebilir ki?<\/p>\n<p>Tarihten bir \u00f6rnek g\u00f6sterebilir misiniz&#8230;<\/p>\n<p>***<\/p>\n<p>PKK&#8217;n\u0131n Suriye Kolu PYD&#8217;yi \u201ckarag\u00fcc\u00fc\u201d olarak g\u00f6revlendiren Obama, 3 Ekim&#8217;de; PYD sava\u015f\u00e7\u0131lar\u0131ndankolordu\u00a0d\u00fczeyinde silahl\u0131 birlikler kuraca\u011f\u0131n\u0131 ilan etti&#8230; (3)<\/p>\n<p>Bu a\u00e7\u0131klama da m\u0131 \u00f6nemli de\u011fildir!<\/p>\n<p>Suriye&#8217;nin kuzeyinden Akdeniz&#8217;e a\u00e7may\u0131 planlad\u0131klar\u0131\u00a0koridora, T\u00fcrkiye r\u0131za g\u00f6stermeyince, ABD ile aram\u0131z a\u00e7\u0131ld\u0131&#8230;<\/p>\n<p>Rusya&#8217;n\u0131n m\u00fcdahalesinden sonra, NATO \u201cAnkara isterse asker g\u00f6nderebiliriz\u201d diyor&#8230;<\/p>\n<p>Rusya&#8217;n\u0131n Suriye&#8217;de faaliyet g\u00f6steren ter\u00f6r \u00f6rg\u00fctlerine kar\u015f\u0131 ba\u015flatt\u0131\u011f\u0131 hava sald\u0131r\u0131lar\u0131, ABD&#8217;ye s\u00fcrekli mevzi kaybettiriyor&#8230;<\/p>\n<p>Anla\u015f\u0131lmaktad\u0131r ki, T\u00fcrkiye b\u00f6lge \u00fclkeleri ile birlikte hareket\u00a0etmesin diye, ter\u00f6rle hizaya getirilmek isteniyor!..<\/p>\n<p>Bu nedenle Ankara Gar&#8217;\u0131 son olmayacakt\u0131r&#8230;<\/p>\n<p>Bundan b\u00f6yle, b\u00fct\u00fcn birimleriyle Devletin tayakkuzda olmas\u0131 gerekiyor&#8230;<\/p>\n<p>***<\/p>\n<p>Uzmanlar; 7 Haziran se\u00e7imleri \u00f6ncesinde Diyarbak\u0131r&#8217;da ve sonras\u0131nda Suru\u00e7&#8217;ta patlat\u0131lan bombalar ile Ankara&#8217;dakinin benzerli\u011fine dikkat \u00e7ektiler&#8230;<\/p>\n<p>Dolay\u0131s\u0131yla Ankara Gar&#8217;\u0131 \u00f6n\u00fcnde patlayan bombalar\u0131n kumanda d\u00fc\u011fmesine Atlantik \u00f6tesinden bas\u0131ld\u0131 diyebiliyoruz!..<\/p>\n<p>.<\/p>\n<p>Sonu\u00e7 olarak;Libya&#8217;da, M\u0131s\u0131r&#8217;da ve Suriye&#8217;de ter\u00f6r \u00f6rg\u00fctleri ile \u201cal takke ve k\u00fclah\u201d ili\u015fkiler i\u00e7erisinde olan bir h\u00fck\u00fcmetin, ba\u015f\u0131na b\u00f6yle belalar\u0131 a\u00e7mas\u0131, i\u015fin do\u011fas\u0131 gere\u011fidir!.. (4)<\/p>\n<p>Cemil Can<\/p>\n<p>D\u0130PNOTLAR:<\/p>\n<p>(1)<a href=\"https:\/\/www.google.com\/url?q=http:\/\/www.dha.com.tr\/bugun-turk-hava-kuvvetleri-aslinda-savasiyor_1040307.html&amp;sa=D&amp;usg=AFQjCNGrki0u6yQoJ3qweIwP5NEmqnN6YA\" target=\"_blank\" rel=\"noopener noreferrer\">\u00a0<\/a><a href=\"https:\/\/www.google.com\/url?q=http:\/\/www.dha.com.tr\/bugun-turk-hava-kuvvetleri-aslinda-savasiyor_1040307.html&amp;sa=D&amp;usg=AFQjCNGrki0u6yQoJ3qweIwP5NEmqnN6YA\" target=\"_blank\" rel=\"noopener noreferrer\">http:\/\/www.dha.com.tr\/bugun-turk-hava-kuvvetleri-aslinda-savasiyor_1040307.html<\/a><\/p>\n<p>(2)<a href=\"https:\/\/www.google.com\/url?q=http:\/\/www.aydinlikgazete.com\/politika\/ergenekon-kumpasi-yarin-yargitay-da-h77095.html&amp;sa=D&amp;usg=AFQjCNHb9dbcDtktGJxCfMehKulPnEY43w\" target=\"_blank\" rel=\"noopener noreferrer\">\u00a0<\/a><a href=\"https:\/\/www.google.com\/url?q=http:\/\/www.aydinlikgazete.com\/politika\/ergenekon-kumpasi-yarin-yargitay-da-h77095.html&amp;sa=D&amp;usg=AFQjCNHb9dbcDtktGJxCfMehKulPnEY43w\" target=\"_blank\" rel=\"noopener noreferrer\">http:\/\/www.aydinlikgazete.com\/politika\/ergenekon-kumpasi-yarin-yargitay-da-h77095.html<\/a><\/p>\n<p>(3)<a href=\"https:\/\/www.google.com\/url?q=http:\/\/www.ulusalkanal.com.tr\/gundem\/dogu-perincek-obama-alaylari-kurulabilir-mi-h77090.html&amp;sa=D&amp;usg=AFQjCNHHqhJaMwS08tEKn501ASXJptQMmA\" target=\"_blank\" rel=\"noopener noreferrer\">\u00a0<\/a><a href=\"https:\/\/www.google.com\/url?q=http:\/\/www.ulusalkanal.com.tr\/gundem\/dogu-perincek-obama-alaylari-kurulabilir-mi-h77090.html&amp;sa=D&amp;usg=AFQjCNHHqhJaMwS08tEKn501ASXJptQMmA\" target=\"_blank\" rel=\"noopener noreferrer\">http:\/\/www.ulusalkanal.com.tr\/gundem\/dogu-perincek-obama-alaylari-kurulabilir-mi-h77090.html<\/a><\/p>\n<p>(4) 11 Ekim tarihli Ayd\u0131nl\u0131k gazetesinde yaz\u0131lan Deniz Kahraman&#8217;\u0131n haberine g\u00f6re; T\u00fcrkiye ile Rusya aras\u0131nda ya\u015fanan \u201chava sahas\u0131 ihlali krizi\u201d Cumhurba\u015fkan\u0131 Tayip Erdo\u011fan ile Ba\u015fbsakan Ahmet Davuto\u011flu&#8217;nu ayr\u0131 d\u00fc\u015f\u00fcrd\u00fc. \u201cRusya ile ili\u015fkilerde dikkatli ad\u0131 atal\u0131m\u201d uyar\u0131s\u0131 yapan D\u0131\u015fi\u015fleri Bakanl\u0131\u011f\u0131na \u201c\u00d6nce Rusya&#8217;n\u0131n bizimdestekledi\u011fimiz\u00a0adamlar\u0131 vurmas\u0131n\u0131 engelleyecek \u00f6nlemler al\u0131n\u201d talimat\u0131 verdi\u2026<\/p>\n<p><a href=\"http:\/\/www.chpuye.com\/wp-content\/uploads\/2015\/04\/chpnin-isgali_.jpg\">B\u0130LET ALMADAN \u0130KRAM\u0130YEY\u0130 BEKLEYENLER!..Cemil Can<br \/>\n<\/a>Rusya\u2019n\u0131n Suriye\u2019deki silahl\u0131\u00a0ter\u00f6r \u00f6rg\u00fctlerine y\u00f6nelik ba\u015flatt\u0131\u011f\u0131 hava sald\u0131r\u0131s\u0131, koalisyon g\u00fc\u00e7lerini baya\u011f\u0131 rahats\u0131z etti.<\/p>\n<p>Aralar\u0131nda T\u00fcrkiye\u2019nin de bulundu\u011fu \u015fer ittifak\u0131 (ABD, Almanya, \u0130ngiltere, Fransa, Katar ve Suudi Arabistan), Rusya\u2019n\u0131n ter\u00f6r \u00f6rg\u00fct\u00fc olarak kabul etti\u011fi \u00d6zg\u00fcr Suriye Ordusu\u2019nu (\u00d6SO) a\u00e7\u0131k\u00e7a destekledi\u011fini\u00a0ilan ettiler!<\/p>\n<p>Yedi \u00fclkenin yay\u0131nlad\u0131\u011f\u0131 bildiride, Rusya\u2019n\u0131n ba\u015flatt\u0131\u011f\u0131 operasyonlar i\u00e7in, \u201cSuriye muhalefetine ve sivillere y\u00f6nelik sald\u0131r\u0131lard\u0131r\u201d de\u011ferlendirilmesi yap\u0131ld\u0131\u2026<\/p>\n<p>Yakla\u015f\u0131k 3 y\u0131l \u00f6nce (5 Eyl\u00fcl 2012) T\u00fcrkiye\u2019nin Suriye\u2019ye d\u00f6n\u00fck d\u0131\u015f politikas\u0131n\u0131 \u201cEn yak\u0131n zamanda \u015eam\u2019a gidipEmevi Camisi\u2019nde\u00a0namaz k\u0131laca\u011f\u0131z\u201d s\u00f6zleriyle \u00f6zetleyen Erdo\u011fan, bug\u00fcn sadece Putin\u2019e \u00fcz\u00fcnt\u00fclerini bildirece\u011fini s\u00f6ylemekle yetindi\u2026<\/p>\n<p>ABD D\u0131\u015fi\u015fleri Bakan\u0131 Kerry,\u00a0\u201cBiz Rusya\u2019n\u0131n Suriye\u2019de sadece DAE\u015e\u2019i (I\u015e\u0130D\u2019i) hedef almas\u0131n\u0131 istiyoruz\u201d dedi\u2026<\/p>\n<p>Birle\u015fmi\u015f Milletler (BM) 70. Genel Kurulu i\u00e7in Newyork\u2019ta bulunan \u00c7in D\u0131\u015fi\u015fleri Bakan\u0131 Wang Yi, Rusya D\u0131\u015fi\u015fleri Bakan\u0131 Sergey Lavrov\u00a0ile bulu\u015ftuktan sonra, \u00e7\u00f6z\u00fcm\u00fcn diplomasiden ge\u00e7ti\u011finisavunarak, BM\u2019iCenevre 3\u2018\u00fcn toplanmas\u0131 i\u00e7in harekete \u00e7a\u011f\u0131rd\u0131\u2026<\/p>\n<p>\u0130ran Devrim Muhaf\u0131zlar\u0131 Ordusu Komutan Yard\u0131mc\u0131s\u0131H\u00fcseyin Selami, \u201cBug\u00fcn ABD\u2019nin Esat\u2019\u0131n \u00e7\u00f6z\u00fcm par\u00e7as\u0131 oldu\u011funu itiraf etmesi, g\u00f6sterileniradenin\u00a0sonucudur\u201d dedi\u2026<\/p>\n<p>Gelinen bu durum ve \u201cEsat\u2019l\u0131 \u00e7\u00f6z\u00fcm\u201d\u2019\u00fcn kabul\u00fc, ABD ve m\u00fcttefiklerinin Ortado\u011fu politikalar\u0131n\u0131n duvar toslad\u0131\u011f\u0131n\u0131 g\u00f6stermektedir\u2026<\/p>\n<p>Bu yads\u0131namaz ger\u00e7e\u011fe ra\u011fmen, T\u00fcrkiye\u2019nin k\u00fcresel g\u00fc\u00e7lerle hareket etmesinin pahal\u0131ya mal olaca\u011f\u0131 a\u00e7\u0131kt\u0131r.<\/p>\n<p>\u0130ktidardan d\u00fc\u015f\u00fcr\u00fclm\u00fc\u015f\u00a0bir partinin, hala devleti y\u00f6netmesi ve iflas etmi\u015f politikalar\u0131ndaki \u0131srar\u0131n\u0131n T\u00fcrk halk\u0131na a\u011f\u0131r faturalar \u00f6detece\u011fi anla\u015f\u0131lmaktad\u0131r.<\/p>\n<p>Bu nedenle 1 Kas\u0131m\u00a0se\u00e7imleri u\u00e7urumdan \u00f6nceki son \u00e7\u0131k\u0131\u015f\u0131m\u0131zd\u0131r!<\/p>\n<p>***<\/p>\n<p>AKP h\u00fck\u00fcmetlerinin bor\u00e7lanarak s\u00fcrd\u00fcrd\u00fc\u011f\u00fc, ekonomik ya\u015famda sona gelindi say\u0131l\u0131r.<\/p>\n<p>2002 y\u0131l\u0131ndan \u00f6nceki y\u0131llardan devreden dosyalarla birlikte icra m\u00fcd\u00fcrl\u00fcklerinde sonu\u00e7lanmam\u0131\u015f toplam8\u00a0milyon 613\u00a0bin dosya varken, bu rakam yakla\u015f\u0131k 4 kat\u00a0artarak 23 milyon 824 bine ula\u015ft\u0131\u2026<\/p>\n<p>Sadece aile reislerinin icral\u0131k oldu\u011funu varsayarsak,24\u00a0milyon hane bor\u00e7 bata\u011f\u0131nda demektir\u2026<\/p>\n<p>N\u00fcfusun neredeyse tamam\u0131 bu olumsuzluktan etkilenmektedir\u2026<\/p>\n<p>Yeni istihdam alanlar\u0131 a\u00e7\u0131lmad\u0131\u011f\u0131 i\u00e7in i\u015fsizlik ald\u0131 ba\u015f\u0131n\u0131 gitti. Tar\u0131m ve hayvanc\u0131l\u0131k bitirildi. Korunmas\u0131z b\u0131rak\u0131lan milli sanayi can \u00e7eki\u015fiyor\u2026<\/p>\n<p>80 y\u0131ll\u0131k birikimlerimiz sat\u0131l\u0131p, talan edildi\u2026<\/p>\n<p>Yunanistan bile 152 ada, adac\u0131k ve kayal\u0131\u011f\u0131m\u0131z\u0131 i\u015fgal etti\u2026<\/p>\n<p>13 y\u0131ll\u0131k AKP iktidar\u0131nda d\u0131\u015f borcumuz 242.7\u00a0milyar liradan yakla\u015f\u0131k\u00a03 kat\u00a0artarak 676.2\u00a0milyar liraya y\u00fckseldi\u2026<\/p>\n<p>Yurtta\u015flar\u0131n bankalara borcu 2002 y\u0131l\u0131nda 6.6\u00a0milyar lira iken, 58 kat\u00a0artarak 381\u00a0milyar liraya ula\u015ft\u0131.<\/p>\n<p>2008 y\u0131l\u0131ndan bu yana sadece kredi kartlar\u0131 ve t\u00fcketici kredileri i\u00e7in 205\u00a0milyar lira faiz\u00a0\u00f6dendi\u2026<\/p>\n<p>Yurtta\u015f\u0131n kazanc\u0131n\u0131n neredeyse tamam\u0131 faiz \u00f6demelerine gitti\u2026<\/p>\n<p>Belli ki, muhalefet partileri b\u00f6yle bir enkaz\u0131\u00a0devralmak istemiyor!..<\/p>\n<p>***<\/p>\n<p>Y-CHP vaatlerini a\u00e7\u0131klad\u0131. Nihai hedefinin AKP ile koalisyon ortakl\u0131\u011f\u0131 yapmak oldu\u011fu anla\u015f\u0131l\u0131yor:<\/p>\n<p>Se\u00e7im bildirgesinde en dikkat \u00e7eken husus: \u201cAnayasay\u0131 de\u011fi\u015ftirece\u011fiz. E\u015fit yurtta\u015fl\u0131k getirece\u011fiz. Hi\u00e7 kimse etnik kimli\u011finden \u00f6t\u00fcr\u00fc \u00f6tekiyim diye d\u00fc\u015f\u00fcnmeyecek\u201d vurgusudur\u2026<\/p>\n<p>Y-CHP\u2019ye g\u00f6re, T\u00fcrkiye\u2019de etnik kimli\u011finden \u00f6t\u00fcr\u00fc \u201c\u00f6tekiyim\u201d diye d\u00fc\u015f\u00fcnenler var ve bu d\u00fc\u015f\u00fcnce T\u00fcrkiye\u2019nin en \u00f6ncelikli meselesidir\u2026<\/p>\n<p>Bu nedenle de \u201canayasa de\u011fi\u015fikli\u011fi\u201d vaad ediyorlar\u2026<\/p>\n<p>Se\u00e7im Bildirgesi\u2019nde \u201cE\u015fit yurtta\u015fl\u0131k\u201d getirmeyi vaad eden Y-CHP, asl\u0131nda baz\u0131 yurtta\u015flar\u0131n yasalar \u00f6n\u00fcnde \u201ce\u015fit\u201d olmad\u0131\u011f\u0131n\u0131 da savunmu\u015f oluyor\u2026<\/p>\n<p>Bu \u015fekilde PKK\/HDP\u2018nin yalan politikalar\u0131n\u0131 seslendiriyor\u2026<\/p>\n<p>Zira PKK\u2019n\u0131n ayr\u0131l\u0131k\u00e7\u0131 propagandalar\u0131, bu ger\u00e7ek d\u0131\u015f\u0131 d\u00fc\u015f\u00fcnceler \u00fczerine oturtulmu\u015ftur\u2026<\/p>\n<p>B\u00f6yle bir s\u00f6ylem, iktidara talip olan bir partinin kendi aya\u011f\u0131na kur\u015fun s\u0131kmas\u0131ndan farks\u0131zd\u0131r.<\/p>\n<p>\u00dclkeyi i\u00e7erisine s\u00fcr\u00fcklendi\u011fi bataktan nas\u0131l kurtaraca\u011f\u0131 hakk\u0131nda bir tek s\u00f6z bile s\u00f6yleyemeyen Y-CHP, \u201cE\u015fit yurtta\u015fl\u0131k\u201d sa\u00e7mal\u0131\u011f\u0131 ile ger\u00e7ekte iktidara talipolmad\u0131\u011f\u0131n\u0131\u00a0ortaya koymaktad\u0131r\u2026<\/p>\n<p>Dersimli Kemal\u2019in b\u00fct\u00fcn amac\u0131, kendisini CHP ba\u015f\u0131na getiren k\u00fcresel g\u00fc\u00e7lerin\u00a0iste\u011fini yerine getirmektir.<\/p>\n<p>Dersimli, ekibini TBMM\u2019ne sokarak; \u201cMilletvekili dokunulmazl\u0131\u011f\u0131\u201dndan yararland\u0131rmak suretiyle, PKK\u2019n\u0131n ger\u00e7ek d\u0131\u015f\u0131 propagandas\u0131n\u0131n devam\u0131n\u0131 sa\u011flamak ve bu \u015fekilde T\u00fcrk halk\u0131n\u0131n kafas\u0131n\u0131 kar\u0131\u015ft\u0131rmay\u0131 ba\u015fl\u0131ca \u00f6devi edinmi\u015ftir!..<\/p>\n<p>Y-CHP\u2019nin iktidara talip olma gibi bir derdi kesinlikle yoktur.<\/p>\n<p>Bu fikrin esasl\u0131 kan\u0131t\u0131, bir ka\u00e7 ay \u00f6nce halk\u0131n \u00f6n\u00fcne koydu\u011fu milletvekili listesinide\u011fi\u015ftirmemi\u015f\u00a0olmas\u0131d\u0131r.<\/p>\n<p>7 Haziran\u2019daki se\u00e7imde y\u00fczde\u00a024.95\u00a0oy verilen bir listeye, 1 Kas\u0131m\u2019da oy ya\u011fmas\u0131n\u0131 beklemek, bilet almadan b\u00fcy\u00fck ikramiyeyi beklemekten farks\u0131zd\u0131r\u2026<\/p>\n<p>AKP de y\u00fczde 40.87\u00a0oyu tek ba\u015f\u0131na iktidar i\u00e7in yeterli bulmad\u0131\u011f\u0131 i\u00e7in halk\u0131n \u201chata\u201d yapt\u0131\u011f\u0131n\u0131 d\u00fc\u015f\u00fcnmekte ve hatadan d\u00f6nmesi i\u00e7in 1 Kas\u0131m\u2019da ona yeni bir \u201cf\u0131rsat\u201d vermi\u015f bulunmaktad\u0131r!..<\/p>\n<p>Bu noktada AKP ile Y-CHP\u2019nin bak\u0131\u015f a\u00e7\u0131s\u0131nda hi\u00e7bir fark yoktur\u2026<\/p>\n<p>Anla\u015f\u0131l\u0131yor ki, se\u00e7im vaatlerini ve milletvekili listelerini de\u011fi\u015ftirmeyen Y-CHP\u2019nin nihai hedefi; AKP ile koalisyon yapmakt\u0131r.<\/p>\n<p>Nitekim bu tutumunu, 7 Haziran se\u00e7imlerinden sonra AKP\u2019nin pe\u015finden ko\u015fturarak, taviz \u00fczerine tavizler vererek, en ilkesiz ve utan\u0131lacak bir \u015fekilde ortaya koymu\u015ftur\u2026<\/p>\n<p>Denebilir ki, Y-CHP, k\u00fcresel g\u00fc\u00e7ler taraf\u0131ndan, halk\u0131n iktidardan d\u00fc\u015f\u00fcrd\u00fc\u011f\u00fc AKP\u2019yi yeniden h\u00fck\u00fcmet yapmakla g\u00f6revlendirilmi\u015ftir\u2026<\/p>\n<p>Dolay\u0131s\u0131yla AKP\u2019yi iktidardan d\u00fc\u015f\u00fcrmeden \u00f6nceki acil i\u015f, Y-CHP y\u00f6netiminin parti ba\u015f\u0131ndan uzakla\u015ft\u0131r\u0131lmas\u0131d\u0131r!..<\/p>\n<p>Apa\u00e7\u0131k g\u00f6z\u00fcken 1 Kas\u0131m yenilgisinden sonra, CHP\u2019lilerin siyasi g\u00fcndeminin ilk s\u0131ras\u0131nda bu i\u015f olmal\u0131d\u0131r\u2026<\/p>\n<p>Cemil Can \u00a04 EK\u0130M 2015 PAZAR<\/p>\n<p><strong>HEP\u0130N\u0130Z B\u0130RAZ T\u00dcRKE\u015e B\u0130RAZ DA \u00d6ZKES&#8217;S\u0130N\u0130Z!..Cemil Can<\/strong><br \/>\n\u0130hsan \u00d6zkesler y\u00f6netimindeki bir partiyi iktidara getirmek i\u00e7in verilecek olan m\u00fccadele beyhudedir!..<\/p>\n<p>\u00c7\u00fcnk\u00fc bu m\u00fccadele sonunda iktidar gelse de, ya\u011fmurdan ka\u00e7arken doluya tutulan adam misali durumumuzda olumlu y\u00f6nde de\u011fi\u015fiklik olmayacakt\u0131r.<\/p>\n<p>\u201cGelen gideni arat\u0131r\u201d s\u00f6z\u00fcn\u00fc do\u011frulamak, siyasi bir faaliyet say\u0131lmaz&#8230;<\/p>\n<p>AKP&#8217;yi iktidardan d\u00fc\u015f\u00fcrd\u00fckten sonra, daha k\u00f6t\u00fcs\u00fcne i\u015fba\u015f\u0131 yapt\u0131rmak akl\u0131n i\u015fi olamaz!<\/p>\n<p>O bak\u0131mdan \u00f6ncelikli i\u015f, iktidar olmay\u0131 hak eden, halktan yana bir muhalefet partisi yaratmak olmal\u0131d\u0131r&#8230;<\/p>\n<p>\u0130ktidar ancak ondan sonra d\u00fc\u015f\u00fcn\u00fclebilir.<\/p>\n<p>Kendi program\u0131na sayg\u0131s\u0131 olmayan bir ekibin, hangi evrensel de\u011ferlere uymas\u0131 beklenebilir ki?<\/p>\n<p>\u201cKazan\u0131lm\u0131\u015f hak\u201d ve \u201chukuk\u201d tan\u0131maz bir anlay\u0131\u015ftan bu \u00fclkeye sadece zarar gelir!..<\/p>\n<p>Nas\u0131l ki, bir siyasi partiye \u00fcye olmak i\u00e7in o partinin \u00f6nceden belirlenmi\u015f Program ve T\u00fcz\u00fc\u011f\u00fcn\u00fc benimsemek gerekiyorsa, ayn\u0131 \u015fekilde parti \u00fcyesi oldu\u011fu halde, Program ve T\u00fcz\u00fc\u011fe ayk\u0131r\u0131 davrananlar\u0131 da partiden ihra\u00e7 etmek gerekir.<\/p>\n<p>Aksi halde, ortada fikir diye bir \u015fey kalmaz, \u201cBremen M\u0131z\u0131kac\u0131lar\u0131\u201d gibi her kafadan bir ses \u00e7\u0131kar&#8230;<\/p>\n<p>CHP&#8217;nin en temel sorunu bu noktadad\u0131r.<\/p>\n<p>Y\u00f6netiminde, Program ve T\u00fcz\u00fc\u011f\u00fcn\u00fc i\u00e7ine sindirememi\u015f, fakat partili gibi g\u00f6z\u00fcken pek \u00e7ok hain var&#8230;<\/p>\n<p>B\u00fcy\u00fck Kurultay&#8217;da en y\u00fcksek oyu alarak Parti Meclisi&#8217;ne se\u00e7ilen \u0130stanbul Milletvekili ve son yerel se\u00e7imlerde \u00dcsk\u00fcdar&#8217;dan Belediye Ba\u015fkan aday\u0131 olan emekli M\u00fcft\u00fc \u0130hsan \u00d6zkes, Y-CHP&#8217;nin ne oldu\u011funu anlatan en \u00e7arp\u0131c\u0131 \u00f6rne\u011fidir!..<\/p>\n<p>\u0130stifa ettikten sonra, CHP&#8217;lilerden ayr\u0131 s\u0131ralarda oturmas\u0131, \u00e7ocukca bir davran\u0131\u015ft\u0131r ama anla\u015f\u0131labilir.<\/p>\n<p>Lakin AKP ile ayn\u0131 y\u00f6nde oy kullanmas\u0131n\u0131 ifade edecek s\u00f6zc\u00fck bulam\u0131yorum.<\/p>\n<p>Tek kelime ile i\u011fren\u00e7tir&#8230;<\/p>\n<p>Ak Saray&#8217;\u0131 ziyaret ettikten sonra, s\u00f6yledi\u011fi s\u00f6zlerin hesab\u0131n\u0131 Dersimli Kemal ile 1216 kurultay delegesinin vermesi gerekir&#8230;<\/p>\n<p>K\u0131l\u0131\u00e7daro\u011flu arkas\u0131nda durmasayd\u0131, CHP taban\u0131 \u0130mam \u0130hsan \u00d6zkes&#8217;e de\u011fil oy, t\u00fckr\u00fc\u011f\u00fcn\u00fc bile atmazd\u0131&#8230;<\/p>\n<p>\u0130ki y\u00fczl\u00fc davranmay\u0131 y\u00fcz\u00fc k\u0131zarmadan ba\u015farabilmekten ba\u015fka, y\u00fcze \u00e7\u0131kacak hi\u00e7bir \u00f6zelli\u011fi olmayan \u0130mam\u0131, en y\u00fcksek oyla getirip, Parti Meclisi&#8217;nin ba\u015f\u0131na oturtanlar, bu davran\u0131\u015f\u0131yla kendi karakter haritalar\u0131n\u0131 da \u00e7izdiler&#8230;<\/p>\n<p>CHP&#8217;nin kurultay delegeleri, Atat\u00fcrk\u00e7\u00fc d\u00fc\u015f\u00fcnceyi \u00f6z\u00fcmsememi\u015f niteliksiz bir y\u0131\u011f\u0131n, biraz da kur\u015fun asker olduklar\u0131n\u0131 bu se\u00e7imleriyle kan\u0131tlad\u0131lar&#8230;<\/p>\n<p>\u00dclkeyi d\u00fc\u015fman i\u015fgalinden kurtarmay\u0131 ve Cumhuriyeti kurmay\u0131 bir tarafa b\u0131rak\u0131p, \u0130mam Hatipleri a\u00e7m\u0131\u015f olmakla \u00f6v\u00fcnen bu zihniyetin, \u0130hsan gibileri \u00f6ne \u00e7\u0131kartmas\u0131 ka\u00e7\u0131n\u0131lmazd\u0131r&#8230;<\/p>\n<p>Genel Ba\u015fkan\u0131n\u0131n \u201cseyyit soyu\u201dndan gelmesini \u201csiyasi sermaye\u201d sanan bu defolu siyaset adamlar\u0131, CHP ad\u0131na s\u00f6z s\u00f6ylemeye devam ettik\u00e7e, AKP&#8217;ye kar\u015f\u0131 etkili muhalefet yap\u0131lamayaca\u011f\u0131 son derece a\u00e7\u0131kt\u0131r&#8230;<\/p>\n<p>Din ve dince kutsal say\u0131lan de\u011ferleri istismar ederek iktidara gelen AKP ile ayn\u0131 konuda yar\u0131\u015fa girip, galip gelinece\u011fine inanmak ise en ahmak\u00e7a d\u00fc\u015f\u00fcncedir!<\/p>\n<p>T\u00fcrk se\u00e7menini, asl\u0131 var iken taklidine de\u011fer veren bir kitle gibi g\u00f6rmek, olduk\u00e7a iddial\u0131 ve bir o kadar da tehlikeli stratejidir&#8230;<\/p>\n<p>CHP delegesi kendine g\u00fcvenmedi\u011fi i\u00e7in, lider olarak i\u00e7erisinden birini ileri s\u00fcrememi\u015ftir&#8230;<\/p>\n<p>Baykal&#8217;a yap\u0131lan kaset operasyonundan sonra, kurtar\u0131c\u0131 aray\u0131\u015f\u0131 i\u00e7erisine girmi\u015f ve d\u0131\u015f g\u00fc\u00e7lerin \u00f6nerdi\u011fi Kemal K\u0131l\u0131\u00e7daro\u011flu&#8217;nu oybirli\u011fi ile partinin ba\u015f\u0131na getirmi\u015ftir.<\/p>\n<p>Atat\u00fcrk\u00e7\u00fc d\u00fc\u015f\u00fcnceyi reddeden ve CHP Program\u0131n\u0131 benimsememi\u015f Kemal K\u0131l\u0131\u00e7daro\u011flu&#8217;nu Atat\u00fcrk&#8217;\u00fcn partisinin ba\u015f\u0131na getirmeyi kabullenmek, CHP delegesinin bu g\u00fcven zaafiyeti y\u00fcz\u00fcndendir&#8230;<\/p>\n<p>Son 5 se\u00e7imi kaybetmi\u015f olmas\u0131 bir yana, muhalefette bile mevcut g\u00fcc\u00fcn\u00fc koruyamad\u0131\u011f\u0131 halde, hala Dersimli Kemal&#8217;den lider yarat\u0131labilece\u011finin umulmas\u0131n\u0131n ba\u015fka nedeni olabilir mi?<\/p>\n<p>CHP&#8217;nin bug\u00fcnk\u00fc durumu, topra\u011fa \u015feker kat\u0131p helva yapmaya \u00e7al\u0131\u015fan deli kad\u0131n\u0131n durumundan farks\u0131zd\u0131r&#8230;<\/p>\n<p>Bu malzeme ile helva yap\u0131lamayaca\u011f\u0131n\u0131 \u00f6\u011frenmek i\u00e7in bir genel se\u00e7im daha kaybetmek, T\u00fcrkiye&#8217;ye olduk\u00e7a pahal\u0131ya mal olacakt\u0131r!..<\/p>\n<p>CHP taban\u0131n\u0131 yan\u0131ltan CHP&#8217;nin kurultay delegeleri, bu y\u00fczden a\u011f\u0131r sorumluluk alt\u0131ndad\u0131r!..<\/p>\n<p>Dersimlinin, ABD B\u00fcy\u00fckel\u00e7isi ile bir otel odas\u0131nda 2,5 saat ba\u015fba\u015fa g\u00f6r\u00fc\u015fmesi ve ne g\u00f6r\u00fc\u015ft\u00fcklerini kimseye a\u00e7\u0131klamamas\u0131 hala sorgulanmam\u0131\u015ft\u0131r!..<\/p>\n<p>Yetkili organlar\u0131n\u0131n g\u00f6r\u00fc\u015f\u00fcn\u00fc almadan K\u0131l\u0131\u00e7daro\u011flu&#8217;nun tek ba\u015f\u0131na Cumhurba\u015fkan\u0131 aday\u0131n\u0131 ilan etmesi, kolundan tutup partiden at\u0131lmas\u0131 i\u00e7in yeterli neden iken, ne yaz\u0131k ki, bu durum onu delege g\u00f6z\u00fcnde daha da b\u00fcy\u00fctm\u00fc\u015ft\u00fcr!..<\/p>\n<p>Bu noktada sorun salt \u201cSeyyid Kemal\u201dde de\u011fildir!<\/p>\n<p>\u00c7\u00fcnk\u00fc o hi\u00e7 de\u011fi\u015fmemi\u015ftir. Hem\u015ferilerinin tabiri ile \u201cKundi Kemal\u201d olarak kalm\u0131\u015ft\u0131r&#8230;<\/p>\n<p>As\u0131l sorunlu olan; Seyyit R\u0131za&#8217;y\u0131 kahraman gibi g\u00f6ren, \u015eeyh Said&#8217;i \u00f6nder kabul eden bu zavall\u0131 adam\u0131, kurtar\u0131c\u0131 gibi g\u00f6steren kurultay delegesidir&#8230;<\/p>\n<p>CHP&#8217;nin halen g\u00f6revde olan kurultay delegeleri, tercihlerinin y\u00fczde y\u00fcz hatal\u0131 oldu\u011funu g\u00f6rd\u00fckleri halde; ayn\u0131 hatay\u0131 neden tekrar ederler, anlamak m\u00fcmk\u00fcn de\u011fildir!<\/p>\n<p>Sanki CHP&#8217;de \u201cdelege\u201d olarak kalmaya bir mecburiyetleri vard\u0131r!?<\/p>\n<p>Ne yaz\u0131k ki, bu gafiller, bu sorulara da hi\u00e7bir zaman yan\u0131t arama ihtiyac\u0131 i\u00e7erisine girmi\u015f de\u011fillerdir&#8230;<\/p>\n<p>Tencere-kapak misali, kendileri delege olarak kalabilsin diye, her seferinde Dersimli Kemal&#8217;i ve CHP ile hi\u00e7bir ili\u015fkisi olmayan \u201csiyaset\u00e7i\u201dleri yetkilendirme konusunda inatlar\u0131n\u0131 s\u00fcrd\u00fcrmektedirler&#8230;<\/p>\n<p>Bu \u015fekilde \u00fclkeye verdikleri zarar; AKP, PKK ve Cemaat&#8217;in verdi\u011finden daha az de\u011fildir&#8230;<\/p>\n<p>\u00dclke batarken bile, kendilerini tatmin i\u00e7in hatal\u0131 d\u00fc\u015f\u00fcncelerinde \u0131srar edenler, hi\u00e7bir \u015fekilde \u00fclkeye fayda getiremezler&#8230;<\/p>\n<p>B\u00f6ylelerinin t\u00fcm\u00fc biraz Tu\u011frul T\u00fcrke\u015f, biraz da \u0130hsan \u00d6zkes&#8217;tir&#8230;<\/p>\n<p>\u0130hsan, ger\u00e7ek y\u00fcz\u00fcn\u00fc \u201cba\u011f\u0131ms\u0131z\u201d bakanlar\u0131n yemin t\u00f6reninde, AKP ile ayn\u0131 y\u00f6nde oy kullanarak g\u00f6stermi\u015ftir&#8230;<\/p>\n<p>Y-CHP Milletvekili iken Aksaray i\u00e7in:\u201d\u0130sraf\u0131 itibar yapt\u0131n\u0131z. Hz. Muhammet o saraya kesinlikle gitmezdi\u201d dedi.(1) \u0130stifa edip \u201cba\u011f\u0131ms\u0131z\u201d kald\u0131ktan sonra:\u201dHz. Muhammet de Atat\u00fcrk de ya\u015fasayd\u0131 bug\u00fcn saraya gelirdi\u201d(2) demi\u015ftir&#8230;<\/p>\n<p>Benzetme son derece k\u00f6t\u00fcd\u00fcr.<\/p>\n<p>Bu ifade; ayn\u0131 d\u00f6nemde ya\u015fasalard\u0131, Hz. Muhammet&#8217;in Devlet ba\u015fkanl\u0131\u011f\u0131 makam\u0131n\u0131 \u201cAllah\u0131n b\u00fct\u00fcn vas\u0131flar\u0131n\u0131 ta\u015f\u0131yan\u201d(3) Erdo\u011fan&#8217;a kapt\u0131raca\u011f\u0131 anlam\u0131n\u0131 da veriyor!..<\/p>\n<p>M\u00fcft\u00fc Efendi, bu izahat\u0131 ile D\u00fczce Milletvekili Fevai Aslan&#8217;dan \u00e7ok da geride kalmad\u0131!..<\/p>\n<p>Bilin\u00e7 alt\u0131, bu iki konu\u015fmas\u0131 ile y\u00fczeye vurmu\u015ftur&#8230;<\/p>\n<p>Ger\u00e7ekte ortaya \u00e7\u0131kan, CHP delegesinin ve Genel Ba\u015fkan Kemal K\u0131l\u0131\u00e7daro\u011flu&#8217;nun makyajl\u0131 y\u00fcz\u00fcd\u00fcr&#8230;<\/p>\n<p>Kabul etmek gerekir ki, kaset operasyonu ile CHP&#8217;nin delege yap\u0131s\u0131 da de\u011fi\u015ftirilmi\u015ftir.<\/p>\n<p>Y-CHP bu de\u011fi\u015fikli\u011fin bir \u00fcr\u00fcn\u00fcd\u00fcr&#8230;<\/p>\n<p>Kurultay delegeleri art\u0131k, kuyruk sallama yetenekleri geli\u015fmi\u015f \u201cci\u011ferci kedileri\u201d aras\u0131nda se\u00e7ilmektedir&#8230;<\/p>\n<p>Dolay\u0131s\u0131yla sonu\u00e7lar da \u201c\u00f6yle kazana b\u00f6yle lahana\u201d ve tencere-kapak misali olarak kay\u0131tlara ge\u00e7mektedir!..<\/p>\n<p>Bu durumu \u00e7ok iyi de\u011ferlendiren RTE, CHP&#8217;ye toparlanma f\u0131rsat\u0131 tan\u0131madan, erken se\u00e7im karar\u0131n\u0131 ilan etmi\u015ftir.<\/p>\n<p>Erdo\u011fan, Y-CHP&#8217;nin bu ko\u015fullarda erken se\u00e7ime itiraz edemeyece\u011fini \u00e7ok iyi tahmin ediyordu.<\/p>\n<p>Nitekim 45 g\u00fcnl\u00fck h\u00fck\u00fcmet kurma s\u00fcresini bo\u015f yere ge\u00e7irmek i\u00e7in Y-CHP se\u00e7ilmi\u015ftir.<\/p>\n<p>Dersimli, CHP&#8217;ye koalisyon kurma teklifi yap\u0131lmad\u0131\u011f\u0131 halde, o masada oturmaya devam etmi\u015ftir.<\/p>\n<p>\u00c7\u00fcnk\u00fc \u00fcst \u00fcste 5 se\u00e7im yenilgisi alan Dersimli Kemal, bu defa b\u00fcy\u00fck kurultaydan ka\u00e7amayaca\u011f\u0131n\u0131 anlam\u0131\u015ft\u0131&#8230;<\/p>\n<p>Erken se\u00e7im ile hem koltu\u011funu kurtard\u0131 hem de adamlar\u0131n\u0131n yeniden se\u00e7ilmesini garanti alt\u0131na ald\u0131&#8230;<\/p>\n<p>Durumunu Y\u00fcksek Se\u00e7im Kurulu&#8217;nun hukuk d\u0131\u015f\u0131 \u201cfetvas\u0131\u201d ile \u015fimdilik kurtard\u0131&#8230;<\/p>\n<p>Parti Program\u0131n\u0131 ayaklar alt\u0131na al\u0131p \u00e7i\u011fneyen K\u0131l\u0131\u00e7daro\u011flu, CHP&#8217;nin en yetkili organ\u0131 olan Parti Meclisi&#8217;nin ald\u0131\u011f\u0131 karar\u0131, y\u00f6netmelik de\u011fi\u015fikli\u011fi ile bertaraf etmi\u015ftir!..<\/p>\n<p>Bu hamle, biraz da y\u00f6netmelik de\u011fi\u015fikli\u011fi ile Anayasa h\u00fck\u00fcmlerini kald\u0131rmaya benzedi!..<\/p>\n<p>Hukuk anlay\u0131\u015f\u0131 bu kadar ilkel olan, i\u015fbirlik\u00e7i ve f\u0131rsat\u00e7\u0131 biri, AKP iktidar\u0131n hukuksuzluklar\u0131n\u0131n \u00f6n\u00fcne dikilebilir mi?<\/p>\n<p>Kemal K\u0131l\u0131\u00e7daro\u011flu CHP&#8217;nin, Devlet Bah\u00e7eli de MHP&#8217;nin ba\u015f\u0131nda bulundu\u011fu s\u00fcrece, AKP iktidardad\u0131r.<\/p>\n<p>Ona g\u00f6re&#8230;<\/p>\n<p>Se\u00e7imler dostlar al\u0131\u015fveri\u015fte g\u00f6rs\u00fcn diyedir!..<\/p>\n<p>D\u0130PNOTLAR: (1) https:\/\/www.youtube.com\/watch?v=OaCYcj21e-A<\/p>\n<p>(2) http:\/\/www.milliyet.com.tr\/ozkes-hz-muhammed-de-ataturk-de-gundem-2110247\/<\/p>\n<p>(3) https:\/\/www.youtube.com\/watch?v=L1yIMK7mfdE<\/p>\n<p><strong>SAHTE SOLCULARDAN KURTARMADIK\u00c7A\u200f \u00a0 Cemil Can<\/strong><br \/>\nForeign Affairs<a href=\"https:\/\/www.google.com\/url?q=https:\/\/www.foreignaffairs.com\/articles\/turkey\/2015-06-29\/kurdish-consolidation&amp;sa=D&amp;sntz=1&amp;usg=AFQjCNFFoOYU6DSkEHeoTYdvV-eolJSs5g\" target=\"_blank\" rel=\"noopener noreferrer\">\u00a0<\/a><a href=\"https:\/\/www.google.com\/url?q=https:\/\/www.foreignaffairs.com\/articles\/turkey\/2015-06-29\/kurdish-consolidation&amp;sa=D&amp;sntz=1&amp;usg=AFQjCNFFoOYU6DSkEHeoTYdvV-eolJSs5g\" target=\"_blank\" rel=\"noopener noreferrer\">(1)<\/a>\u00a0dergisini ABD D\u0131\u015f i\u015fleri Bakanl\u0131\u011f\u0131 \u00e7\u0131kart\u0131yor\u2026<\/p>\n<p>A\u015fa\u011f\u0131daki c\u00fcmleleri bu dergide yay\u0131nlanan \u201cK\u00dcRT B\u0130RLE\u015eMES\u0130\u201d ba\u015fl\u0131kl\u0131 makaleden \u00f6zetleyerek yazd\u0131m\u2026<\/p>\n<p>Makalede her\u015fey o kadar a\u00e7\u0131k ifade edilmi\u015f ki, hi\u00e7bir yoruma ihtiya\u00e7 duyulmadan \u201cm\u00fcttefikimiz\u201d ABD&#8217;nindostlu\u011funun\u00a0derecesini en yetkili kurumlar\u0131n\u0131n a\u011fz\u0131ndan \u00f6\u011frenme olana\u011f\u0131n\u0131 bulabiliyoruz\u2026<\/p>\n<p>Daha da \u00f6nemlisi; kendilerini \u201csolcu\u201d olarak tan\u0131mlayan pek \u00e7ok ki\u015finin; emperyalist propagandalar\u0131n\u0131n etkisi alt\u0131nda, genellikle fark\u0131nda olmadan \u201cHDP&#8217;ye baraj\u0131 atlatma\u201d yalan\u0131na inand\u0131r\u0131l\u0131p kullan\u0131ld\u0131klar\u0131n\u0131n kan\u0131tlar\u0131na rastlamaktay\u0131z\u2026<\/p>\n<p>Bug\u00fcn \u00fclkemizin kaosa s\u00fcr\u00fcklenmesinin ba\u015fl\u0131ca akt\u00f6r\u00fc olan bu insanlar, PKK&#8217;y\u0131 Meclis&#8217;e sokmakla \u00fclkemizin ba\u015f\u0131n\u0131 derde soktular.<\/p>\n<p>Halk AKP&#8217;yi iktidardan d\u00fc\u015f\u00fcrm\u00fc\u015f\u00a0olmas\u0131na ra\u011fmen, \u201csahte solcular\u201d\u0131n (2) ilkesizli\u011fi y\u00fcz\u00fcnden; \u00e7o\u011funlu\u011fu te\u015fkil eden muhalefet partileri h\u00fck\u00fcmeti kuramamaktad\u0131rlar\u2026<\/p>\n<p>Siyasi zemin, adeta AKP&#8217;nin iktidar\u0131n\u0131 s\u00fcrd\u00fcr\u00fclmesi\u00a0i\u00e7in haz\u0131rlanm\u0131\u015f gibidir\u2026<\/p>\n<p>Okuyal\u0131m:<\/p>\n<p>\u201cOY DESTE\u011e\u0130 VE G\u00dc\u00c7 YI\u011eILMASI<\/p>\n<p>K\u00fcrtler son zamanlarda T\u00fcrkiye-Suriye s\u0131n\u0131r\u0131nda\u00a0\u00f6zerklik\u00a0i\u00e7in \u00f6nemli ilerlemeler kat etti.<\/p>\n<p>Suriye\u2019de sava\u015f alan\u0131nda kazand\u0131lar, T\u00fcrkiye\u2019de se\u00e7im sand\u0131\u011f\u0131nda\u2026<\/p>\n<p>K\u00fcrt odakl\u0131 bir parti, ilk defa\u00a0parlamentoda yer al\u0131yor ve bu bird\u00f6n\u00fcm\u00a0noktas\u0131d\u0131r\u2026<\/p>\n<p>S\u0131n\u0131r\u0131n iki taraf\u0131nda da galip\u00a0olan PKK&#8217;d\u0131r\u2026<\/p>\n<p>PKK\u2019n\u0131n Suriye\u2019de yaratt\u0131\u011f\u0131\u00a0ortak parti (PYD), ISIS\u2019e (I\u015e\u0130D) kar\u015f\u0131 zafer\u00a0kazand\u0131\u2026<\/p>\n<p>PYD, stratejik kasaba Tel Abyad\u2019daki I\u015e\u0130D ku\u015fatmas\u0131n\u0131 ABD hava kuvvetlerinin deste\u011fi\u00a0ile k\u0131rarak k\u00fcresel sempati\u00a0kazand\u0131\u2026<\/p>\n<p>HDP\u2019nin parlamentoya girmesi\u00a0ve PYD\u2019nin Suriye topraklar\u0131nda kontrol\u00fc; \u00f6n\u00fcm\u00fczdeki 10\u00a0y\u0131l i\u00e7erisinde; Ortado\u011fu\u2019daki 30\u00a0milyon K\u00fcrt\u2019\u00fc bir araya getirecek olan K\u00fcrt konfederasyonu\u00a0i\u00e7in yeni bir sayfa a\u00e7m\u0131\u015ft\u0131r\u2026<\/p>\n<p>\u00d6zerklik\u00a0i\u00e7in bir yol haritas\u0131 sunan \u00d6calan\u2019\u0131n, bu plan\u0131n\u0131n ger\u00e7ekle\u015febilece\u011fini, HDP\u2019nin siyasi\u00a0PYD\u2019nin askerizaferi\u00a0g\u00f6steriyor\u2026<\/p>\n<p>PKK\u2019n\u0131n gelece\u011fi hi\u00e7 bu kadar parlak\u00a0g\u00f6r\u00fcnmemi\u015fti\u2026<\/p>\n<p>YEN\u0130 ORTAKLIKLAR<\/p>\n<p>K\u00fcrtlerin ya\u015fad\u0131\u011f\u0131; Suriye, \u0130ran ve Irak\u2019ta PKK-PYD\u2019ye ba\u011fl\u0131siyasi partilerin kurulmas\u0131 ile olu\u015fmaya ba\u015flayanK\u00fcrdistan,\u00a0\u00d6calan i\u00e7in bir at\u0131l\u0131md\u0131r\u2026<\/p>\n<p>Suriye\u2019de 3 kantonun\u00a0kurulmas\u0131, T\u00fcrkiye K\u00fcrdistan\u0131 ve s\u0131n\u0131r \u00f6tesi konfederasyon\u00a0i\u00e7in temel bir yoldur\u2026<\/p>\n<p>Irak K\u00fcrdistan\u0131\u2019n\u0131n Rojava\u2019y\u0131 (Bat\u0131 K\u00fcrdistan) tan\u0131mas\u0131\u00e7ok\u00a0\u00f6nemlidir\u2026<\/p>\n<p>Kuzey Irak B\u00f6lgesel Y\u00f6netimi&#8217;nin, I\u015e\u0130D sava\u015f\u00e7\u0131lar\u0131ndan korunmak amac\u0131yla, Nisan 2014\u2019te Rojava ile aras\u0131na kazd\u0131\u011f\u0131 10,5 km lik\u00a0s\u0131n\u0131r\u00a0bir i\u015fe yaramad\u0131\u2026<\/p>\n<p>Pe\u015fmergeler\u00a0aylar sonra \u00e7ekildiler\u2026<\/p>\n<p>I\u015e\u0130D Sincar Da\u011f\u0131\u2019n\u0131 ku\u015fatt\u0131\u011f\u0131 zaman, PYD\u2019ye ba\u011fl\u0131 YPG\u2019den 10 bin sava\u015f\u00e7\u0131,\u00a0K\u00fcrt Yezidilerini kurtarmak\u00a0i\u00e7in Rojava\u2019da bir koridor olu\u015fturdu.Yezidilerin tahliyesi s\u0131ras\u0131nda PYD ve YPG\u2019nin medya g\u00f6r\u00fcnt\u00fcleri, PKK\u2019ya yayg\u0131nbe\u011feni\u00a0kazand\u0131rd\u0131\u2026<\/p>\n<p>Pan-K\u00fcrt\u00a0misyonunun geli\u015fmesine katk\u0131 sa\u011flad\u0131\u2026<\/p>\n<p>Benzer \u015fekilde, Bat\u0131 \u00f6nc\u00fcl\u00fc\u011f\u00fcndeki\u00a0hava sald\u0131r\u0131lar\u0131 yoluyla,Rojava\u2019y\u0131 destekleyen\u00a0bir politika benimsendi\u2026<\/p>\n<p>Sincar sald\u0131r\u0131s\u0131 s\u0131ras\u0131nda, ABD\u2019nin hava sald\u0131r\u0131lar\u0131\u00a0ve Kobani ku\u015fatmas\u0131 s\u0131ras\u0131nda PYD\u2019ye silah\u00a0ve cephane\u00a0vermesi ile ancak K\u00fcrt askeri dayanabildi\u2026<\/p>\n<p>Bat\u0131 PYD\u2019nin m\u00fccadele gruplar\u0131na s\u0131cak, RTE ise serin\u00a0ve mesafeli durmaktad\u0131r\u2026<\/p>\n<p>K\u00fcrt kantonlar\u0131n\u0131n kurulmas\u0131ndan sonra, 30\u00a0y\u0131l s\u00fcren ve 40\u00a0bin ki\u015finin hayat\u0131na mal olan isyan\u0131 durdurmak, \u00d6calan\u2019\u0131n tek yanl\u0131 ate\u015fkes ilan\u0131\u00a0ile m\u00fcmk\u00fcn olabildi\u2026<\/p>\n<p>Ankara\u2019n\u0131n deste\u011fi ile K\u00fcrt konfederasyonu kurulmas\u0131na \u015fimdi Erdo\u011fan itiraz\u00a0ediyor\u2026<\/p>\n<p>18 Ekim 2014\u2019te Erdo\u011fan I\u015e\u0130D gibi PKK\u2019n\u0131n da ter\u00f6r \u00f6rg\u00fct\u00fc oldu\u011fu\u00a0fikrini ileri s\u00fcrd\u00fc\u2026<\/p>\n<p>Kobani d\u00fc\u015fmek \u00fczereyken, ABD yard\u0131ma geldi ve bunun \u00fczerine, Ankara 200\u00a0pe\u015fmergenin ge\u00e7i\u015fine izin\u00a0verdi, fakat PYD\u2019nin ikmal i\u00e7in kara koridoru\u00a0a\u00e7\u0131lmas\u0131 talebinireddetti\u2026<\/p>\n<p>K\u00fcrtlerin art\u0131k bir ivme, me\u015fruiyet\u00a0ve uluslararas\u0131 deste\u011fe\u00a0ihtiyac\u0131 var\u2026<\/p>\n<p>Adeta bir \u00f6n sava\u015f\u00a0gibi olan se\u00e7imler (sand\u0131k) bu deste\u011fi sa\u011flam\u0131\u015ft\u0131r\u2026<\/p>\n<p>OYLAR!<\/p>\n<p>K\u00fcrtlerin ve K\u00fcrt olmayan solcular\u0131n deste\u011fi\u00a0ile y\u00fczde 10 baraj\u0131n\u0131 a\u015fan HDP, mecliste 80 sandalye kazanm\u0131\u015ft\u0131r\u2026<\/p>\n<p>AKP\u2019nin Meclis&#8217;teki \u00e7o\u011funlu\u011fu sona\u00a0erdi, ba\u015fkanl\u0131k sistemine ge\u00e7mek i\u00e7in yapaca\u011f\u0131\u00a0anayasa de\u011fi\u015fikli\u011fi de engellendi\u2026<\/p>\n<p>HDP\u2019nin ba\u015far\u0131s\u0131 yeni bir d\u00f6nemi\u00a0ba\u015flat\u0131yor\u2026<\/p>\n<p>HDP\u2019nin selefi BDP, 2013 y\u0131l\u0131ndaki Gezi\u00a0protestolar\u0131nda kenarda oturmu\u015ftu.<\/p>\n<p>T\u00fcrkiye solu, bu durumu \u00d6calan taraf\u0131ndan Erdo\u011fan\u2019a verilmi\u015f siyasi kredi\u00a0olarak de\u011ferlendirdi\u2026<\/p>\n<p>Daha sonra T\u00fcrk solu da K\u00fcrt hareketi ile birlikte hareket etti\u2026<\/p>\n<p>Yakla\u015f\u0131k 1,5 milyon\u00a0muhafazakar K\u00fcrt de AKP\u2019den kopup BDP\u2019yi destekledi\u2026<\/p>\n<p>SONRA NE OLUR?<\/p>\n<p>Do\u011fum oranlar\u0131 da g\u00f6z \u00f6n\u00fcnde tutulursa; K\u00fcrtler, parlamentodasiyasi bir g\u00fc\u00e7\u00a0olarak bulunmaya devam edeceklerdir\u2026<\/p>\n<p>PKK, Ankara aras\u0131ndaki ate\u015fkes ile K\u00fcrtler demokratik yollarla \u00f6zerklik hayallerini elde edebilirler\u2026\u201d<\/p>\n<p>Alt\u0131n de\u011ferinde derslerle dolu bu makaleden; k\u00fcresel g\u00fc\u00e7lerin Ortado\u011fu&#8217;ya ili\u015fkin planlar\u0131n\u0131 ve ihanetin hayata ge\u00e7irilmesinde, genellikle hangi tip insanlar\u0131 kulland\u0131\u011f\u0131n\u0131 \u00f6\u011frenmi\u015f bulunuyoruz.<\/p>\n<p>Emperyalist projelerde bilerek yer alanlar\u0131n vatan haini, bilmeden destek olanlar\u0131n ise aymaz\u00a0olduklar\u0131nda en ufak bir ku\u015fkumuz kalmad\u0131\u2026<\/p>\n<p>En ac\u0131s\u0131 ise, ger\u00e7ek sol ile en ufak bir ba\u011f\u0131 olmayanlar\u0131n, solcu kisvesi alt\u0131nda geni\u015f y\u0131\u011f\u0131nlara sunulmu\u015f olmalar\u0131. Her seferinde halk\u0131 aldatman\u0131n bir yolunu bulabiliyorlar.<\/p>\n<p>Emek\u00e7i kesimi temsil etsin diye se\u00e7ilenler, rantiyeci ve d\u00fczenin adamlar\u0131 \u00e7\u0131k\u0131nca, Y-CHP&#8217;nin AKP ile ortakl\u0131k kurmak i\u00e7in can atmas\u0131na \u015fa\u015f\u0131rmamak gerekir\u2026<\/p>\n<p>Kaz\u0131k yiyerek \u00f6\u011frenmek kaderimiz olmu\u015f!..<\/p>\n<p>Cemil Can<\/p>\n<p>D\u0130P NOTLAR:<\/p>\n<p>(1)<a href=\"https:\/\/www.google.com\/url?q=https:\/\/www.foreignaffairs.com\/articles\/turkey\/2015-06-29\/kurdish-consolidation&amp;sa=D&amp;sntz=1&amp;usg=AFQjCNFFoOYU6DSkEHeoTYdvV-eolJSs5g\" target=\"_blank\" rel=\"noopener noreferrer\">\u00a0<\/a><a href=\"https:\/\/www.google.com\/url?q=https:\/\/www.foreignaffairs.com\/articles\/turkey\/2015-06-29\/kurdish-consolidation&amp;sa=D&amp;sntz=1&amp;usg=AFQjCNFFoOYU6DSkEHeoTYdvV-eolJSs5g\" target=\"_blank\" rel=\"noopener noreferrer\">https:\/\/www.foreignaffairs.com\/articles\/turkey\/2015-06-29\/kurdish-consolidation<\/a><\/p>\n<p>(2) T\u00fcrkiye \u0130\u015f\u00e7i Partisi&#8217;nin lideri Mehmet Ali Aybar&#8217;\u0131n, belkemiksizler\/omurgas\u0131zlar olarak\u00a0tan\u0131mlad\u0131\u011f\u0131 sahte solcular\u0131, 1967-68 y\u0131llar\u0131 T\u0130P Onur Kurulu \u00dcyesi, N\u00fckleer T\u0131p Uzman\u0131 Dr. Ali Nadir Sava\u015fer, \u00e7ok yerinde ve hakl\u0131 olarak:\u201dTarihin ilk antiemperyalist kurtulu\u015f sava\u015f\u0131n\u0131 kazanarak kurulan T\u00fcrkiye Cumhuriyeti ile \u00e7a\u011fda\u015fl\u0131\u011fa kavu\u015fan Anadolu medeniyetleri sentezinin ulusal de\u011ferlerini, milli kimli\u011fini ve kazan\u0131mlar\u0131n\u0131\u00a0\u00f6z\u00fcmseyemeyen, tuzukur\u0131 yar\u0131-cahil g\u00fcruh grubu, hep kendilerini evrenselli\u011fe eri\u015fmi\u015f\u00a0sanarak, her\u015feyin do\u011frusunu bildiklerini d\u00fc\u015f\u00fcn\u00fcrler. Ulusal olmadan evrensel olunamayaca\u011f\u0131n\u0131\u00a0ger\u00e7e\u011fini bilmezler. Genellikle vars\u0131l s\u0131n\u0131ftan gelen bu ki\u015filer, halktan kopuk ya\u015farlar. Hayattan edindikleri tecr\u00fcbeleri kavramaktan yoksundurlar. Ki\u015fisel \u00e7\u0131karlar\u0131\u00a0ve kayg\u0131lar\u0131 her \u015feyin \u00fczerindedir. Ba\u011f\u0131ms\u0131z de\u011fil, taklit\u00e7idirler. Kendi halk\u0131n\u0131n ulusal ya\u015fam k\u00fclt\u00fcr\u00fcnden yoksun bu insanlar, sosyalist olduklar\u0131n\u0131 s\u00f6yleyerek kendi s\u0131n\u0131f\u015flar\u0131na da \u015fekilsel olarak ters d\u00fc\u015f\u00fcp ya\u015fad\u0131klar\u0131 \u00fclkeye ve topluma yabanc\u0131la\u015f\u0131rlar.\u00a0Ki\u015filiklerini bulmaya \u00e7al\u0131\u015f\u0131rlar. Dolay\u0131s\u0131yla &#8216;ulusal kimlik&#8217;. &#8216;vatan&#8217; gibi kavramlar\u0131n yabanc\u0131s\u0131d\u0131rlar. Bu sahte solcular kendilerine de\u011fil, y\u00f6netici bir g\u00fcce ba\u011fl\u0131 olduklar\u0131 i\u00e7in \u015fartlara g\u00f6re f\u0131rl f\u0131r\u0131l d\u00f6nerler. Genellikle korkakt\u0131rlar\u201d \u015feklinde tan\u0131mlamaktad\u0131r&#8230;<\/p>\n<p>&nbsp;<\/p>\n<h2>O HA\u0130N F\u0130K\u0130R!.. \u00a0Cemil Can<\/h2>\n<p><a href=\"https:\/\/www.google.com\/url?q=https:\/\/www.facebook.com\/notes\/cemil-can\/o-hain-fikir\/495439293952774&amp;sa=D&amp;sntz=1&amp;usg=AFQjCNEJNWiPKOSoJd_tkvyGFx-9OqDDhA\" target=\"_blank\" rel=\"noopener noreferrer\">19 Temmuz 2015, 16:54<\/a><\/p>\n<p>Edward Joseph Snowden,adl\u0131 delikanl\u0131 1983 do\u011fumludur\u2026<\/p>\n<p>ABD&#8217;nin Merkezi \u0130stihbarat Te\u015fkilat\u0131 (CIA) ve Ulusal G\u00fcvenlik Dairesi&#8217;nin (NSA) eski bir \u00e7al\u0131\u015fan\u0131, bilgisayar uzman\u0131d\u0131r&#8230;<\/p>\n<p>Ele ge\u00e7irdi\u011fi devletin gizli belgelerini, 5 Haziran 2013&#8217;ten bu yana yay\u0131nl\u0131yor&#8230;<\/p>\n<p>Snowden, kendisini b\u00f6yle bir i\u015f yapmaya iten nedeni: \u201dHalk\u0131,onlar ad\u0131na ne yap\u0131ld\u0131\u011f\u0131 ve\u00a0onlara kar\u015f\u0131 neler yap\u0131ld\u0131\u011f\u0131 konusunda bilgilendirmek\u201d olarak a\u00e7\u0131klam\u0131\u015ft\u0131r&#8230;<\/p>\n<p>Amerikal\u0131lar, Joseph&#8217;i, \u201ccasusluk\u201d ve \u201ch\u0131rs\u0131zl\u0131k\u201d yapmakla su\u00e7lad\u0131lar&#8230;<\/p>\n<p>Halen, ge\u00e7ici s\u0131\u011f\u0131nmac\u0131 stat\u00fcs\u00fcnde Rusya&#8217;da ya\u015famaktad\u0131r&#8230;<\/p>\n<p>Mustafa Keya, Ayd\u0131nl\u0131k\u00a0gazetesinin 18 Temmuz 2015 tarihli n\u00fcshas\u0131nda; Snowden&#8217;in s\u0131zd\u0131rd\u0131\u011f\u0131 son belgelerden birini haber konusu yapt\u0131&#8230;<a href=\"https:\/\/www.google.com\/url?q=https:\/\/www.facebook.com\/notes\/cemil-can\/o-hain-fikir\/495439293952774%23&amp;sa=D&amp;sntz=1&amp;usg=AFQjCNGe5wBRDAI64RBJZr1viCA6g2Ep_g\" target=\"_blank\" rel=\"noopener noreferrer\">(1)<\/a><\/p>\n<p>Belgeden anla\u015f\u0131ld\u0131\u011f\u0131na g\u00f6re, T\u00fcrk Silahl\u0131 Kuvvetleri&#8217;nin PKK&#8217;ya kar\u015f\u0131 yapt\u0131\u011f\u0131 t\u00fcm operasyonlar, ba\u015ftan beri ABD taraf\u0131ndan izlenip, PKK&#8217;ya haber veriliyormu\u015f!..<\/p>\n<p>S\u00f6z konusu belge, 2 May\u0131s 2008\u00a0tarihlidir. <a href=\"https:\/\/www.google.com\/url?q=https:\/\/www.facebook.com\/notes\/cemil-can\/o-hain-fikir\/495439293952774%23&amp;sa=D&amp;sntz=1&amp;usg=AFQjCNGe5wBRDAI64RBJZr1viCA6g2Ep_g\" target=\"_blank\" rel=\"noopener noreferrer\">(2)<\/a><\/p>\n<p>T\u00fcrk Silahl\u0131 Kuvvetleri, ayn\u0131 g\u00fcn yerlerini tespit etti\u011fi PKK y\u00f6neticileri; Cemil Bay\u0131k ile Murat Karay\u0131lan&#8217;\u0131 hedef alan, \u00e7ok gizli bir hava harekat\u0131\u00a0planlam\u0131\u015ft\u0131&#8230;<\/p>\n<p>Harekat planland\u0131\u011f\u0131 gibi icra edildi, lakin ABD&#8217;nin \u00f6nceden haber verdi\u011fi PKK y\u00f6neticileri de bu bask\u0131ndan ka\u00e7\u0131p kurtulmay\u0131 ba\u015fard\u0131lar!?..<\/p>\n<p>\u201cDost ve M\u00fcttefikimiz\u201d ABD&#8217;nin su\u00e7u, kendi d\u00fczenledi\u011fi bu belge ile sabittir\u00a0art\u0131k!..<\/p>\n<div>\n<div class=\"h5\">\n<p>Bilenler bilir, PKK, 2007-2008 y\u0131llar\u0131nda enyo\u011fun\u00a0sald\u0131r\u0131lar\u0131n\u0131 yapm\u0131\u015ft\u0131:<\/p>\n<p>21 Ekim 2007&#8217;de, Kuzey Irak&#8217;dan gelen 150\u00a0PKK&#8217;l\u0131, Y\u00fcksekova&#8217;n\u0131n Da\u011fl\u0131ca K\u00f6y\u00fc&#8217;nde konu\u015flu Komando Taburu&#8217;muza gece 00.20&#8217;de a\u011f\u0131r silahlarla sald\u0131rm\u0131\u015flard\u0131. Genelkurmay, bu sald\u0131r\u0131 sonunda; 12 askerimizin \u015fehit oldu\u011funu, 10&#8217;unun kay\u0131p oldu\u011funu a\u00e7\u0131klam\u0131\u015ft\u0131&#8230;<\/p>\n<p>3 Ekim 2008&#8217;de, bu defa 600\u00a0PKK&#8217;l\u0131, \u015eemdinli Akt\u00fct\u00fcn Karakolu&#8217;na a\u011f\u0131r silahlarla sald\u0131rd\u0131lar. Bu sald\u0131r\u0131 sonunda da 17 askerimiz \u015fehit olmu\u015f, 20&#8217;si yaralanm\u0131\u015ft\u0131&#8230;<\/p>\n<p>Taraf\u00a0gazetesi,olaydan sonra man\u015fetten verdi\u011fi haberde; bask\u0131n\u0131n 16 g\u00fcn \u00f6nceden ihbar edildi\u011fini ve TSK&#8217;nin gerekli \u00f6nlemleri almad\u0131\u011f\u0131n\u0131 iddia ediyordu. (3)<\/p>\n<p>Taraf, \u0130nsans\u0131z Hava Ara\u00e7lar\u0131&#8217;n\u0131n (\u0130HA) iletti\u011fi anl\u0131k istihbarata ra\u011fmen, bu bask\u0131n\u0131n ger\u00e7ekle\u015ftirildi\u011fi savunuyordu&#8230;<\/p>\n<p>Ger\u00e7ekte \u0130HA&#8217;lar T\u00fcrkiye&#8217;ye haber vermemi\u015flerdi. Amerikal\u0131lar, hi\u00e7bir zaman da i\u015fe yarayacak do\u011fru bilgileri vermiyorlard\u0131!..<\/p>\n<p>Ama\u00e7lar\u0131 belliydi:<\/p>\n<p>TSK&#8217;n\u0131n operasyonlar\u0131n\u0131 ba\u015far\u0131s\u0131z g\u00f6stermek\u00a0ve ter\u00f6r \u00f6rg\u00fct\u00fc PKK ile silahl\u0131 m\u00fccadenin ba\u015far\u0131ya ula\u015famayaca\u011f\u0131 fikrini yerle\u015ftirmek istiyorlard\u0131!..<\/p>\n<p>Bu fikir, T\u00fcrk halk\u0131 i\u00e7erisinde yeteri kadartaraftar\u00a0buldu\u011funda; ter\u00f6r \u00f6rg\u00fct\u00fc ile a\u00e7\u0131ktan m\u00fczakereleri ba\u015flatacaklard\u0131&#8230;<\/p>\n<p>\u201cS\u00fcre\u00e7\u201d dedikleri ihanet, b\u00f6yle i\u015fletiliyordu!..<\/p>\n<p>2000 y\u0131l\u0131na gelindi\u011finde; tamamen bitirilmi\u015f olan ter\u00f6r, AKP&#8217;nin iktidara gelmesiyle, yeniden canland\u0131r\u0131lm\u0131\u015f ve k\u00fcresel g\u00fc\u00e7lere boyun e\u011fen\u00a0h\u00fck\u00fcmetimiz sayesinde; koskoca T\u00fcrkiye Cumhuriyeti,PKK ilemasaya\u00a0oturtulmu\u015ftu&#8230;<\/p>\n<p>ABD&#8217;nin \u201c\u0130kinci \u0130srail\u201di (K\u00fcrdistan) kurma projesi, ad\u0131m ad\u0131m hayata ge\u00e7iriliyordu!..<\/p>\n<p>Nitekim, Oslo&#8217;da M\u0130T&#8217;in, PKK liderleri ile gizli\u00a0olarak ba\u015flatt\u0131\u011f\u0131 g\u00f6r\u00fc\u015fmeler, daha sonraki g\u00fcnlerde; \u0130mral\u0131&#8217;da s\u00fcrd\u00fcr\u00fcld\u00fc ve h\u00fck\u00fcmetin temel politikas\u0131 haline geldi&#8230;<\/p>\n<p>Oslo g\u00f6r\u00fc\u015fmelerinin, o hain fikre kamuoyunual\u0131\u015ft\u0131rmak\u00a0i\u00e7in s\u0131zd\u0131r\u0131ld\u0131\u011f\u0131na ku\u015fku yok!..<\/p>\n<p>S\u00fcre\u00e7 kesintisiz devam ediyor&#8230;<\/p>\n<p>K\u00fcresel g\u00fc\u00e7lerin deste\u011fi ile PKK&#8217;n\u0131n siyasi uzant\u0131s\u0131\u00a0olan HDP, \u015fimdi de 80 miletvekili ile Meclis&#8217;e sokulmu\u015f!..<\/p>\n<p>Demek ki, bundan b\u00f6yle, ter\u00f6r \u00f6rg\u00fct\u00fc ile m\u00fczakerelerGazi Meclis&#8217;te s\u00fcrd\u00fcr\u00fclecek&#8230;<\/p>\n<p>AKP,\u00a02015 se\u00e7imlerinden \u00f6nce, bir daha iktidara geldi\u011finde; \u201cA\u00e7\u0131l\u0131m\u201d ad\u0131n\u0131 verdi\u011fi ihanet s\u00fcrecini devam ettirece\u011fini zaten a\u00e7\u0131klam\u0131\u015ft\u0131&#8230;<\/p>\n<p>Y-CHP\u00a0ise, AKP&#8217;den bir ad\u0131m daha \u00f6nde&#8230;<\/p>\n<p>Dersimli Kemal, \u201cA\u00e7\u0131l\u0131m\u201da kar\u015f\u0131 olmad\u0131\u011f\u0131n\u0131 ilan ettikten sonra; \u201cAnalar a\u011flamas\u0131n\u201d, \u201c\u015eehit cenazeleri gelmesin\u201d sloganlar\u0131n\u0131 en \u00e7ok kullanan olmu\u015ftu!..<\/p>\n<p>O da ayn\u0131 hain fikrin benimsenmesine hizmet ediyor!..<\/p>\n<p>Belli ki, Taraf\u00a0gazetesinin i\u015flevini, Y-CHP \u00fcstlenmi\u015ftir&#8230;<\/p>\n<p>ABD&#8217;nin yerle\u015fmesini istedi\u011fi fikrin g\u00f6n\u00fcll\u00fc militanl\u0131\u011f\u0131n\u0131, bundan b\u00f6yle, Kemal K\u0131l\u0131\u00e7daro\u011flu ile ekibi yapacak!..<\/p>\n<p>Y-CHP&#8217;nin \u00f6n\u00fcne; \u015fimdi daha zorlu bir g\u00f6rev\u00a0konulmu\u015f:<\/p>\n<p>K\u00fcresel g\u00fc\u00e7ler, bo\u015funa Y-CHP&#8217;nin AKP ile ortak h\u00fck\u00fcmet kurmas\u0131n\u0131 istemiyorlar&#8230;<\/p>\n<p>S\u0131ra, K\u0131l\u0131\u00e7daro\u011flu&#8217;nun mutlaka \u00e7\u0131kartaca\u011f\u0131z dedi\u011fi \u201cYerel Y\u00f6netimler \u00d6zerklik \u015eart\u0131\u201dn\u0131n kanunla\u015fmas\u0131na geldi&#8230;<\/p>\n<p>Geni\u015f tabanl\u0131 ve BDP\/PKK destekli g\u00fc\u00e7l\u00fc\u00a0bir h\u00fck\u00fcmete,i\u015f mi dayan\u0131r!..<\/p>\n<p>AKP-BDP\u00a0h\u00fck\u00fcmeti zaten \u00e7antada keklik!<\/p>\n<p>\u00d6yle bir h\u00fck\u00fcmetin yapamayaca\u011f\u0131 i\u015fler de var; o kirli i\u015fleri\u00a0AKP\/Y-CHP h\u00fck\u00fcmetine yapt\u0131racaklar\u0131 belli de\u011fil mi?..<\/p>\n<p>Cemil Can<\/p>\n<p>D\u0130PNOTLAR:<\/p>\n<p>(1)<a href=\"http:\/\/www.google.com\/url?q=http:\/\/www.aydinlikgazete.com\/politika\/abd-orduyu-dinledi-operasyonu-sizdirdi-h74011.html&amp;sa=D&amp;sntz=1&amp;usg=AFQjCNFFniH4Y6ZJRVn_zoEBBRm93CnCFA\" target=\"_blank\" rel=\"noopener noreferrer\">http:\/\/www.aydinlikgazete.com\/politika\/abd-orduyu-dinledi-operasyonu-sizdirdi-h74011.html<\/a><\/p>\n<p>(2) \u0130\u015fte o belge<\/p>\n<p><a href=\"http:\/\/www.google.com\/url?q=http:\/\/chp-muhalefethareketi.biz.tr\/wp-content\/uploads\/2015\/07\/manhunting-timeline-2008.pdf&amp;sa=D&amp;sntz=1&amp;usg=AFQjCNFJaDmvWscVX4HGYBpwKuZvMv58YA\" target=\"_blank\" rel=\"noopener noreferrer\">http:\/\/chp-muhalefethareketi.biz.tr\/wp-content\/uploads\/2015\/07\/manhunting-timeline-2008.pdf<\/a><\/p>\n<\/div>\n<\/div>\n<p>(3) 8 Ekim 2008 tarihli Taraf gazetesi<\/p>\n<p>&nbsp;<\/p>\n<h2 class=\"rmSubject\">\u201cT\u00dcRK\u0130YE&#8217;N\u0130N KOBAN\u0130S\u0130\u201d\u200f<\/h2>\n<div>\n<div dir=\"ltr\">\n<p>13 Eyl\u00fcl 2015, 16:49<\/p>\n<p>Obama, \u201cI\u015e\u0130D\u00a0i\u00e7in verdi\u011fimiz e\u011fitimi h\u0131zland\u0131rd\u0131k\u201d dedikten sonra, ABD&#8217;den \u0131\u015f\u0131k h\u0131z\u0131yla d\u00fczeltme geldi&#8230; Biji Obama&#8217;n\u0131n dili s\u00fcr\u00e7m\u00fc\u015f&#8230;<\/p>\n<p>Karadeniz b\u00f6lgesinde biz s\u00f6z vard\u0131r: \u201c\u015ea\u015f\u0131ran do\u011frusu s\u00f6yler\u201d!..<\/p>\n<p>ABD Ba\u015fkan\u0131n\u0131n bilin\u00e7 alt\u0131 ortaya \u00e7\u0131km\u0131\u015ft\u0131r!<\/p>\n<p>***<\/p>\n<p>Emperyalist g\u00fc\u00e7lerin iyice \u015f\u0131martt\u0131\u011f\u0131\u00a0PKK, Suriye&#8217;nin Kuzeyinden sonra Cizre&#8217;yi de kanton\u00a0<a href=\"https:\/\/www.google.com\/url?q=http:\/\/fotibenlisoy.tumblr.com\/post\/95007966104\/rojava-ve-d%25C3%25BCnyada-kanton-sistemi&amp;sa=D&amp;usg=AFQjCNE1GCVcawd4oCewNpNrrZDb3sRDuA\" target=\"_blank\" rel=\"noopener noreferrer\">(1)<\/a>\u00a0ilan etti&#8230;<\/p>\n<p>HDP E\u015f Ba\u015fkan\u0131 Demirta\u015f; \u201cCizre T\u00fcrkiye&#8217;nin Kobani&#8217;sidir\u201d <a href=\"https:\/\/www.google.com\/url?q=http:\/\/www.ulusalkanal.com.tr\/gundem\/demirtas-cizre-turkiye-nin-kobanisi-dir-demisti-sonuc-cizre-teroristlerden-temizlendi-h74670.html&amp;sa=D&amp;usg=AFQjCNG_kRDSG2bkWASmhp8e1CxvX-Fhjw\" target=\"_blank\" rel=\"noopener noreferrer\">(2)<\/a>\u00a0dedi&#8230;<\/p>\n<p>Lam\u0131-cimi yok bu a\u00e7\u0131k\u00e7a bir \u201c\u00f6zerklik\u201d giri\u015fimidir!..<\/p>\n<p>Cizre olay\u0131, emperyalizmin T\u00fcrkiye topraklar\u0131 \u00fczerindeki plan\u0131n\u0131\u00a0a\u00e7\u0131k se\u00e7ik ortaya koymaktad\u0131r.<\/p>\n<p>ABD&#8217;nin kara g\u00fcc\u00fc\u00a0olarak g\u00f6rev yapan PKK&#8217;n\u0131n siyasi uzant\u0131s\u0131 HDP&#8217;ye, baraj atlatarak AKP&#8217;yi iktidardan d\u00fc\u015f\u00fcrme\u00a0hayali kuranlar, fena halde duvara toslad\u0131lar!.<\/p>\n<p>Milli olmayan\u00a0g\u00fc\u00e7leri (HDP&#8217;yi ve Cemaat&#8217;i) destekleyerek, Erdo\u011fan&#8217;dan kurtulaca\u011f\u0131n\u0131 sanan \u015fa\u015fk\u0131nlar\u0131, bug\u00fcnlerde elin bilmem nesi ile gerde\u011fe giren damada benzetiyorlar!..<\/p>\n<p>***<\/p>\n<p>Erdo\u011fan, aldat\u0131la aldat\u0131la Cumhurba\u015fkanl\u0131\u011f\u0131na kadar geldi!..<\/p>\n<p>Bu bir T\u00fcrkiye ger\u00e7e\u011fidir&#8230;<\/p>\n<p>\u201cAldat\u0131lma\u201d sermayesi hala t\u00fckenmeyen AKP&#8217;liler, \u015fimdi de PKK&#8217;n\u0131n kendilerini aldatt\u0131\u011f\u0131n\u0131 ileri s\u00fcrerek, yeniden ma\u011fduriyet edebiyat\u0131na sar\u0131ld\u0131lar&#8230;<\/p>\n<p>Demek ki bu y\u00f6ntem hala i\u015fe yar\u0131yor&#8230;<\/p>\n<p>Erdo\u011fan, s\u00fcrekli aldat\u0131ld\u0131\u011f\u0131 i\u00e7in 400 milletvekilini hak ediyor galiba!<\/p>\n<p>Hazretin tek ba\u015f\u0131na iktidar olmas\u0131 \u015fart!..<\/p>\n<p>T\u00fcrk halk\u0131 i\u00e7in en iyi se\u00e7imin; en kolay ve en \u00e7ok aldat\u0131lan\u0131\u00a0se\u00e7mek\u00a0oldu\u011fu art\u0131k tescillenmi\u015ftir&#8230;<\/p>\n<p>Bu nedenle en \u015fansl\u0131 Erdo\u011fan g\u00f6z\u00fck\u00fcyor!..<\/p>\n<p>***<\/p>\n<p>\u0130kinci Cumhuriyet\u00e7i ve liberal solcular\u0131n durumu ise olduk\u00e7a vahimdir!<\/p>\n<p>Onlara da bir \u015feyler vermek gerekiyor!..<\/p>\n<p>Yaralar\u0131 pek a\u011f\u0131rd\u0131r&#8230;<\/p>\n<p>Baraj\u0131 ge\u00e7meleri ve Meclis&#8217;e girmeleri halinde, analar\u0131 a\u011flatmayacaklar\u0131 s\u00f6z\u00fcn\u00fc veren PKK, onlar\u0131 fena aldatm\u0131\u015ft\u0131r!..<\/p>\n<p>\u201c\u00c7at\u0131\u015fmas\u0131zl\u0131k hali bitti\u201d diyerek, 11 Temmuz&#8217;da askerlerimize sald\u0131rd\u0131&#8230;<\/p>\n<p>2\u00a0ayda 112\u00a0\u015fehit anas\u0131n\u0131 a\u011flatt\u0131lar&#8230;<\/p>\n<p>O arada, Dolmabah\u00e7e bulu\u015fmas\u0131na kadar (1 Ocak 2013-28 \u015eubat 2015) PKK taraf\u0131ndan 13 akserimiz \u015fehit edilmi\u015f,\u00a090 askerimiz yaralanm\u0131\u015ft\u0131&#8230;<\/p>\n<p>A\u00e7\u0131l\u0131m s\u00fcrs\u00fcn diye bu haberler kamuoyuna yans\u0131t\u0131lmam\u0131\u015ft\u0131!..<\/p>\n<p>Bu k\u00f6t\u00fc sonu\u00e7ta, HDP&#8217;ye emanet oy\u00a0verenlerin de a\u011f\u0131r sorumlulu\u011fu var!<\/p>\n<p>Tarih boyunca \u201ctaklit\u00e7i sol\u201dun kaderi hep kullan\u0131lmak\u00a0olmu\u015ftur.<\/p>\n<p>Kullan\u0131lm\u0131\u015f olman\u0131n zirvesi, san\u0131r\u0131m bu aldat\u0131lma olay\u0131 ile kay\u0131tlara ge\u00e7ecektir!..<\/p>\n<p>***<\/p>\n<p>Sonunda Erdo\u011fan&#8217;a \u201cSeni ba\u015fkan se\u00e7tirmeyece\u011fiz\u201d diyerek, se\u00e7mene sempatik g\u00f6r\u00fcnen Selahattin&#8217;e, PKK&#8217;n\u0131n \u201ckanton\u201d\u00a0ilan etti\u011fi Cizre&#8217;de olduk\u00e7a a\u011f\u0131r bir Osmanl\u0131 tokat\u0131 indirildi&#8230;<\/p>\n<p>Bug\u00fcnden itibaren Cizre&#8217;de soka\u011fa \u00e7\u0131k\u0131labilir&#8230;<\/p>\n<p>Se\u00e7im h\u00fck\u00fcmetinde g\u00f6rev alan iki K\u00fcrt bakan\u0131n\u0131 yan\u0131na al\u0131p, soka\u011fa \u00e7\u0131kma yasa\u011f\u0131 ilan edilen Cizre&#8217;ye girmeye \u00e7al\u0131\u015fan Demirta\u015f, ger\u00e7ek d\u00fc\u015f\u00fcncesinin Erdo\u011fan&#8217;dan kurtulmak de\u011fil, T\u00fcrkiye&#8217;nin G\u00fcneydo\u011fusunu T\u00fcrkiye&#8217;den koparmak\u00a0oldu\u011funu bir kez daha belli etmi\u015ftir&#8230;<\/p>\n<p>Demirta\u015f&#8217;\u0131n a\u00e7\u0131klamalar\u0131na paralel bir a\u00e7\u0131klama, Cizre Belediye Ba\u015fkan\u0131 Leyla \u0130mret&#8217;ten geldi.<\/p>\n<p>\u201cT\u00fcrkiye&#8217;de bir i\u00e7 sava\u015f\u00a0y\u00fcr\u00fctt\u00fc\u011f\u00fcm\u00fcz\u00fc s\u00f6yleyebiliriz\u201d diyen \u0130mret, \u201cBar\u0131\u015f olacaksa Cizre&#8217;den ba\u015flayacak ve sava\u015f da olacaksa Cizre&#8217;den ba\u015flayacakt\u0131r\u201d ifadelerini kullanarak, HDP&#8217;nin ger\u00e7ek niyetinin i\u00e7 sava\u015f \u00e7\u0131kartmak oldu\u011funu s\u00f6ylemekten \u00e7ekinmedi&#8230;<\/p>\n<p>PKK, i\u00e7 sava\u015f \u00e7\u0131kartmak i\u00e7in her t\u00fcrl\u00fc provokasyonu yap\u0131yor!..<\/p>\n<p>Selahattin Efendi, sanki K\u00fcrt esnaf\u0131n d\u00fckkanlar\u0131na sald\u0131ranlar T\u00fcrk esnaflarm\u0131\u015f gibi, K\u0131r\u015fehir&#8217;de d\u00fckkanlar\u0131 sald\u0131r\u0131ya u\u011frayan K\u00fcrt esnafa, so\u011fukkanl\u0131l\u0131k tavsiye etme yerine,\u201cOnlar\u0131n d\u00fckkanlar\u0131n\u0131 da yak\u0131p y\u0131kmak sizin hakk\u0131n\u0131zd\u0131r\u201d diyecek kadar kendilerini kaybetmi\u015ftir&#8230;<\/p>\n<p>Demirta\u015f, \u201cCizre yanarken Bodrum&#8217;daki mutlu olabilir mi?\u201d s\u00f6zleri ile de\u00a077\u00a0milyonu tehdit etmektedir!<\/p>\n<p>\u201cZannediyor musunuz Bodrum, Cizre&#8217;ye \u00e7ok uzakt\u0131r\u201d diyerek,\u00e7ekinmeden, ter\u00f6r\u00fc Bat\u0131&#8217;ya\u00a0ta\u015f\u0131yacaklar\u0131n\u0131 s\u00f6yleyebiliyor&#8230;<\/p>\n<p>HDP&#8217;nin kapat\u0131lma ko\u015fullar\u0131 fazlas\u0131yla ger\u00e7ekle\u015fmi\u015ftir&#8230;.<\/p>\n<p>***<\/p>\n<p>Bu arada Avrupa Konseyi \u0130nsan Haklar\u0131 Komiseri Nils Muiznieks, soka\u011fa \u00e7\u0131kma yasa\u011f\u0131 uygulanan Cizre&#8217;ye, \u201cba\u011f\u0131ms\u0131z g\u00f6zlemciler\u201din girmesini istedi&#8230;<\/p>\n<p>Yollara d\u00f6\u015fenen ve \u00fcst\u00fc asvaltla kaplanan bombalar hakk\u0131nda hi\u00e7bir \u015fey s\u00f6ylemedi&#8230;<\/p>\n<p>Pusuya d\u00fc\u015f\u00fcr\u00fclen asker ve polislerin ya\u015fam hakk\u0131 da onlar\u0131 ilgilendirmiyor&#8230;<\/p>\n<p>Avrupa Birli\u011fi bu konularda, sa\u011f\u0131r ve dilsizleri oynuyor!..<\/p>\n<p>PKK&#8217;n\u0131n T\u00fcrkiye&#8217;de yaratmaya \u00e7al\u0131\u015ft\u0131\u011f\u0131 yeni kanton Cizre&#8217;ye, ABD gibi AB&#8217;den de tam destek geliyor&#8230;<\/p>\n<p>Belediye hoparl\u00f6r\u00fcnden \u201c\u00d6z y\u00f6netim\u201d ilan\u0131yla ba\u015flayan ve 9\u00a0g\u00fcn s\u00fcren operasyon sonunda bitirilen \u201c\u00f6zerklik\u201d hayaline, a\u011f\u0131r darbe indirilmi\u015ftir&#8230;<\/p>\n<p>G\u00fcvenlik kuvvetlerini tebrik ederiz&#8230;<\/p>\n<p>Umar\u0131z ki, bu operasyonlar K\u00fcrtlerin ve destek\u00e7ilerinin r\u00fcyadan uyanmalar\u0131n\u0131 sa\u011flamaya yeterlidir!..<\/p>\n<p>***<\/p>\n<p>7 Haziran se\u00e7imleri ile PKK saflar\u0131nda i\u015fba\u015f\u0131\u00a0yapan sahte solculara, yapt\u0131klar\u0131 bu fahi\u015f hatadan d\u00f6nme\u00a0olana\u011f\u0131 1 Kas\u0131m\u00a0se\u00e7imleri ile do\u011fmu\u015ftur&#8230;<\/p>\n<p>Bu defa bu f\u0131rsat\u0131 kullanamayanlar\u0131, d\u00fc\u015fman saflar\u0131nda \u00e7arp\u0131\u015fan \u201cparal\u0131 askerler\u201d\u00a0gibi g\u00f6stermek, hi\u00e7bir \u015fekilde haks\u0131zl\u0131k olarak de\u011ferlendirilemez&#8230;<\/p>\n<p>1 Kas\u0131m&#8217;da; CHP, Vatan Partisi ve di\u011fer yurtseverlerin yapaca\u011f\u0131\u00a0\u201cg\u00fc\u00e7 birli\u011fi\u201dnin yarataca\u011f\u0131 sinerji, oy kullanmayan k\u00fcsk\u00fcnleri de sand\u0131\u011fa \u00e7ekebilir.<\/p>\n<p>Bu umut verici geli\u015fme kesinlikle desteklenmelidir&#8230;<\/p>\n<p>CHP ve Vatan Partili olmayanlar\u0131n, g\u00fc\u00e7 birli\u011fine verece\u011fi destek, hi\u00e7bir \u015fekilde bo\u015fa gitmeyecektir.<\/p>\n<p>G\u00fc\u00e7 birli\u011fi adaylar\u0131n\u0131n elde edece\u011fi ba\u015far\u0131, emperyalistlerin mevzi kaybetmeleri ile sonu\u00e7lanacakt\u0131r.<\/p>\n<p>Ba\u015fka t\u00fcrl\u00fc AKP iktidar\u0131ndan kurtulmak m\u00fcmk\u00fcn g\u00f6r\u00fclmemektedir.<\/p>\n<p>***<\/p>\n<p>6 Ok&#8217;ta birle\u015fip, Aslanl\u0131 Yol&#8217;da y\u00fcr\u00fcmek,T\u00fcrkiye&#8217;nin ikinci kurtulu\u015funa giden yolun kilometre ta\u015f\u0131d\u0131r ve ba\u015flang\u0131\u00e7 olarak son derece \u00f6nemlidir&#8230;<\/p>\n<p>Cemil Can<\/p>\n<p>D\u0130PNOTLAR:<\/p>\n<p>(1) Kanton nedir?<\/p>\n<p><a href=\"https:\/\/www.google.com\/url?q=http:\/\/fotibenlisoy.tumblr.com\/post\/95007966104\/rojava-ve-d%25C3%25BCnyada-kanton-sistemi&amp;sa=D&amp;usg=AFQjCNE1GCVcawd4oCewNpNrrZDb3sRDuA\" target=\"_blank\" rel=\"noopener noreferrer\">http:\/\/fotibenlisoy.tumblr.com\/\u2026\/rojava-ve-d%C3%BCnyada-kan\u2026<\/a><\/p>\n<p>(2) Cizre T\u00fcrkiye&#8217;nin Kobani&#8217;sidir:<\/p>\n<p><a href=\"https:\/\/www.google.com\/url?q=http:\/\/www.ulusalkanal.com.tr\/gundem\/demirtas-cizre-turkiye-nin-kobanisi-dir-demisti-sonuc-cizre-teroristlerden-temizlendi-h74670.html&amp;sa=D&amp;usg=AFQjCNG_kRDSG2bkWASmhp8e1CxvX-Fhjw\" target=\"_blank\" rel=\"noopener noreferrer\">http:\/\/www.ulusalkanal.com.tr\/\u2026\/demirtas-cizre-turkiye-nin-\u2026<\/a><\/p>\n<p><strong>PKK YANINDA BOZGUNA U\u011eRAYANLAR!.<\/strong>.<\/p>\n<p>Mehmet Galip Ensario\u011flu; Diyabak\u0131r&#8217;da g\u0131da toptanc\u0131l\u0131\u011f\u0131 yaparken ke\u015ffedilmi\u015f ve AKP&#8217;den 24. d\u00f6nem milletvekili se\u00e7ilmi\u015ftir.<\/p>\n<p>Hazret, milletvekilli\u011fi s\u00fcresince; bir tek kanun teklifi vermemi\u015ftir. Sadece arkada\u015flar\u0131n\u0131n haz\u0131rlad\u0131\u011f\u0131 Anayasa de\u011fi\u015fikli\u011fi hakk\u0131ndaki 4 kanun teklifinde imzas\u0131 vard\u0131r. Bir tek s\u00f6zl\u00fc-yaz\u0131l\u0131 soru \u00f6nergeni bulunmamaktad\u0131r. \u0130ktidar milletvekili oldu\u011fu i\u00e7in gensoru \u00f6nergesi vermesi beklenemez zaten. Genel g\u00f6r\u00fc\u015fme ve soru\u015fturma \u00f6nergeleri de yoktur. Yani Meclisin hi\u00e7bir konuda soru\u015fturma ve ara\u015ft\u0131rma yapmas\u0131n\u0131 istememi\u015ftir. Yaln\u0131z arkada\u015flar\u0131n\u0131n \u00e7e\u015fitli konularda verdi\u011fi 3 meclis ara\u015ft\u0131rma \u00f6nergesinde imzas\u0131 bulunmaktad\u0131r. Toplam 7 kez de genel kurulda konu\u015fmu\u015ftur&#8230;<\/p>\n<p>Yasama faaliyetleri bu kadard\u0131r yani&#8230;<\/p>\n<p>Lakin, Erdo\u011fan kendisinden hayli memnundur.<\/p>\n<p>Bu y\u00fczden 1 Kas\u0131m&#8217;da yap\u0131lacak olan erken se\u00e7imde; yeniden AKP&#8217;nin Diyarbak\u0131r 1. s\u0131radaki milletvekili aday\u0131 g\u00f6sterilmi\u015ftir.<\/p>\n<p>S\u0131k s\u0131k yanda\u015f kanallara \u00e7\u0131kar ve \u201c\u00c7\u00f6z\u00fcm s\u00fcreci\u201d konusunda, AKP&#8217;nin g\u00f6r\u00fc\u015flerini aktar\u0131r.<\/p>\n<p>12 Ey\u00fcl g\u00fcn\u00fc yap\u0131lan AKP Kongresinde MKYK \u00fcyeli\u011fine de se\u00e7ilen Galip Ensario\u011flu, \u015fimdi konu\u015fmalar\u0131 ile AKP&#8217;yi ba\u011flar bir noktadad\u0131r: \u201cPKK \u00fclke d\u0131\u015f\u0131na \u00e7\u0131kacakt\u0131, \u00e7\u0131kmad\u0131. 100&#8217;\u00fcn \u00fczerinde sald\u0131r\u0131lar\u0131 oldu. B\u00fct\u00fcn b\u00f6lgeyi, i\u015fadamlar\u0131n\u0131 haraca ba\u011flad\u0131, vergi daireleri kurdu, asay\u0131\u015f birimleri kurdu. \u00c7\u00f6z\u00fcm s\u00fcrecinde b\u00f6lgede paralel devlet gibi yap\u0131land\u0131. H\u00fck\u00fcmet defalarca yasa \u00e7\u0131kard\u0131, operasyonlar\u0131 durdurdu\u201d dedi&#8230;<\/p>\n<p>\u201c\u00c7\u00f6z\u00fcm s\u00fcreci\u201d olarak T\u00fcrk halk\u0131na dayat\u0131lan program\u0131n ne oldu\u011funu en iyi o tarif etmi\u015ftir&#8230;<\/p>\n<p>Ensario\u011flu, AKP&#8217;nin Diyarbak\u0131r&#8217;daki vazge\u00e7ilmezidir.<\/p>\n<p>Bu y\u00fczden s\u00f6ylediklerine biz de inan\u0131yoruz&#8230;<\/p>\n<p>\u201c\u00c7\u00f6z\u00fcm s\u00fcreci\u201d ile ilgili olarak konu\u015fan Cumhurba\u015fkan\u0131 Recep Tayyip Erdo\u011fan: \u201c \u00c7\u00f6z\u00fcm s\u00fcreci \u015fu anda dolapta. Geli\u015fmeler bunu g\u00f6sterecek. Olumlu geli\u015fmeleri yakalad\u0131\u011f\u0131m\u0131z zaman kald\u0131\u011f\u0131 yerden neden devam etmesin\u201d diyor&#8230;<\/p>\n<p>Erdo\u011fan, PKK&#8217;l\u0131lara se\u00e7im s\u00fcresince ak\u0131ll\u0131 olursan\u0131z, s\u00fcreci devam ettirebiliriz diyerek, mavi boncuk da\u011f\u0131t\u0131yor&#8230;<\/p>\n<p>K\u00f6pr\u00fclerin alt\u0131ndan \u00e7ok sular akm\u0131\u015ft\u0131r!..<\/p>\n<p>Geri d\u00f6n\u00fc\u015f imkans\u0131zd\u0131r art\u0131k&#8230;<\/p>\n<p>Bu arada eski D\u0131\u015fi\u015fleri Bakan\u0131 Mevl\u00fct \u00c7avu\u015fo\u011flu, Suriye&#8217;deki ter\u00f6r \u00f6rg\u00fctlerine g\u00f6nderilen silahlar\u0131n PKK eline ge\u00e7ti\u011fini do\u011frulad\u0131&#8230;<\/p>\n<p>S\u00fcrecin ne oldu\u011funu bilmeyen kalmam\u0131\u015f olmal\u0131d\u0131r!..<\/p>\n<p>Gelelim ABD Merkez Kuvvetler Komutanl\u0131\u011f\u0131&#8217;n\u0131n a\u00e7\u0131klamas\u0131na: General Lloyd Austin, b\u00f6l\u00fcc\u00fc ter\u00f6r \u00f6rg\u00fct\u00fc PKK&#8217;n\u0131n Suriye&#8217;deki uzant\u0131s\u0131 YPG&#8217;ye destek verdiklerini a\u00e7\u0131klad\u0131ktan sonra, Amerikan Senatosu&#8217;nun Silahl\u0131 Kuvvetler Komitesi&#8217;nde sorulan soruyara yan\u0131t verdi. Austin, ABD \u00d6zel<\/p>\n<p>Kuvvetleri&#8217;nin YPG&#8217;ye yard\u0131mc\u0131 oldu\u011funu s\u00f6ylemi\u015ftir&#8230;<\/p>\n<p>Bu sohbete burada rahatl\u0131kla noktay\u0131 koyabiliriz.<\/p>\n<p>Ben devam edelim diyorum.<\/p>\n<p>Gelin \u015fimdi de PKK \u00fcst d\u00fczey y\u00f6neticilerinden Murat Karay\u0131lan&#8217;\u0131n telsiz konu\u015fmalar\u0131n\u0131 dinleyelim:<\/p>\n<p>Karay\u0131lan&#8217;\u0131n ele ge\u00e7irilen telsiz konu\u015fmalar\u0131nda; verdikleri kay\u0131plar\u0131n tahamm\u00fcl s\u0131n\u0131rlar\u0131n\u0131 a\u015ft\u0131\u011f\u0131n\u0131 belirterek, \u201cBu durum Cizre&#8217;de ve Y\u00fcksekova&#8217;da had safhaya \u00e7\u0131km\u0131\u015f; halk deste\u011fi yok denecek seviyeye inmi\u015ftir\u201d demi\u015ftir&#8230;<\/p>\n<p>Karay\u0131lan&#8217;\u0131n bu tespitleri, 24 Temmuz&#8217;dan bu yana TSK&#8217;nin neler yapt\u0131\u011f\u0131n\u0131 ortaya koymaktad\u0131r&#8230;<\/p>\n<p>B\u00f6yle zamanlarda tan\u0131\u011f\u0131 kar\u015f\u0131 taraftan se\u00e7mek, inand\u0131r\u0131c\u0131l\u0131k bak\u0131m\u0131ndan daha iyidir!..<\/p>\n<p>10 Eyl\u00fcl&#8217;deki hava harekat\u0131n\u0131 \u201cO b\u00f6lgede unsurlar\u0131m\u0131z var\u201d diyerek durdurmak isteyen ABD&#8217;yi TSK on dakikadan fazla dinlemedi!..<\/p>\n<p>PKK kamplar\u0131n\u0131n yan\u0131ba\u015f\u0131nda ABD&#8217;nin ne i\u015fi olabilirdi, de\u011fil mi?<\/p>\n<p>PKK&#8217;n\u0131n en b\u00fcy\u00fck cephaneli\u011finin vurulmas\u0131, okyanus \u00f6tesinde baya\u011f\u0131 bir \u015fa\u015fk\u0131nl\u0131k ve rahats\u0131zl\u0131k yaratt\u0131&#8230;<\/p>\n<p>Bu durum \u00fczerine Karay\u0131lan:\u201d Civardaki di\u011fer kamplar\u0131m\u0131z da dahil 600-700 ki\u015fiyle durumu idare etmeye \u00e7al\u0131\u015f\u0131yoruz. Lojistik ve m\u00fchimmat\u0131m\u0131z yok denecek seviyede. \u0130\u00e7imizde hainler de var ki bug\u00fcne kadar tespit edilemeyen \u00e7ok korunakl\u0131 depolar\u0131m\u0131z, cephaneliklerimiz TC u\u00e7aklar\u0131 taraf\u0131ndan imha edildi. \u00c7ok say\u0131da kay\u0131p verdik. Suriye&#8217;deki g\u00fc\u00e7leri geri \u00e7a\u011f\u0131rmak zorunday\u0131z. T\u00fcrkiye k\u0131rsal\u0131nda da yeti\u015fmi\u015f sava\u015f\u00e7\u0131lar\u0131m\u0131z yok. Tunceli&#8217;de a\u011f\u0131r kay\u0131p verdik, telafimiz zor\u201d dedi&#8230;<\/p>\n<p>Ter\u00f6r\u00fc silahl\u0131 m\u00fccadele ile bitirmenin imkans\u0131z oldu\u011funu 30 y\u0131lda \u00f6\u011frendik yalan\u0131na inanan saflara, bu meseleyi ba\u015fka nas\u0131l anlatabiliriz bilemiyorum!..<\/p>\n<p>T\u00fcm bu ger\u00e7eklere ra\u011fmen, ABD ile T\u00fcrkiye aras\u0131nda k\u0131yas\u0131ya ya\u015fanmakta olan bu sava\u015f\u0131, Erdo\u011fan&#8217;\u0131n tek ba\u015f\u0131na iktidara gelebilmek i\u00e7in ba\u015flatt\u0131\u011f\u0131n\u0131 savunmak ve \u201cSaray sava\u015f\u0131\u201d \u015feklinde adland\u0131r\u0131p k\u00fc\u00e7\u00fcmsemek, aymazl\u0131ktan ba\u015fka bir \u015fey olamaz&#8230;<\/p>\n<p>S\u00f6ylemeye dilim varm\u0131yor ama, b\u00f6yle devam ederlerse, bu aymazlar\u0131 \u201cPKK yan\u0131nda bozguna u\u011frayanlar\u201d olarak nitelendirece\u011fim&#8230;<\/p>\n<p>Dile kolay, 2 ayda 1196 ter\u00f6ristin etkisiz hale getirilmi\u015ftir&#8230;<\/p>\n<p>Her ter\u00f6ristin yapabilece\u011fi ortalama eylem say\u0131s\u0131 ile bu rakam\u0131 \u00e7arp\u0131n, bak\u0131n ortaya ne \u00e7\u0131k\u0131yor: Cehennem&#8230;<\/p>\n<p>Buldu\u011funuz rakam kadar eylemi, TSK \u00f6nlenmi\u015ftir&#8230;<\/p>\n<p>Cemil Can<\/p>\n<\/div>\n<\/div>\n","protected":false},"excerpt":{"rendered":"<p>\u0130lk bak\u0131\u015fta g\u00f6z\u00fcme \u00e7arpan ve CHP\u2019ye asla yak\u0131\u015fmayan c\u00fcmlelerin alt\u0131n\u0131 \u00e7izdim. Bu c\u00fcmlelerin \u00e7a\u011fr\u0131\u015ft\u0131rd\u0131klar\u0131n\u0131 da parantez i\u00e7erisinde altlar\u0131na yazd\u0131m&#8230; Ba\u015fl\u0131yoruz: Sayfa:19 \u201c 15 Temmuz darbesinin kaos ortam\u0131n\u0131 kullanan siyasi iktidar, 20 Temmuz darbesi ile birlikte temel hak ve \u00f6zg\u00fcrl\u00fckleri ask\u0131ya &hellip; <a href=\"https:\/\/www.chpuye.com\/?p=2440\">Okumaya devam et <span class=\"meta-nav\">&rarr;<\/span><\/a><\/p>\n","protected":false},"author":1,"featured_media":0,"comment_status":"closed","ping_status":"closed","sticky":false,"template":"","format":"gallery","meta":[],"categories":[2],"tags":[],"_links":{"self":[{"href":"https:\/\/www.chpuye.com\/index.php?rest_route=\/wp\/v2\/posts\/2440"}],"collection":[{"href":"https:\/\/www.chpuye.com\/index.php?rest_route=\/wp\/v2\/posts"}],"about":[{"href":"https:\/\/www.chpuye.com\/index.php?rest_route=\/wp\/v2\/types\/post"}],"author":[{"embeddable":true,"href":"https:\/\/www.chpuye.com\/index.php?rest_route=\/wp\/v2\/users\/1"}],"replies":[{"embeddable":true,"href":"https:\/\/www.chpuye.com\/index.php?rest_route=%2Fwp%2Fv2%2Fcomments&post=2440"}],"version-history":[{"count":1,"href":"https:\/\/www.chpuye.com\/index.php?rest_route=\/wp\/v2\/posts\/2440\/revisions"}],"predecessor-version":[{"id":2785,"href":"https:\/\/www.chpuye.com\/index.php?rest_route=\/wp\/v2\/posts\/2440\/revisions\/2785"}],"wp:attachment":[{"href":"https:\/\/www.chpuye.com\/index.php?rest_route=%2Fwp%2Fv2%2Fmedia&parent=2440"}],"wp:term":[{"taxonomy":"category","embeddable":true,"href":"https:\/\/www.chpuye.com\/index.php?rest_route=%2Fwp%2Fv2%2Fcategories&post=2440"},{"taxonomy":"post_tag","embeddable":true,"href":"https:\/\/www.chpuye.com\/index.php?rest_route=%2Fwp%2Fv2%2Ftags&post=2440"}],"curies":[{"name":"wp","href":"https:\/\/api.w.org\/{rel}","templated":true}]}}