{"id":2360,"date":"2015-06-14T10:43:58","date_gmt":"2015-06-14T07:43:58","guid":{"rendered":"http:\/\/www.chpuye.com\/?p=2360"},"modified":"2021-03-18T09:38:09","modified_gmt":"2021-03-18T09:38:09","slug":"chp-hukuk-disi-yonetiliyor-il-ve-ilce-yonetimleri-spk-na-gore-hukuk-disi-hale-gelmistir-uyeler-ne-yapmali","status":"publish","type":"post","link":"https:\/\/www.chpuye.com\/?p=2360","title":{"rendered":"CHP hukuk d\u0131\u015f\u0131 y\u00f6netiliyor. \u0130l ve ilce y\u00f6netimleri SPK na g\u00f6re hukuk d\u0131\u015f\u0131 hale gelmi\u015ftir. \u00dcyeler ne yapmal\u0131?"},"content":{"rendered":"<p class=\"ecxmsonormal\"><img decoding=\"async\" loading=\"lazy\" class=\"alignnone size-medium wp-image-7\" src=\"https:\/\/www.chpuye.com\/wp-content\/uploads\/2021\/03\/547-1--216x300.jpg\" alt=\"\" width=\"216\" height=\"300\" srcset=\"https:\/\/www.chpuye.com\/wp-content\/uploads\/2021\/03\/547-1--216x300.jpg 216w, https:\/\/www.chpuye.com\/wp-content\/uploads\/2021\/03\/547-1-.jpg 537w\" sizes=\"(max-width: 216px) 100vw, 216px\" \/><\/p>\n<p class=\"ecxmsonormal\">CHP&#8217;nin hukuktan yana \u00fcyelerine<\/p>\n<p class=\"ecxmsonormal\">Hak hukuk tan\u0131madan partiyi y\u00f6netenlerden kurtarmak m\u00fcmk\u00fcnd\u00fcr.\u00a0\u0130ste f\u0131rsat.<\/p>\n<p>Hukuksuzlu\u011fa g\u00f6z yummakta parti su\u00e7udur.<br \/>\nPartinin hukuk d\u0131\u015f\u0131 y\u00f6netilmesine g\u00f6z yumulamaz.<br \/>\nGenel ba\u015fkan dahil PM nin tamam\u0131, hukuk d\u0131\u015f\u0131 hale gelmi\u015f il ve ilce y\u00f6netimleri g\u00f6revlerinden uzakla\u015ft\u0131r\u0131lmal\u0131d\u0131r.<\/p>\n<p>Bunun tek yolu hukuk m\u00fccadelesi vermektir.<\/p>\n<p>Parti hukuk d\u0131\u015f\u0131 y\u00f6netildi\u011fi s\u00fcrece ulusumuzun umut ba\u011flad\u0131\u011f\u0131 parti olamaz.<br \/>\nBunu ancak CHP\u2019nin hukuka uygun y\u00f6netilmesini isteyen \u00fcyeleri yapar.<br \/>\nG\u00f6rev \u00fcyelerindir.<\/p>\n<p>Sevgi ve sayg\u0131lar\u0131mla<\/p>\n<p>CHP \u0130stanbul\u00a0 Ey\u00fcp il\u00e7esi \u00fcyesi<br \/>\nMazlum Vural<\/p>\n<p>14,6,15<br \/>\nNot: hukuk m\u00fccadelesinde \u00fcyelere destek olsun diye yollad\u0131\u011f\u0131m e- posta ektedir<\/p>\n<div dir=\"ltr\">\n<p class=\"ecxmsonormal\">From: mazlumvural@hotmail.com<br \/>\nTo: barobirlik@barobirlik.org.tr<br \/>\nSubject: CHPyi kurtarmak i\u00e7in hukuk m\u00fccadelesi vermenin tam s\u0131ras\u0131d\u0131r.<br \/>\nDate: Thu, 14 May 2015 18:50:39 +0000<br \/>\nSay\u0131n baro y\u00f6netim kurulu \u00fcyeleri.<\/p>\n<p class=\"ecxmsonormal\">CHP hukuk d\u0131\u015f\u0131 y\u00f6netiliyor. \u0130l ve ilce y\u00f6netimleri SPK na g\u00f6re hukuk d\u0131\u015f\u0131 hale gelmi\u015ftir. Hak hukuk tan\u0131madan partiyi y\u00f6netenlerden kurtarmak m\u00fcmk\u00fcnd\u00fcr.<\/p>\n<p class=\"ecxmsonormal\">Hukuk m\u00fccadelesinde \u00fcye olarak baronuzun deste\u011fini istedim. Bu g\u00fcne kadar \u00e7a\u011fr\u0131ma ses vermediniz. 7 haziran dan sonra\u00a0bu \u00e7a\u011fr\u0131m\u0131 <a href=\"http:\/\/www.chpuye.com\/\" target=\"_blank\" rel=\"noopener\">www.chpuye.com<\/a> adl\u0131 web sayfas\u0131nda \u00fcyelere, CHP\u2019nin hukuka ilkelerine uyan kadrolar taraf\u0131ndan y\u00f6netilmesini isteyen herkese yapaca\u011f\u0131m. CHP nin partili olmayanlar taraf\u0131ndan y\u00f6netilmesine 1 dakika daha g\u00f6z yumulamaz. G\u00f6rev \u00f6ncelikle biz \u00fcyelerindir.<br \/>\nCHP ulusun mal\u0131d\u0131r. Sahip \u00e7\u0131kmak herkesin g\u00f6revidir.<\/p>\n<p class=\"ecxmsonormal\">Hukuksuzluk varsa onunla m\u00fccadeleyi barolar ve hukuk adamlar\u0131 yapmal\u0131 yapanlara destek olmal\u0131d\u0131r.<\/p>\n<p class=\"ecxmsonormal\">CHP \u0130stanbul\u00a0 Ey\u00fcp il\u00e7esi \u00fcyesi<\/p>\n<p class=\"ecxmsonormal\">Mazlum Vural<\/p>\n<p class=\"ecxmsonormal\">17.5.2015<\/p>\n<div>\n<hr id=\"ecxstopSpelling\" \/>\n<p>From: mazlumvural@hotmail.com<br \/>\nTo: barobirlik@barobirlik.org.tr<br \/>\nSubject: \u00d6g\u00fctl\u00fc bir hukuk m\u00fccadelesi vermenin tam s\u0131ras\u0131d\u0131r.<br \/>\nDate: Thu, 26 Mar 2015 12:15:30 +0000<\/p>\n<div dir=\"ltr\">\n<p class=\"ecxMsoNormal\"><strong><span style=\"font-size: medium;\">\u00a0 \u00a0 \u00a0 \u00a0 \u00a0 \u00a0\u00a0\u00a0\u00a0\u00a0\u00a0\u00a0\u00a0\u00a0\u00a0\u00a0\u00a0\u00a0\u00a0\u00a0\u00a0\u00a0\u00a0\u00a0\u00a0\u00a0<\/span><span style=\"font-size: large;\">T\u00fcrkiye Barolar Birli\u011fi<\/span><\/strong><span style=\"font-size: large;\">\u00a0 <strong>Ba\u015fkanl\u0131\u011f\u0131na<\/strong><\/span><\/p>\n<p class=\"ecxMsoNormal\"><span lang=\"EN-GB\"><span style=\"font-size: medium;\">Hukuk m\u00fccadelesi her yerde yap\u0131l\u0131r.<\/span><\/span><\/p>\n<p class=\"ecxMsoBodyText\"><span lang=\"EN-GB\"><span style=\"font-size: medium;\">CHP hukuk d\u0131\u015f\u0131 y\u00f6netiliyor. Bu kadrolarla ikdidara gelse \u00fclkeyi de hukuka uymadan y\u00f6netecektir. CHP kimsenin insaf\u0131na b\u0131rak\u0131lamaz.<\/span><\/span><\/p>\n<p class=\"ecxMsoNormal\"><span lang=\"EN-GB\"><span style=\"font-size: medium;\">CHP T\u00fcrk milletinin mal\u0131d\u0131r. CHPyi hak hukuk tan\u0131madan y\u00f6netenlerden kurtarmak hepimizi g\u00f6revi olmal\u0131d\u0131r. Barolar birli\u011fi, il \u00f6rg\u00fctleri\u00a0 hukuktan yana b\u00fct\u00fcn \u00fcyeliri CHPyi hukuk tan\u0131mazlardan kurtarmakla g\u00f6rev almal\u0131d\u0131r.<\/span><\/span><\/p>\n<p class=\"ecxMsoNormal\"><span lang=\"EN-GB\"><span style=\"font-size: medium;\">\u00d6rg\u00fctl\u00fc bir hukuk m\u00fccadelesi vermenin tam s\u0131ras\u0131d\u0131r.<\/span><\/span><\/p>\n<p class=\"ecxMsoNormal\"><span lang=\"EN-GB\"><span style=\"font-size: medium;\">S<\/span><span style=\"font-size: small;\">iyasi partiler kanununa (SPK) g\u00f6re, Madde 14-\u00a0 <\/span><\/span><span style=\"font-size: small;\">\u00a0B\u00fcy\u00fck kongre parti t\u00fcz\u00fc\u011f\u00fcn\u00fcn g\u00f6sterece\u011fi s\u00fcreler i\u00e7erisinde toplan\u0131r. Bu s\u00fcre iki y\u0131ldan az \u00fc\u00e7 y\u0131ldan fazla olamaz<\/span><\/p>\n<p class=\"ecxMsoNormal\"><span style=\"font-size: small;\">Genel Ba\u015fkan\u00a0 Madde 15- Genel ba\u015fkan en \u00e7ok \u00fc\u00e7 y\u0131l i\u00e7in se\u00e7ilir<\/span><\/p>\n<p class=\"ecxMsoNormal\"><span style=\"font-size: small;\">\u0130l Te\u015fkilat\u0131\u00a0\u00a0\u00a0 Madde 19-\u00a0 \u0130l ba\u015fkan\u0131 en \u00e7ok \u00fc\u00e7 y\u0131l i\u00e7in se\u00e7ilir.<\/span><\/p>\n<p class=\"ecxMsoNormal\"><span style=\"font-size: small;\">\u0130l\u00e7e Te\u015fkilat\u0131\u00a0\u00a0 Madde 20-\u00a0 \u0130l\u00e7e ba\u015fkan\u0131 en \u00e7ok \u00fc\u00e7 y\u0131l i\u00e7in se\u00e7ilir.<\/span><\/p>\n<p class=\"ecxMsoNormal\"><span style=\"font-size: medium;\">\u0130lce, il ve genel merkez te\u015fkilatlar\u0131 partilerin ayr\u0131 birimleridir.<br \/>\n<\/span><\/p>\n<p class=\"ecxMsoNormal\"><span style=\"font-size: medium;\">CHP si t\u00fcz\u00fc\u011f\u00fcne g\u00f6re kongreler 2 y\u0131lda bir yap\u0131l\u0131r en fazlada bir\u00a0 y\u0131l uzat\u0131l\u0131r.\u00a0Madde-46, 47\u00a0<\/span><\/p>\n<p class=\"ecxMsoNormal\"><span style=\"font-size: medium;\">CHP Parti meclisi 23.6.2015 tarihinde 1 y\u0131l uzatma kar\u0131 ald\u0131. 34. ola\u011fan kongre 17-18 temmuz 2012 de yap\u0131ld\u0131\u011f\u0131 i\u00e7in hukuken yok h\u00fckm\u00fcnde olmaktan kurtuldu. Oysa\u00a0 il ve ilce kongreleri 2 y\u0131ll\u0131k s\u00fcreyi ge\u00e7mi\u015f hukuk d\u0131\u015f\u0131 hale gelmi\u015fti. Uzatma karar\u0131 tart\u0131\u015fmal\u0131 ge\u00e7erli olsa bile hukuki durumlar\u0131 sudur:<\/span><\/p>\n<h1><span style=\"font-size: medium;\">Ey\u00fcp ilce kongresi 29.3.2012 de yap\u0131ld\u0131.\u00a0 30.3.2015 de hukuk d\u0131\u015f\u0131 olacak<br \/>\n\u0130stanbul il\u00a0 kongresi 13.5.2012\u00a0 de yap\u0131ld\u0131.\u00a0 14.5.2015 de hukuk d\u0131\u015f\u0131 olacak<\/span><\/h1>\n<p class=\"ecxMsoNormal\"><span style=\"font-size: medium;\">1.5 2015 de \u0130stanbullun b\u00fct\u00fcn il\u00e7eleri hukuk d\u0131\u015f\u0131 olacak.<\/span><\/p>\n<p class=\"ecxMsoNormal\"><span style=\"font-size: medium;\">Ankara il kongresi 15.4.2012\u00a0\u00a0 de yap\u0131ld\u0131.\u00a0 16.4.2015 de hukuk d\u0131\u015f\u0131 olacak<\/span><\/p>\n<p class=\"ecxMsoNormal\"><span style=\"font-size: medium;\">1.4 2015 de Ankara\u2019n\u0131n b\u00fct\u00fcn il\u00e7eleri hukuk d\u0131\u015f\u0131 olacak.<\/span><\/p>\n<p class=\"ecxMsoNormal\"><span style=\"font-size: medium;\">\u0130zmir il kongresi\u00a0 05 Haziran 2012, de yap\u0131ld\u0131.<\/span><\/p>\n<p class=\"ecxMsoNormal\"><span style=\"font-size: medium;\">20.5 2015 de \u0130zmir\u2019in b\u00fct\u00fcn il\u00e7eleri hukuk d\u0131\u015f\u0131 olacak.<\/span><\/p>\n<p class=\"ecxMsoNormal\"><span style=\"font-size: medium;\">19.7.2015 tarihinde CHP genel ba\u015fkanl\u0131\u011f\u0131, PM de hukuk d\u0131\u015f\u0131 yok, h\u00fckm\u00fcnde olacak. Kongre yap\u0131lmazsa bas vuruldu\u011fu takdirde , sulh\u00a0 h\u00e2kimi, \u00fc\u00e7 \u00fcyeyi genel kurulu toplant\u0131ya \u00e7a\u011f\u0131rmakla g\u00f6revlendirir.<\/span><\/p>\n<p class=\"ecxMsoNormal\"><span style=\"font-size: medium;\"><b>Medeni kanun\u00a0 MADDE 75 Y\u00f6netim kurulu, genel kurulu toplant\u0131ya \u00e7a\u011f\u0131rmazsa; \u00fcyelerden birinin ba\u015fvurusu \u00fczerine, sulh\u00a0 h\u00e2kimi, \u00fc\u00e7 \u00fcyeyi genel kurulu toplant\u0131ya \u00e7a\u011f\u0131rmakla g\u00f6revlendirir. \u00a0der.<\/b><\/span><\/p>\n<p class=\"ecxMsoBodyText2\"><span style=\"font-size: medium;\">Se\u00e7imden \u00f6nce sulh\u00a0 h\u00e2kimli\u011fine verilecek dilek\u00e7elerle ilce y\u00f6netimlerine kay yum atanmal\u0131. Ola\u011fan kongre yapacaklar\u0131 i\u00e7in eski delegelerle kongre yap\u0131lmamal\u0131. Atanalar 1. hatta sonu mahalleler de yeni delege se\u00e7imlerini yaparlarsa\u00a0 30 g\u00fcnl\u00fck s\u00fcrenin sonunda kongreyi yapm\u0131\u015f olur, 1 hafta sonra il y\u00f6netimlerine kay yum atanmal\u0131 ki il\u00e7elerdeki secim s\u00fcreci hukuk d\u0131\u015f\u0131 y\u00f6netimlerin denetiminde yap\u0131lmas\u0131n. Bu yolla parti te\u015fkilatlar\u0131n\u0131n b\u00fcy\u00fck k\u0131sm\u0131 hukuk tan\u0131mayanlardan kurtar\u0131ld\u0131\u011f\u0131nda m\u00fccadele ba\u015far\u0131l\u0131 olacakt\u0131r. \u0130ste sizlere \u00f6nemli bir g\u00f6rev. Partimin \u00fcyesi olarak sizlerden yard\u0131m istiyorum.<\/span><\/p>\n<p class=\"ecxMsoBodyText2\"><span style=\"font-size: medium;\">Hukuk m\u00fccadelesinde elimden geleni yapaca\u011f\u0131m. CHPli \u00fcyelerin \u00e7o\u011funlu\u011fu da fiilen olmasa da g\u00f6n\u00fclleri sizinle olacakt\u0131r.<\/span><\/p>\n<p class=\"ecxMsoBodyText2\"><span style=\"font-size: medium;\">hukuk m\u00fccadelesinde ba\u015far\u0131lar dilerim.<\/span><\/p>\n<p class=\"ecxMsoBodyText2\"><span style=\"font-size: medium;\">Sevgi ve sayg\u0131lar\u0131mla<\/span><\/p>\n<p class=\"ecxMsoNormal\"><span style=\"font-size: medium;\">CHP \u0130stanbul\u00a0 Ey\u00fcp il\u00e7esi \u00fcyesi<\/span><\/p>\n<p class=\"ecxMsoNormal\"><span style=\"font-size: medium;\">Mazlum Vural<\/span><\/p>\n<p class=\"ecxMsoNormal\">A\u015fa\u011f\u0131da yorumlarda \u00f6rnek dilek\u00e7eler var. Her \u00fcye il ve ilcesi i\u00e7in dilek\u00e7e verebilir. \u00a0Her \u00fcye secim kurulundan alaca\u011f\u0131 en son yap\u0131lan kongre tarihini g\u00f6steren yaz\u0131 ile, hukuksuzlu\u011fun hukuk yolu ile d\u00fczeltilmesi i\u00e7in sulh hakimli\u011fine ba\u015fvurabilir. Hukuksuzlu\u011fu d\u00fczeltmenin bunun d\u0131\u015f\u0131nda bir yolu yoktur.\u00a0Hukuk&#8217;a uygun y\u00f6netilmesini sa\u011flamakla partiye sahip \u00e7\u0131k\u0131l\u0131r.<\/p>\n<\/div>\n<\/div>\n<\/div>\n","protected":false},"excerpt":{"rendered":"<p>CHP&#8217;nin hukuktan yana \u00fcyelerine Hak hukuk tan\u0131madan partiyi y\u00f6netenlerden kurtarmak m\u00fcmk\u00fcnd\u00fcr.\u00a0\u0130ste f\u0131rsat. Hukuksuzlu\u011fa g\u00f6z yummakta parti su\u00e7udur. Partinin hukuk d\u0131\u015f\u0131 y\u00f6netilmesine g\u00f6z yumulamaz. Genel ba\u015fkan dahil PM nin tamam\u0131, hukuk d\u0131\u015f\u0131 hale gelmi\u015f il ve ilce y\u00f6netimleri g\u00f6revlerinden uzakla\u015ft\u0131r\u0131lmal\u0131d\u0131r. Bunun &hellip; <a href=\"https:\/\/www.chpuye.com\/?p=2360\">Okumaya devam et <span class=\"meta-nav\">&rarr;<\/span><\/a><\/p>\n","protected":false},"author":1,"featured_media":0,"comment_status":"open","ping_status":"closed","sticky":false,"template":"","format":"gallery","meta":[],"categories":[14],"tags":[],"_links":{"self":[{"href":"https:\/\/www.chpuye.com\/index.php?rest_route=\/wp\/v2\/posts\/2360"}],"collection":[{"href":"https:\/\/www.chpuye.com\/index.php?rest_route=\/wp\/v2\/posts"}],"about":[{"href":"https:\/\/www.chpuye.com\/index.php?rest_route=\/wp\/v2\/types\/post"}],"author":[{"embeddable":true,"href":"https:\/\/www.chpuye.com\/index.php?rest_route=\/wp\/v2\/users\/1"}],"replies":[{"embeddable":true,"href":"https:\/\/www.chpuye.com\/index.php?rest_route=%2Fwp%2Fv2%2Fcomments&post=2360"}],"version-history":[{"count":1,"href":"https:\/\/www.chpuye.com\/index.php?rest_route=\/wp\/v2\/posts\/2360\/revisions"}],"predecessor-version":[{"id":2808,"href":"https:\/\/www.chpuye.com\/index.php?rest_route=\/wp\/v2\/posts\/2360\/revisions\/2808"}],"wp:attachment":[{"href":"https:\/\/www.chpuye.com\/index.php?rest_route=%2Fwp%2Fv2%2Fmedia&parent=2360"}],"wp:term":[{"taxonomy":"category","embeddable":true,"href":"https:\/\/www.chpuye.com\/index.php?rest_route=%2Fwp%2Fv2%2Fcategories&post=2360"},{"taxonomy":"post_tag","embeddable":true,"href":"https:\/\/www.chpuye.com\/index.php?rest_route=%2Fwp%2Fv2%2Ftags&post=2360"}],"curies":[{"name":"wp","href":"https:\/\/api.w.org\/{rel}","templated":true}]}}