{"id":1051,"date":"2012-03-01T11:49:18","date_gmt":"2012-03-01T11:49:18","guid":{"rendered":"http:\/\/www.chpuye.com\/?p=1051"},"modified":"2012-03-01T11:49:18","modified_gmt":"2012-03-01T11:49:18","slug":"kurt-kocayinca-kopeklerin-maskarasi-olurmus-sayin-sav-arenanin-disinda-y-chpnin-fotografini-turk-milletine-gostermelidir","status":"publish","type":"post","link":"https:\/\/www.chpuye.com\/?p=1051","title":{"rendered":"\u201cKurt kocay\u0131nca, k\u00f6peklerin maskaras\u0131 olurmu\u015f\u201d Say\u0131n Sav arenan\u0131n d\u0131\u015f\u0131nda. y-chp\u2019nin  Foto\u011fraf\u0131n\u0131 T\u00fcrk Milletine g\u00f6stermelidir."},"content":{"rendered":"<p>Say\u0131n genel sekreterim, T\u00fcrk Milletinin\u00a0 evlad\u0131 olarak b\u00fcy\u00fcklerime h\u00fcrmet te kusur etmek istemem. Ellerinizden \u00f6perim. Bunu kenara koyal\u0131m ki, ayn\u0131 haklara sahip \u00fcye olarak, sizi ve olanlar\u0131 sorgulayay\u0131m.<\/p>\n<p>Arenada \u00e7ekilen\u00a0 y-chp\u2019nin foto\u011fraf\u0131nda yoksunuz. Size sald\u0131r\u0131 buna kan\u0131t\u0131d\u0131r. Sahs\u0131n\u0131za yap\u0131lan hakaretlerin haddi hesab\u0131 yok.<br \/>\n22 may\u0131s 2010 da Foto\u011fraf\u0131 \u00e7ektiren ki\u015fiydiniz. Hatta Baykal\u2019a kaz\u0131k atmakla su\u00e7land\u0131n\u0131z. Hadi militan Baykalc\u0131lar\u0131 anlad\u0131k, peki, K\u0131l\u0131\u00e7daro\u011flu ve destek\u00e7ileri neden k\u00fcf\u00fcr ve hakaretler ediyor ?\u00a0 Y\u00fczs\u00fczl\u00fc\u011f\u00fcn bu kadar\u0131na da pes yani;<br \/>\nPartilileri haks\u0131zl\u0131klara kars\u0131 korumak her partilin g\u00f6revidir. Baykal\u2019\u0131 da sizi de koruyan yok. Asl\u0131nda\u00a0 sizin \u00fcst\u00fcn\u00fczden partiye sald\u0131r\u0131lar yap\u0131l\u0131yor. CHPli olmayanlardan da partiyi korumalar\u0131n\u0131 beklemek ahmakl\u0131k olur.<br \/>\nBaykal kibarca arena foto\u011fraf\u0131nda yer alm\u0131\u015ft\u0131r. Foto\u011fraf\u0131n arkas\u0131ndad\u0131r.<br \/>\nSiz neden bu foto\u011frafta yoksunuz. 3.11.2011 e kadar sizde ayn\u0131 foto\u011fraf\u0131n i\u00e7inde, izleyerek te yava\u015f yava\u015f d\u0131\u015f\u0131na itildiniz.<br \/>\nBaykalc\u0131lar,\u00a0 kar\u015f\u0131tlar\u0131, sol kanat\u00e7\u0131lar, partiden ayr\u0131l\u0131p yeniden gelenler nas\u0131l oluyor da el ele kol kolalar.<br \/>\nAdnan Keskin\u2019le Kamer Gen\u00e7 nas\u0131l oluyor da ayn\u0131 safta oluyor ?\u00a0<br \/>\nBaykal ve siz, T\u00fcz\u00fckte Atat\u00fcrk ve\u00a0 6 oka su katarak bu g\u00fcne kadar getirdiniz.<br \/>\nArena \u015fovla, t\u00fcz\u00fckten Atat\u00fcrk tamamen \u00e7\u0131kar\u0131ld\u0131. Sadece ismi ve 6 okun resmi kald\u0131. Buna itiraz\u0131n\u0131z olmayacak m\u0131?\u00a0 Buna i\u015fbirli\u011fi denmez mi?<br \/>\nG\u00fcmr\u00fck birli\u011fi anla\u015fmas\u0131na imza atanlar, ekonomik ba\u011f\u0131ms\u0131zl\u0131\u011f\u0131 korumay\u0131\u00a0 kald\u0131rd\u0131.<br \/>\nLibya teskeresiyle emperyalist hacl\u0131 ordusuyla\u00a0 i\u015fbirli\u011fi yapanlar bar\u0131\u015f\u0131 koruma maddesini kald\u0131rd\u0131. Bu maddeler programda da var. Suriye ye m\u00fcdahalede de i\u015fbirli\u011fi yapt\u0131klar\u0131 g\u00f6r\u00fclmektedir. Parti sucu islemeye devam ediyorlar.<br \/>\nBunlara g\u00f6z yumarak sizde parti sucu islediniz. Parti sucu isleyerek parti korunmaz, bunu en iyi bilen sizsiniz. A\u00e7\u0131k\u00e7a g\u00f6r\u00fclm\u00fc\u015ft\u00fcr.<br \/>\nPartinin \u00f6n\u00fcnden ge\u00e7memi\u015f, \u00fcye olmadan PM \u00fcyesi, vekil yap\u0131lanlar\u0131n isimlerini a\u00e7\u0131klad\u0131n\u0131z. CHPliler zaten biliyordu. Sayenizde toplam say\u0131y\u0131 \u00f6\u011frendik. Say\u0131 vererek genel laflarla sorumluluktan ka\u00e7amazs\u0131n\u0131z.<br \/>\nSiz\u00a0de hukuk d\u0131\u015f\u0131; CHP ile ilgili ki\u015fileri PM \u00fcyesi vekil yapt\u0131n\u0131z.<br \/>\nKaset komplosu ile g\u00f6reve gelen, PM ne darbe vuran\u00a0 hukuk mukuk dinler mi ?\u00a0 Baykal\u2019\u0131\u00a0 g\u00f6revden alan neden belli. Arkas\u0131nda \u00f6rg\u00fct varm\u0131\u015f.<br \/>\nPM ne darbe vurup sizleri g\u00f6revden alanlar da belli. Hala \u00f6rg\u00fct\u00fc g\u00f6remediniz mi?<br \/>\nPartili olmayan Batum\u2019a g\u00f6revi ben mi teslim ettim?\u00a0 \u0130stanbul da, Ankara da CHP olmayanlara bizler mi teslim ettik ?<br \/>\n\u0130\u015fbirli\u011fi yapman\u0131z, parti sucu islemeniz bunlar\u0131\u00a0 anlatman\u0131za engel.<br \/>\n\u00d6zele\u015ftiri yap\u0131n, kald\u0131r\u0131n perdeyi, CHPlilere T\u00fcrk Milletine ge\u00e7 olmadan her \u015feyi anlat\u0131n.<br \/>\nSadet partisinde de darbe yap\u0131ld\u0131. Darbecileri alk\u0131\u015flayanlar rahmetli Erbakan e etmedikleri k\u00fcf\u00fcr ve hakareti b\u0131rakmad\u0131. SPliler, partileri darbe yemesine ra\u011fmen, darbecileri partiden uzakla\u015ft\u0131rd\u0131. Sizler bunu ba\u015farmad\u0131n\u0131z. \u00c7ok hatal\u0131s\u0131n\u0131z.<br \/>\nErbakan \u00f6mr\u00fc yetti\u011fi kadar partililerine\u00a0 foto\u011fraf\u0131 anlatt\u0131. Sizde\u00a0 anlatmak, bizlere \u0131\u015f\u0131k tutmak zorundas\u0131n\u0131z. Bunu yapmazsan\u0131z, size af yok; Bilin ve b\u00fcy\u00fckl\u00fc\u011f\u00fcn\u00fcz\u00fc g\u00f6sterin.<br \/>\nPM ne darbe vuruldu, bask\u0131n kurultayla CHPliler parti y\u00f6netiminden tasfiye edildi. Aday olan PM \u00fcyeleri istifa etmedi ama il ve ilce y\u00f6neticileri istifa ettirildi. Hukuk d\u0131\u015f\u0131 binlerce partili g\u00f6revinden al\u0131nd\u0131. Su\u00e7lusunuz.<br \/>\nPartininim T\u00fcz\u00fc\u011f\u00fcn\u00fc bir kenara atm\u0131\u015f darbeci bir y\u00f6netim is bas\u0131nda,\u00a0 biraz yetkilerini k\u0131sal\u0131m diye t\u00fcz\u00fck de\u011fi\u015fikli\u011fi yapmaya kalk\u0131\u015f\u0131yorsunuz.<br \/>\nParti y\u00f6netiminin ta\u015feron dedikleri, anayasa sucu islemi\u015f parti iktidarda. Hal b\u00f6yle iken. Yeni anayasay\u0131 topluma kabul ettirmede i\u015fbirli\u011fi yap\u0131yor.<br \/>\nT\u00fcz\u00fck de\u011fi\u015fiklik \u00f6nerisinin darbeci y\u00f6netimin isine yarayaca\u011f\u0131n\u0131, \u00f6nce y\u00f6netim g\u00f6revden al\u0131nmal\u0131 demi\u015ftim. Bunu g\u00f6remeyecek kadar \u00f6ng\u00f6r\u00fcn\u00fcz yok muydu?<br \/>\nHaziranda da imza toplay\u0131p toplanan imzalar\u0131 yast\u0131k alt\u0131 yapm\u0131\u015ft\u0131n\u0131z. \u0130\u015fbirli\u011fidir.<br \/>\nSonu\u00e7 ortada, \u00f6nderlik edenler parti sucu islemi\u015f darbeci y\u00f6netimin i\u015fbirlik\u00e7ileridir. De\u011filiz mi diyorsunuz, yap\u0131n \u00f6zele\u015ftiri anlat\u0131n her \u015feyi, g\u00f6relim.<br \/>\nArenan\u0131n d\u0131\u015f\u0131nda bizimlesiniz. y-chp foto\u011fraf\u0131nda de\u011filsiniz. Ge\u00e7e\u011fi g\u00f6rmemiz i\u00e7in foto\u011fraf\u0131, \u00fcyelere T\u00fcrk Milletine anlatmak zorundas\u0131n\u0131z.<br \/>\nBu g\u00fcne kadar isledi\u011finiz parti su\u00e7lar\u0131ndan dolay\u0131 t\u00f6vbe edin. Bu size \u00f6zg\u00fcrce olup biteni bizlere anlatma f\u0131rsat\u0131 versin. Bu erdemli davran\u0131\u015f\u0131\u00a0 g\u00f6sterin ki, sizleri affedelim. Partinin nas\u0131l y-chp oldu\u011funu bilelim ki, il\u00a0 ve il\u00e7elerde operasyonu \u00f6nleyelim.<br \/>\nBir olal\u0131m diri olal\u0131m, her kim partinin hukukuna, ilkelerine uymaz de\u011fi\u015ftirip yerlerine parti sucu islememi\u015f CHPlileri getirelim.<\/p>\n<p>1.Karao\u011flan\u0131n filminin sonu 12 eyl\u00fcl umutsuzluk. \u0130n\u00f6n\u00fc Baykal filminin sonu DYP-RP iktidar\u0131, partini baraj alt\u0131nda kalmas\u0131yla son buldu. 2. Karao\u011flan filmin sonunda da AKP iktidar oldu. Filmleri ve sonlar\u0131n\u0131\u00a0 bizden daha iyi biliyorsunuz.\u00a0\u00a0<\/p>\n<p>Bu filmi, CHPlilere, T\u00fcrk Milletine bir daha izlettirmeyin. Filmin d\u0131\u015f\u0131nda bizimlesiniz. T\u00fcrk Milletine sar\u0131lmamak, olanlar\u0131\u00a0 g\u00f6r\u00fcp te uyarmamak partiye, T\u00fcrk Milletine en b\u00fcy\u00fck ihanettir. Bizimle oldu\u011funuzu biliyorum ellerinizden bir kez daha h\u00fcrmetle \u00f6p\u00fcyorum.sevgi ve sayg\u0131lar\u0131m\u0131 sunuyorum.<br \/>\nCHPliler, T\u00fcrk Milleti de, onlarla oldu\u011funuzu g\u00f6r\u00fcp bilmelidir.<br \/>\n01.03.2012 Mazlum Vural\u00a0 CHP \u0130stanbul\/Ey\u00fcp il\u00e7esi \u00fcyesi<\/p>\n","protected":false},"excerpt":{"rendered":"<p>Say\u0131n genel sekreterim, T\u00fcrk Milletinin\u00a0 evlad\u0131 olarak b\u00fcy\u00fcklerime h\u00fcrmet te kusur etmek istemem. Ellerinizden \u00f6perim. Bunu kenara koyal\u0131m ki, ayn\u0131 haklara sahip \u00fcye olarak, sizi ve olanlar\u0131 sorgulayay\u0131m. Arenada \u00e7ekilen\u00a0 y-chp\u2019nin foto\u011fraf\u0131nda yoksunuz. Size sald\u0131r\u0131 buna kan\u0131t\u0131d\u0131r. Sahs\u0131n\u0131za yap\u0131lan hakaretlerin &hellip; <a href=\"https:\/\/www.chpuye.com\/?p=1051\">Okumaya devam et <span class=\"meta-nav\">&rarr;<\/span><\/a><\/p>\n","protected":false},"author":1,"featured_media":0,"comment_status":"closed","ping_status":"open","sticky":false,"template":"","format":"gallery","meta":[],"categories":[7],"tags":[],"_links":{"self":[{"href":"https:\/\/www.chpuye.com\/index.php?rest_route=\/wp\/v2\/posts\/1051"}],"collection":[{"href":"https:\/\/www.chpuye.com\/index.php?rest_route=\/wp\/v2\/posts"}],"about":[{"href":"https:\/\/www.chpuye.com\/index.php?rest_route=\/wp\/v2\/types\/post"}],"author":[{"embeddable":true,"href":"https:\/\/www.chpuye.com\/index.php?rest_route=\/wp\/v2\/users\/1"}],"replies":[{"embeddable":true,"href":"https:\/\/www.chpuye.com\/index.php?rest_route=%2Fwp%2Fv2%2Fcomments&post=1051"}],"version-history":[{"count":0,"href":"https:\/\/www.chpuye.com\/index.php?rest_route=\/wp\/v2\/posts\/1051\/revisions"}],"wp:attachment":[{"href":"https:\/\/www.chpuye.com\/index.php?rest_route=%2Fwp%2Fv2%2Fmedia&parent=1051"}],"wp:term":[{"taxonomy":"category","embeddable":true,"href":"https:\/\/www.chpuye.com\/index.php?rest_route=%2Fwp%2Fv2%2Fcategories&post=1051"},{"taxonomy":"post_tag","embeddable":true,"href":"https:\/\/www.chpuye.com\/index.php?rest_route=%2Fwp%2Fv2%2Ftags&post=1051"}],"curies":[{"name":"wp","href":"https:\/\/api.w.org\/{rel}","templated":true}]}}